{"id":480589,"date":"2021-10-25T13:15:45","date_gmt":"2021-10-25T11:15:45","guid":{"rendered":"https:\/\/www.hashtag.al\/?p=480589"},"modified":"2021-10-25T13:18:20","modified_gmt":"2021-10-25T11:18:20","slug":"berlini-reagon-pas-paralajmerimit-te-erdoganit-per-debimin-e-diplomateve-jemi-te-shqetesuar-dhe-te-hutuar","status":"publish","type":"post","link":"https:\/\/www.hashtag.al\/index.php\/2021\/10\/25\/berlini-reagon-pas-paralajmerimit-te-erdoganit-per-debimin-e-diplomateve-jemi-te-shqetesuar-dhe-te-hutuar\/","title":{"rendered":"Berlini reagon pas paralajm\u00ebrimit t\u00eb Erdoganit p\u00ebr d\u00ebbimin e diplomat\u00ebve: Jemi t\u00eb shqet\u00ebsuar dhe t\u00eb hutuar","gt_translate_keys":[{"key":"rendered","format":"text"}]},"content":{"rendered":"<p><span style=\"color: #000000;\"><a href=\"https:\/\/www.hashtag.al\/wp-content\/uploads\/2021\/10\/Erdogan-Merkel.jpg\"><img loading=\"lazy\" decoding=\"async\" class=\"aligncenter size-full wp-image-480590\" src=\"https:\/\/www.hashtag.al\/wp-content\/uploads\/2021\/10\/Erdogan-Merkel.jpg\" alt=\"\" width=\"600\" height=\"339\" srcset=\"https:\/\/www.hashtag.al\/wp-content\/uploads\/2021\/10\/Erdogan-Merkel.jpg 600w, https:\/\/www.hashtag.al\/wp-content\/uploads\/2021\/10\/Erdogan-Merkel-300x170.jpg 300w\" sizes=\"auto, (max-width: 600px) 100vw, 600px\" \/><\/a><\/span><\/p>\n<p><span style=\"color: #000000;\">Gjermania thot\u00eb se nuk ka marr\u00eb asnj\u00eb urdh\u00ebr zyrtar d\u00ebbimi p\u00ebr ambasadorin e saj n\u00eb Turqi, por i ka pranuar me shqet\u00ebsim deklaratat e Presidentit turk Tayyip Erdogan.<\/span><\/p>\n<p><span style=\"color: #000000;\">N\u00eb nj\u00eb deklarat\u00eb p\u00ebr mediet, z\u00ebdh\u00ebn\u00ebsi i Ministris\u00eb s\u00eb Jashtme Steffen Seibert tha: <em>&#8220;Sigurisht q\u00eb ne kemi par\u00eb raportimet n\u00eb media t\u00eb deklaratave t\u00eb Presidentit Erdogan. Megjithat\u00eb, ne nuk mor\u00ebm asnj\u00eb njoftim zyrtar n\u00eb lidhje me d\u00ebbimet ose di\u00e7ka t\u00eb ngjashme gjat\u00eb fundjav\u00ebs.\u201d<\/em><\/span><\/p>\n<p><span style=\"color: #000000;\">Z\u00ebdh\u00ebn\u00ebsi sipas &#8220;Reuters&#8221; shtoi se nj\u00eb d\u00ebbim i till\u00eb do t\u00eb ishte n\u00eb kund\u00ebrshtim me thell\u00ebsin\u00eb dhe r\u00ebnd\u00ebsin\u00eb e lidhjeve dypal\u00ebshe midis Gjermanis\u00eb dhe Turqis\u00eb dhe se Gjermania ka qen\u00eb n\u00eb kontakt me partner\u00ebt n\u00eb Paris dhe Uashington gjat\u00eb fundjav\u00ebs.<\/span><\/p>\n<p><span style=\"color: #000000;\">Kujtojm\u00eb se presidenti turk Erdogan deklaroi se kishte urdh\u00ebruar q\u00eb t\u00eb d\u00ebrguarit e 10 aleat\u00ebve per\u00ebndimor\u00eb t\u00eb shpalleshin &#8216;persona non grata&#8217; pasi kishin k\u00ebrkuar lirimin nga burgu t\u00eb filantropit Osman Kavala, q\u00eb akuzohet p\u00ebr grusht shteti.<\/span><\/p>\n<p><span style=\"color: #000000;\">Ministria e Jashtme nuk e ka zbatuar ende udh\u00ebzimin e presidentit, i cili do t\u00eb niste p\u00ebr\u00e7arjen m\u00eb t\u00eb thell\u00eb me Per\u00ebndimin n\u00eb 19 vitet e pushtetit t\u00eb Erdoganit.<\/span><\/p>\n<p><span style=\"color: #000000;\">Z\u00ebdh\u00ebn\u00ebsi i qeveris\u00eb gjermane Steffen Seibert tha se Berlini ka par\u00eb deklaratat e Erdoganit me &#8220;<em>shqet\u00ebsim&#8221;.<\/em><\/span><\/p>\n<p><span style=\"color: #000000;\"><em>&#8220;Ne jemi t\u00eb shqet\u00ebsuar dhe t\u00eb hutuar nga komentet e b\u00ebra nga presidenti turk.&#8221;-<\/em> u tha gazetar\u00ebve z\u00ebdh\u00ebn\u00ebsi i qeveris\u00eb gjermane. <em>&#8220;Por si\u00e7 thash\u00eb, nuk ka ende nj\u00eb komunikim zyrtar nga pala turke. Duhet t\u00eb presim dhe t\u00eb shohim.&#8221;-<\/em> shtoi Seibert.<\/span><\/p>\n","protected":false,"gt_translate_keys":[{"key":"rendered","format":"html"}]},"excerpt":{"rendered":"<p>Gjermania thot\u00eb se nuk ka marr\u00eb asnj\u00eb urdh\u00ebr zyrtar d\u00ebbimi p\u00ebr ambasadorin e saj n\u00eb Turqi, por i ka pranuar me shqet\u00ebsim deklaratat e Presidentit turk Tayyip Erdogan. N\u00eb nj\u00eb deklarat\u00eb p\u00ebr mediet, z\u00ebdh\u00ebn\u00ebsi i Ministris\u00eb s\u00eb Jashtme Steffen Seibert tha: &#8220;Sigurisht q\u00eb ne kemi par\u00eb raportimet n\u00eb media t\u00eb deklaratave t\u00eb Presidentit Erdogan. Megjithat\u00eb, [&hellip;]<\/p>\n","protected":false,"gt_translate_keys":[{"key":"rendered","format":"html"}]},"author":30,"featured_media":480590,"comment_status":"closed","ping_status":"closed","sticky":false,"template":"","format":"standard","meta":{"footnotes":""},"categories":[65,13],"tags":[],"class_list":["post-480589","post","type-post","status-publish","format-standard","has-post-thumbnail","hentry","category-lajme","category-te-fundit"],"gt_translate_keys":[{"key":"link","format":"url"}],"_links":{"self":[{"href":"https:\/\/www.hashtag.al\/index.php\/wp-json\/wp\/v2\/posts\/480589","targetHints":{"allow":["GET"]}}],"collection":[{"href":"https:\/\/www.hashtag.al\/index.php\/wp-json\/wp\/v2\/posts"}],"about":[{"href":"https:\/\/www.hashtag.al\/index.php\/wp-json\/wp\/v2\/types\/post"}],"author":[{"embeddable":true,"href":"https:\/\/www.hashtag.al\/index.php\/wp-json\/wp\/v2\/users\/30"}],"replies":[{"embeddable":true,"href":"https:\/\/www.hashtag.al\/index.php\/wp-json\/wp\/v2\/comments?post=480589"}],"version-history":[{"count":0,"href":"https:\/\/www.hashtag.al\/index.php\/wp-json\/wp\/v2\/posts\/480589\/revisions"}],"wp:featuredmedia":[{"embeddable":true,"href":"https:\/\/www.hashtag.al\/index.php\/wp-json\/wp\/v2\/media\/480590"}],"wp:attachment":[{"href":"https:\/\/www.hashtag.al\/index.php\/wp-json\/wp\/v2\/media?parent=480589"}],"wp:term":[{"taxonomy":"category","embeddable":true,"href":"https:\/\/www.hashtag.al\/index.php\/wp-json\/wp\/v2\/categories?post=480589"},{"taxonomy":"post_tag","embeddable":true,"href":"https:\/\/www.hashtag.al\/index.php\/wp-json\/wp\/v2\/tags?post=480589"}],"curies":[{"name":"wp","href":"https:\/\/api.w.org\/{rel}","templated":true}]}}