{"id":480464,"date":"2021-10-24T20:36:34","date_gmt":"2021-10-24T18:36:34","guid":{"rendered":"https:\/\/www.hashtag.al\/?p=480464"},"modified":"2021-10-24T20:41:18","modified_gmt":"2021-10-24T18:41:18","slug":"ed-sheeran-konfirmohet-me-covid-19-do-mundohem-ti-jap-shfaqjet-nga-shtepia","status":"publish","type":"post","link":"https:\/\/www.hashtag.al\/index.php\/2021\/10\/24\/ed-sheeran-konfirmohet-me-covid-19-do-mundohem-ti-jap-shfaqjet-nga-shtepia\/","title":{"rendered":"Ed Sheeran konfirmohet me Covid-19: Do mundohem t&#8217;i jap shfaqjet nga sht\u00ebpia","gt_translate_keys":[{"key":"rendered","format":"text"}]},"content":{"rendered":"<p><span style=\"color: #000000;\"><a href=\"https:\/\/www.hashtag.al\/wp-content\/uploads\/2021\/10\/ed-sheeran.jpg\"><img loading=\"lazy\" decoding=\"async\" class=\"aligncenter size-full wp-image-480467\" src=\"https:\/\/www.hashtag.al\/wp-content\/uploads\/2021\/10\/ed-sheeran.jpg\" alt=\"\" width=\"1600\" height=\"900\" srcset=\"https:\/\/www.hashtag.al\/wp-content\/uploads\/2021\/10\/ed-sheeran.jpg 1600w, https:\/\/www.hashtag.al\/wp-content\/uploads\/2021\/10\/ed-sheeran-300x169.jpg 300w, https:\/\/www.hashtag.al\/wp-content\/uploads\/2021\/10\/ed-sheeran-768x432.jpg 768w, https:\/\/www.hashtag.al\/wp-content\/uploads\/2021\/10\/ed-sheeran-1024x576.jpg 1024w\" sizes=\"auto, (max-width: 1600px) 100vw, 1600px\" \/><\/a><\/span><\/p>\n<p><span style=\"color: #000000;\">Ed Sheeran thot\u00eb se po vet\u00ebizolohet pasi \u00ebsht\u00eb konfirmuar pozitiv me Covid-19.<\/span><\/p>\n<p><span style=\"color: #000000;\">K\u00ebng\u00ebtari ka publikuar nj\u00eb shkrim n\u00eb faqen e tij n\u00eb Instagram ku shprehet se do t\u00eb vazhdoj\u00eb t\u00eb jap\u00eb intervista dhe performancat e planifikuara nga sht\u00ebpia, por nuk do t\u00eb ket\u00eb mund\u00ebsi t\u00eb b\u00ebj\u00eb takime apo shfaqje t\u00eb tjera q\u00eb k\u00ebrkojn\u00eb q\u00eb ai t\u00eb l\u00ebr\u00eb sht\u00ebpin\u00eb.<\/span><\/p>\n<p><span style=\"color: #000000;\"><em>&#8220;I k\u00ebrkoj falje kujtdo q\u00eb kam zhg\u00ebnjyer, t\u00eb gjith\u00eb t\u00eb sigurt<\/em>.&#8221;- shkruan ai, citon <span style=\"color: #0000ff;\"><a style=\"color: #0000ff;\" href=\"https:\/\/www.bbc.com\/news\/uk-england-suffolk-59030967\">BBC<\/a><\/span>.<\/span><\/p>\n<p><span style=\"color: #000000;\">Jav\u00ebn e kaluar ai performoi n\u00eb Lond\u00ebr si pjes\u00eb e \u00e7mimeve inauguruese \u201cEarthshot Prize\u201d, t\u00eb organizuar nga Duka dhe Dukesha e Kembrixhit.<\/span><\/p>\n<div style=\"width: 640px;\" class=\"wp-video\"><video class=\"wp-video-shortcode\" id=\"video-480464-1\" width=\"640\" height=\"640\" preload=\"metadata\" controls=\"controls\"><source type=\"video\/mp4\" src=\"https:\/\/www.hashtag.al\/wp-content\/uploads\/2021\/10\/ED.mp4?_=1\" \/><a href=\"https:\/\/www.hashtag.al\/wp-content\/uploads\/2021\/10\/ED.mp4\">https:\/\/www.hashtag.al\/wp-content\/uploads\/2021\/10\/ED.mp4<\/a><\/video><\/div>\n<p><span style=\"color: #000000;\">N\u00eb postimin e tij, Sheeran tha: <em>&#8220;Hej djema, sh\u00ebnim i shpejt\u00eb p\u00ebr t&#8217;ju th\u00ebn\u00eb se fatkeq\u00ebsisht kam rezultuar pozitiv me Covid, k\u00ebshtu q\u00eb tani jam duke u izoluar dhe duke ndjekur udh\u00ebzimet e qeveris\u00eb.<\/em><\/span><\/p>\n<p><span style=\"color: #000000;\"><em>Kjo do t\u00eb thot\u00eb q\u00eb tani nuk jam n\u00eb gjendje t\u00eb b\u00ebj p\u00ebrpara me ndonj\u00eb angazhim personal, k\u00ebshtu q\u00eb do t\u00eb b\u00ebj sa m\u00eb shum\u00eb nga intervistat\/performanca t\u00eb planifikuara nga sht\u00ebpia ime.&#8221;<\/em><\/span><\/p>\n<p><span style=\"color: #000000;\">Kujtojm\u00eb se albumi i tij i ri, pritet t\u00eb dal\u00eb t\u00eb Premten.<\/span><\/p>\n<blockquote class=\"instagram-media\" style=\"background: #FFF; border: 0; border-radius: 3px; box-shadow: 0 0 1px 0 rgba(0,0,0,0.5),0 1px 10px 0 rgba(0,0,0,0.15); margin: 1px; max-width: 540px; min-width: 326px; padding: 0; width: calc(100% - 2px);\" data-instgrm-captioned=\"\" data-instgrm-permalink=\"https:\/\/www.instagram.com\/p\/CVar2LAIeVf\/?utm_source=ig_embed&amp;utm_campaign=loading\" data-instgrm-version=\"14\">\n<div style=\"padding: 16px;\">\n<p>&nbsp;<\/p>\n<div style=\"display: flex; flex-direction: row; align-items: center;\">\n<div style=\"background-color: #f4f4f4; border-radius: 50%; flex-grow: 0; height: 40px; margin-right: 14px; width: 40px;\"><\/div>\n<div style=\"display: flex; flex-direction: column; flex-grow: 1; justify-content: center;\">\n<div style=\"background-color: #f4f4f4; border-radius: 4px; flex-grow: 0; height: 14px; margin-bottom: 6px; width: 100px;\"><\/div>\n<div style=\"background-color: #f4f4f4; border-radius: 4px; flex-grow: 0; height: 14px; width: 60px;\"><\/div>\n<\/div>\n<\/div>\n<div style=\"padding: 19% 0;\"><\/div>\n<div style=\"display: block; height: 50px; margin: 0 auto 12px; width: 50px;\"><\/div>\n<div style=\"padding-top: 8px;\">\n<div style=\"color: #3897f0; font-family: Arial,sans-serif; font-size: 14px; font-style: normal; font-weight: 550; line-height: 18px;\">View this post on Instagram<\/div>\n<\/div>\n<div style=\"padding: 12.5% 0;\"><\/div>\n<div style=\"display: flex; flex-direction: row; margin-bottom: 14px; align-items: center;\">\n<div>\n<div style=\"background-color: #f4f4f4; border-radius: 50%; height: 12.5px; width: 12.5px; transform: translateX(0px) translateY(7px);\"><\/div>\n<div style=\"background-color: #f4f4f4; height: 12.5px; transform: rotate(-45deg) translateX(3px) translateY(1px); width: 12.5px; flex-grow: 0; margin-right: 14px; margin-left: 2px;\"><\/div>\n<div style=\"background-color: #f4f4f4; border-radius: 50%; height: 12.5px; width: 12.5px; transform: translateX(9px) translateY(-18px);\"><\/div>\n<\/div>\n<div style=\"margin-left: 8px;\">\n<div style=\"background-color: #f4f4f4; border-radius: 50%; flex-grow: 0; height: 20px; width: 20px;\"><\/div>\n<div style=\"width: 0; height: 0; border-top: 2px solid transparent; border-left: 6px solid #f4f4f4; border-bottom: 2px solid transparent; transform: translateX(16px) translateY(-4px) rotate(30deg);\"><\/div>\n<\/div>\n<div style=\"margin-left: auto;\">\n<div style=\"width: 0px; border-top: 8px solid #F4F4F4; border-right: 8px solid transparent; transform: translateY(16px);\"><\/div>\n<div style=\"background-color: #f4f4f4; flex-grow: 0; height: 12px; width: 16px; transform: translateY(-4px);\"><\/div>\n<div style=\"width: 0; height: 0; border-top: 8px solid #F4F4F4; border-left: 8px solid transparent; transform: translateY(-4px) translateX(8px);\"><\/div>\n<\/div>\n<\/div>\n<div style=\"display: flex; flex-direction: column; flex-grow: 1; justify-content: center; margin-bottom: 24px;\">\n<div style=\"background-color: #f4f4f4; border-radius: 4px; flex-grow: 0; height: 14px; margin-bottom: 6px; width: 224px;\"><\/div>\n<div style=\"background-color: #f4f4f4; border-radius: 4px; flex-grow: 0; height: 14px; width: 144px;\"><\/div>\n<\/div>\n<p>&nbsp;<\/p>\n<p style=\"color: #c9c8cd; font-family: Arial,sans-serif; font-size: 14px; line-height: 17px; margin-bottom: 0; margin-top: 8px; overflow: hidden; padding: 8px 0 7px; text-align: center; text-overflow: ellipsis; white-space: nowrap;\"><a style=\"color: #c9c8cd; font-family: Arial,sans-serif; font-size: 14px; font-style: normal; font-weight: normal; line-height: 17px; text-decoration: none;\" href=\"https:\/\/www.instagram.com\/p\/CVar2LAIeVf\/?utm_source=ig_embed&amp;utm_campaign=loading\" target=\"_blank\" rel=\"noopener noreferrer\">A post shared by Ed Sheeran (@teddysphotos)<\/a><\/p>\n<\/div>\n<\/blockquote>\n<p><script async src=\"\/\/www.instagram.com\/embed.js\"><\/script><\/p>\n","protected":false,"gt_translate_keys":[{"key":"rendered","format":"html"}]},"excerpt":{"rendered":"<p>Ed Sheeran thot\u00eb se po vet\u00ebizolohet pasi \u00ebsht\u00eb konfirmuar pozitiv me Covid-19. K\u00ebng\u00ebtari ka publikuar nj\u00eb shkrim n\u00eb faqen e tij n\u00eb Instagram ku shprehet se do t\u00eb vazhdoj\u00eb t\u00eb jap\u00eb intervista dhe performancat e planifikuara nga sht\u00ebpia, por nuk do t\u00eb ket\u00eb mund\u00ebsi t\u00eb b\u00ebj\u00eb takime apo shfaqje t\u00eb tjera q\u00eb k\u00ebrkojn\u00eb q\u00eb ai [&hellip;]<\/p>\n","protected":false,"gt_translate_keys":[{"key":"rendered","format":"html"}]},"author":30,"featured_media":480467,"comment_status":"closed","ping_status":"closed","sticky":false,"template":"","format":"standard","meta":{"footnotes":""},"categories":[53],"tags":[],"class_list":["post-480464","post","type-post","status-publish","format-standard","has-post-thumbnail","hentry","category-fast-foodi"],"gt_translate_keys":[{"key":"link","format":"url"}],"_links":{"self":[{"href":"https:\/\/www.hashtag.al\/index.php\/wp-json\/wp\/v2\/posts\/480464","targetHints":{"allow":["GET"]}}],"collection":[{"href":"https:\/\/www.hashtag.al\/index.php\/wp-json\/wp\/v2\/posts"}],"about":[{"href":"https:\/\/www.hashtag.al\/index.php\/wp-json\/wp\/v2\/types\/post"}],"author":[{"embeddable":true,"href":"https:\/\/www.hashtag.al\/index.php\/wp-json\/wp\/v2\/users\/30"}],"replies":[{"embeddable":true,"href":"https:\/\/www.hashtag.al\/index.php\/wp-json\/wp\/v2\/comments?post=480464"}],"version-history":[{"count":0,"href":"https:\/\/www.hashtag.al\/index.php\/wp-json\/wp\/v2\/posts\/480464\/revisions"}],"wp:featuredmedia":[{"embeddable":true,"href":"https:\/\/www.hashtag.al\/index.php\/wp-json\/wp\/v2\/media\/480467"}],"wp:attachment":[{"href":"https:\/\/www.hashtag.al\/index.php\/wp-json\/wp\/v2\/media?parent=480464"}],"wp:term":[{"taxonomy":"category","embeddable":true,"href":"https:\/\/www.hashtag.al\/index.php\/wp-json\/wp\/v2\/categories?post=480464"},{"taxonomy":"post_tag","embeddable":true,"href":"https:\/\/www.hashtag.al\/index.php\/wp-json\/wp\/v2\/tags?post=480464"}],"curies":[{"name":"wp","href":"https:\/\/api.w.org\/{rel}","templated":true}]}}