{"id":480059,"date":"2021-10-22T14:12:12","date_gmt":"2021-10-22T12:12:12","guid":{"rendered":"https:\/\/www.hashtag.al\/?p=480059"},"modified":"2021-10-22T14:12:12","modified_gmt":"2021-10-22T12:12:12","slug":"alfred-rushaj-me-banoret-ne-kinostudio-qeveritaret-duan-te-na-shembin-pallatin-si-po-abuzojne-me-bonuset-e-qirave","status":"publish","type":"post","link":"https:\/\/www.hashtag.al\/index.php\/2021\/10\/22\/alfred-rushaj-me-banoret-ne-kinostudio-qeveritaret-duan-te-na-shembin-pallatin-si-po-abuzojne-me-bonuset-e-qirave\/","title":{"rendered":"Alfred Rushaj me banor\u00ebt n\u00eb Kinostudio: Qeveritar\u00ebt duan t\u00eb na shembin Pallatin, si po abuzojn\u00eb me bonuset e qirave","gt_translate_keys":[{"key":"rendered","format":"text"}]},"content":{"rendered":"<p><span style=\"color: #000000;\"><a href=\"https:\/\/www.hashtag.al\/wp-content\/uploads\/2021\/10\/WhatsApp-Image-2021-10-22-at-13.54.12-1.jpeg\"><img loading=\"lazy\" decoding=\"async\" class=\"aligncenter size-full wp-image-480060\" src=\"https:\/\/www.hashtag.al\/wp-content\/uploads\/2021\/10\/WhatsApp-Image-2021-10-22-at-13.54.12-1.jpeg\" alt=\"\" width=\"1600\" height=\"1066\" srcset=\"https:\/\/www.hashtag.al\/wp-content\/uploads\/2021\/10\/WhatsApp-Image-2021-10-22-at-13.54.12-1.jpeg 1600w, https:\/\/www.hashtag.al\/wp-content\/uploads\/2021\/10\/WhatsApp-Image-2021-10-22-at-13.54.12-1-300x200.jpeg 300w, https:\/\/www.hashtag.al\/wp-content\/uploads\/2021\/10\/WhatsApp-Image-2021-10-22-at-13.54.12-1-768x512.jpeg 768w, https:\/\/www.hashtag.al\/wp-content\/uploads\/2021\/10\/WhatsApp-Image-2021-10-22-at-13.54.12-1-1024x682.jpeg 1024w\" sizes=\"auto, (max-width: 1600px) 100vw, 1600px\" \/><\/a><\/span><\/p>\n<p><span style=\"color: #000000;\">N\u00ebnkryetari i PD-s\u00eb, Alfred Rushaj ka shkuar sot n\u00eb Kinostudio, ku \u00ebsht\u00eb takuar me disa familje t\u00eb zon\u00ebs, t\u00eb cil\u00ebt kan\u00eb shprehur shqet\u00ebsime p\u00ebr shembjen e dyshimt\u00eb t\u00eb pallatit ku banojn\u00eb 2 vjet pas t\u00ebrmetit.<\/span><\/p>\n<p><span style=\"color: #000000;\">N\u00eb bised\u00ebn me deputetin e tyre, banor\u00ebt shpjeguan se ekspertiza e par\u00eb e ka nxjerr\u00eb pallatin t\u00eb sigurt\u00eb dhe t\u00eb banuesh\u00ebm, por nj\u00eb ekspertiz\u00eb e m\u00ebvonshme e cil\u00ebsoi n\u00eb rrezik shembje.<\/span><\/p>\n<p><span style=\"color: #000000;\"><em>\u201cAs nuk kan\u00eb ardhur p\u00ebr ta par\u00eb. Pallatin 5 kat\u00ebsh, n\u00eb letra e kan\u00eb nxjerr\u00eb 3 kat\u00ebsh me tulla silikate, q\u00eb nuk p\u00ebrputhet me realitetin\u201d-<\/em> tha nj\u00eb banor, q\u00eb dispononte t\u00eb gjith\u00eb dokumentacionin.<\/span><\/p>\n<p><span style=\"color: #000000;\"><em>\u201cPas t\u00ebrmetit, Drejtori i Institutit t\u00eb Nd\u00ebrtimit, i ndjeri Agron Hysenlliu, ka hyr\u00eb n\u00eb 250 familje, i shoq\u00ebruar nga un\u00eb, dhe n\u00eb asnj\u00eb rast nuk ka th\u00ebn\u00eb se k\u00ebto pallate duhen prishur, por ka th\u00ebn\u00eb \u2018vij e banoj me gjith\u00eb f\u00ebmij\u00ebt e mi pa asnj\u00eb lloj meraku\u2019. P\u00ebrkund\u00ebr k\u00ebsaj, sajuan nj\u00eb ekspertiz\u00eb t\u00eb rreme, t\u00eb nxitur nga disa politikan\u00eb dhe oligark\u00eb t\u00eb lidhur me qeverin\u00eb\u201d<\/em>&#8211; u shpreh nj\u00eb banor tjet\u00ebr.\u00a0<\/span><\/p>\n<p><span style=\"color: #000000;\">Banor\u00ebt e pallatit n\u00eb Kinostudio besojn\u00eb se pas shembjes s\u00eb pallatit q\u00ebndrojn\u00eb interesa financiar\u00eb t\u00eb lidhur me pushtetin:<em> \u201cKemi t\u00eb dh\u00ebna se p\u00ebr t\u00eb rr\u00ebmbyer k\u00ebt\u00eb tok\u00eb jan\u00eb t\u00eb interesuar politikan\u00eb n\u00eb parlamentin shqiptar dhe njer\u00ebz t\u00eb lidhur me pushtetin, q\u00eb t\u00eb nd\u00ebrtojn\u00eb biznesin e tyre n\u00eb kurrizin ton\u00eb\u201d- tha nj\u00eb banor. \u201cDuan t\u00eb b\u00ebjn\u00eb grabitjen e tok\u00ebs, pasi nd\u00ebrpret nj\u00eb pjes\u00eb t\u00eb madhe toke shum\u00eb pran\u00eb rrethrrotullimit t\u00eb unaz\u00ebs s\u00eb re t\u00eb madhe. Ka interes q\u00eb kjo tok\u00eb t\u00eb marr\u00eb nj\u00eb zhvillim tjet\u00ebr dhe ne t\u00eb na l\u00ebvizin diku tjet\u00ebr. K\u00ebtu ka interesa private t\u00eb lidhura ngusht\u00ebsisht me pjes\u00ebn e tok\u00ebs.\u201d\u00a0<\/em><\/span><\/p>\n<p><span style=\"color: #000000;\">Gjat\u00eb fjal\u00ebs s\u00eb tij, Alfred Rushaj, e konsideroi k\u00ebt\u00eb nj\u00eb nga rastet q\u00eb tregon sjelljen mafioze t\u00eb qeveris\u00eb.\u00a0<\/span><\/p>\n<p><em><span style=\"color: #000000;\">\u201cAta nuk e kan\u00eb merakun tek siguria, sepse po ta kishin tek siguria, ju nuk do t\u00eb ishit akoma n\u00eb sht\u00ebpit\u00eb tuaja. E kan\u00eb patur merakun tek zgjedhjet.<\/span><\/em><\/p>\n<p><span style=\"color: #000000;\"><em>Edhe fatkeq\u00ebsin\u00eb e t\u00ebrmett duan ta shfryt\u00ebzojn\u00eb p\u00ebr biznes dhe gjejjn\u00eb nj\u00eb periudh\u00eb kur ju nuk keni mund\u00ebsi ta shprehni revolt\u00ebn me vot\u00eb. Fakti q\u00eb kan\u00eb ardhur p\u00ebr t\u2019ju b\u00ebr\u00eb presion se do t\u00eb presin ujin dhe dritat, \u00ebsht\u00eb nj\u00eb veprim mafioz. Kur kan\u00eb dashur mafioz\u00ebt t\u00eb lirojn\u00eb tok\u00eb, k\u00ebshtu e kan\u00eb b\u00ebr\u00eb.\u201d-<\/em> jan\u00eb fjal\u00ebt e Rushajt, i cili nuk i viziton p\u00ebr her\u00eb t\u00eb par\u00eb k\u00ebta banor\u00eb, por ka shkuar edhe m\u00eb par\u00eb p\u00ebr t\u00eb diskutuar p\u00ebr t\u00eb nj\u00ebjtin problem.<\/span><\/p>\n<p><span style=\"color: #000000;\">Banor\u00ebt e Pallatit n\u00eb fjal\u00eb u ankuan edhe p\u00ebr abuzimet me fondet e qeras\u00eb nga kryebashkiaku Erion Veliaj dhe ministri i Rind\u00ebrtimit Arben Ahmetaj, i cili \u00ebsht\u00eb nj\u00ebkoh\u00ebsisht dhe deputet i zon\u00ebs.<\/span><\/p>\n<p><span style=\"color: #000000;\"><em>\u201cNj\u00eb pjese t\u00eb mir\u00eb u japin bonus qeraje dhe q\u00ebndrojn\u00eb brenda n\u00eb sht\u00ebpi. Disa kan\u00eb dh\u00ebn\u00eb sht\u00ebpit\u00eb edhe me qera. P\u00ebrmes k\u00ebtyre personave na b\u00ebhet presion p\u00ebr t\u00eb dal\u00eb q\u00eb t\u00eb shembet.\u201d-<\/em> tha nj\u00eb banor.<\/span><\/p>\n<p><a href=\"https:\/\/www.hashtag.al\/wp-content\/uploads\/2021\/10\/WhatsApp-Image-2021-10-22-at-13.54.12.jpeg\"><img loading=\"lazy\" decoding=\"async\" class=\"aligncenter size-full wp-image-480061\" src=\"https:\/\/www.hashtag.al\/wp-content\/uploads\/2021\/10\/WhatsApp-Image-2021-10-22-at-13.54.12.jpeg\" alt=\"\" width=\"1600\" height=\"1066\" srcset=\"https:\/\/www.hashtag.al\/wp-content\/uploads\/2021\/10\/WhatsApp-Image-2021-10-22-at-13.54.12.jpeg 1600w, https:\/\/www.hashtag.al\/wp-content\/uploads\/2021\/10\/WhatsApp-Image-2021-10-22-at-13.54.12-300x200.jpeg 300w, https:\/\/www.hashtag.al\/wp-content\/uploads\/2021\/10\/WhatsApp-Image-2021-10-22-at-13.54.12-768x512.jpeg 768w, https:\/\/www.hashtag.al\/wp-content\/uploads\/2021\/10\/WhatsApp-Image-2021-10-22-at-13.54.12-1024x682.jpeg 1024w\" sizes=\"auto, (max-width: 1600px) 100vw, 1600px\" \/><\/a><\/p>\n","protected":false,"gt_translate_keys":[{"key":"rendered","format":"html"}]},"excerpt":{"rendered":"<p>N\u00ebnkryetari i PD-s\u00eb, Alfred Rushaj ka shkuar sot n\u00eb Kinostudio, ku \u00ebsht\u00eb takuar me disa familje t\u00eb zon\u00ebs, t\u00eb cil\u00ebt kan\u00eb shprehur shqet\u00ebsime p\u00ebr shembjen e dyshimt\u00eb t\u00eb pallatit ku banojn\u00eb 2 vjet pas t\u00ebrmetit. N\u00eb bised\u00ebn me deputetin e tyre, banor\u00ebt shpjeguan se ekspertiza e par\u00eb e ka nxjerr\u00eb pallatin t\u00eb sigurt\u00eb dhe t\u00eb [&hellip;]<\/p>\n","protected":false,"gt_translate_keys":[{"key":"rendered","format":"html"}]},"author":30,"featured_media":480060,"comment_status":"closed","ping_status":"closed","sticky":false,"template":"","format":"standard","meta":{"footnotes":""},"categories":[65,13],"tags":[],"class_list":["post-480059","post","type-post","status-publish","format-standard","has-post-thumbnail","hentry","category-lajme","category-te-fundit"],"gt_translate_keys":[{"key":"link","format":"url"}],"_links":{"self":[{"href":"https:\/\/www.hashtag.al\/index.php\/wp-json\/wp\/v2\/posts\/480059","targetHints":{"allow":["GET"]}}],"collection":[{"href":"https:\/\/www.hashtag.al\/index.php\/wp-json\/wp\/v2\/posts"}],"about":[{"href":"https:\/\/www.hashtag.al\/index.php\/wp-json\/wp\/v2\/types\/post"}],"author":[{"embeddable":true,"href":"https:\/\/www.hashtag.al\/index.php\/wp-json\/wp\/v2\/users\/30"}],"replies":[{"embeddable":true,"href":"https:\/\/www.hashtag.al\/index.php\/wp-json\/wp\/v2\/comments?post=480059"}],"version-history":[{"count":0,"href":"https:\/\/www.hashtag.al\/index.php\/wp-json\/wp\/v2\/posts\/480059\/revisions"}],"wp:featuredmedia":[{"embeddable":true,"href":"https:\/\/www.hashtag.al\/index.php\/wp-json\/wp\/v2\/media\/480060"}],"wp:attachment":[{"href":"https:\/\/www.hashtag.al\/index.php\/wp-json\/wp\/v2\/media?parent=480059"}],"wp:term":[{"taxonomy":"category","embeddable":true,"href":"https:\/\/www.hashtag.al\/index.php\/wp-json\/wp\/v2\/categories?post=480059"},{"taxonomy":"post_tag","embeddable":true,"href":"https:\/\/www.hashtag.al\/index.php\/wp-json\/wp\/v2\/tags?post=480059"}],"curies":[{"name":"wp","href":"https:\/\/api.w.org\/{rel}","templated":true}]}}