{"id":479945,"date":"2021-10-21T23:11:08","date_gmt":"2021-10-21T21:11:08","guid":{"rendered":"https:\/\/www.hashtag.al\/?p=479945"},"modified":"2021-10-21T23:11:08","modified_gmt":"2021-10-21T21:11:08","slug":"bardhi-ish-ministri-me-shtepi-ne-tirane-dhe-lalez-deklaronte-0-pasuri","status":"publish","type":"post","link":"https:\/\/www.hashtag.al\/index.php\/2021\/10\/21\/bardhi-ish-ministri-me-shtepi-ne-tirane-dhe-lalez-deklaronte-0-pasuri\/","title":{"rendered":"Bardhi: Ish-ministri me sht\u00ebpi n\u00eb Tiran\u00eb dhe Lal\u00ebz deklaronte 0 pasuri","gt_translate_keys":[{"key":"rendered","format":"text"}]},"content":{"rendered":"<p><span style=\"color: #000000;\"><img loading=\"lazy\" decoding=\"async\" class=\"aligncenter size-full wp-image-479936\" src=\"https:\/\/www.hashtag.al\/wp-content\/uploads\/2021\/10\/bardhi-1-770x433.png\" alt=\"\" width=\"770\" height=\"433\" srcset=\"https:\/\/www.hashtag.al\/wp-content\/uploads\/2021\/10\/bardhi-1-770x433.png 770w, https:\/\/www.hashtag.al\/wp-content\/uploads\/2021\/10\/bardhi-1-770x433-300x169.png 300w, https:\/\/www.hashtag.al\/wp-content\/uploads\/2021\/10\/bardhi-1-770x433-768x432.png 768w\" sizes=\"auto, (max-width: 770px) 100vw, 770px\" \/><\/span><\/p>\n<p><span style=\"color: #000000;\">Sekretari i P\u00ebrgjithsh\u00ebm i PD-s\u00eb Gazmend Bardhi n\u00eb nj\u00eb debat n\u00eb emisionin \u201cOpinion\u201d deklaroi se nj\u00eb ish-minist\u00ebr me dy sht\u00ebpi t\u00eb regjistruara nga Garda e Republik\u00ebs q\u00eb regjistronte shoq\u00ebrimin deklaronte se nuk kishte pasuri.<\/span><\/p>\n<p><span style=\"color: #000000;\">Deklarat\u00ebn Bardhi e b\u00ebri teksa shpjegonte propozimin e PD-s\u00eb mbi vetingun e politikan\u00ebve.<\/span><\/p>\n<p><span style=\"color: #000000;\"><strong>Diskutimi:<\/strong><\/span><\/p>\n<p><span style=\"color: #000000;\"><strong>Gazmend Bardhi:<\/strong> Nj\u00eb ish-minist\u00ebr q\u00eb ka qen\u00eb n\u00eb ministri jo shum\u00eb larg p\u00ebrpara kishte sht\u00ebpi mes Tiran\u00ebs, sht\u00ebpi n\u00eb Gjirin e Lalzit. E shoq\u00ebronte garda n\u00eb sht\u00ebpin\u00eb k\u00ebtu dhe e regjistronte \u201ce mora ministrin nga filan sht\u00ebpi\u201d, \u201ce \u00e7ova n\u00eb fundjav\u00eb n\u00eb filan sht\u00ebpi\u201d.<\/span><\/p>\n<p><span style=\"color: #000000;\"><strong>Blendi Fevziu:<\/strong> Pse i regjistron garda k\u00ebto?<\/span><\/p>\n<p><span style=\"color: #000000;\"><strong>Gazmend Bardhi:<\/strong> Po patjet\u00ebr q\u00eb i regjistron dhe ministri n\u00eb deklaratat e veta t\u00eb pasuris\u00eb deklaron se ka 0 pasuri.<\/span><\/p>\n<p><span style=\"color: #000000;\"><strong>Blendi Fevziu:<\/strong> Nuk i kan\u00eb n\u00eb emrin e tyre sht\u00ebpit\u00eb.<\/span><\/p>\n<p><span style=\"color: #000000;\"><strong>Gazmend Bardhi<\/strong>: Pik\u00ebrisht pra, n\u00ebp\u00ebrmjet k\u00ebtij procesi kryeministri n\u00ebse e ka n\u00eb emrin e Gaz Bardhit, do verifikohet si e ka b\u00ebr\u00eb pasurin\u00eb Gaz Bardhi sepse Gaz Bardhi quhet person i lidhur.<\/span><\/p>\n<p>&nbsp;<\/p>\n","protected":false,"gt_translate_keys":[{"key":"rendered","format":"html"}]},"excerpt":{"rendered":"<p>Sekretari i P\u00ebrgjithsh\u00ebm i PD-s\u00eb Gazmend Bardhi n\u00eb nj\u00eb debat n\u00eb emisionin \u201cOpinion\u201d deklaroi se nj\u00eb ish-minist\u00ebr me dy sht\u00ebpi t\u00eb regjistruara nga Garda e Republik\u00ebs q\u00eb regjistronte shoq\u00ebrimin deklaronte se nuk kishte pasuri. Deklarat\u00ebn Bardhi e b\u00ebri teksa shpjegonte propozimin e PD-s\u00eb mbi vetingun e politikan\u00ebve. Diskutimi: Gazmend Bardhi: Nj\u00eb ish-minist\u00ebr q\u00eb ka qen\u00eb [&hellip;]<\/p>\n","protected":false,"gt_translate_keys":[{"key":"rendered","format":"html"}]},"author":32,"featured_media":479936,"comment_status":"closed","ping_status":"closed","sticky":false,"template":"","format":"standard","meta":{"footnotes":""},"categories":[65,13],"tags":[],"class_list":["post-479945","post","type-post","status-publish","format-standard","has-post-thumbnail","hentry","category-lajme","category-te-fundit"],"gt_translate_keys":[{"key":"link","format":"url"}],"_links":{"self":[{"href":"https:\/\/www.hashtag.al\/index.php\/wp-json\/wp\/v2\/posts\/479945","targetHints":{"allow":["GET"]}}],"collection":[{"href":"https:\/\/www.hashtag.al\/index.php\/wp-json\/wp\/v2\/posts"}],"about":[{"href":"https:\/\/www.hashtag.al\/index.php\/wp-json\/wp\/v2\/types\/post"}],"author":[{"embeddable":true,"href":"https:\/\/www.hashtag.al\/index.php\/wp-json\/wp\/v2\/users\/32"}],"replies":[{"embeddable":true,"href":"https:\/\/www.hashtag.al\/index.php\/wp-json\/wp\/v2\/comments?post=479945"}],"version-history":[{"count":0,"href":"https:\/\/www.hashtag.al\/index.php\/wp-json\/wp\/v2\/posts\/479945\/revisions"}],"wp:featuredmedia":[{"embeddable":true,"href":"https:\/\/www.hashtag.al\/index.php\/wp-json\/wp\/v2\/media\/479936"}],"wp:attachment":[{"href":"https:\/\/www.hashtag.al\/index.php\/wp-json\/wp\/v2\/media?parent=479945"}],"wp:term":[{"taxonomy":"category","embeddable":true,"href":"https:\/\/www.hashtag.al\/index.php\/wp-json\/wp\/v2\/categories?post=479945"},{"taxonomy":"post_tag","embeddable":true,"href":"https:\/\/www.hashtag.al\/index.php\/wp-json\/wp\/v2\/tags?post=479945"}],"curies":[{"name":"wp","href":"https:\/\/api.w.org\/{rel}","templated":true}]}}