{"id":479939,"date":"2021-10-21T23:02:24","date_gmt":"2021-10-21T21:02:24","guid":{"rendered":"https:\/\/www.hashtag.al\/?p=479939"},"modified":"2021-10-21T23:02:24","modified_gmt":"2021-10-21T21:02:24","slug":"dash-shehi-berisha-nuk-eshte-mire-nuk-te-ben-populli-tre-here-nuse","status":"publish","type":"post","link":"https:\/\/www.hashtag.al\/index.php\/2021\/10\/21\/dash-shehi-berisha-nuk-eshte-mire-nuk-te-ben-populli-tre-here-nuse\/","title":{"rendered":"Dash Shehi: Berisha nuk \u00ebsht\u00eb mir\u00eb, nuk t\u00eb b\u00ebn populli tre her\u00eb nuse","gt_translate_keys":[{"key":"rendered","format":"text"}]},"content":{"rendered":"<p><span style=\"color: #000000;\"><img loading=\"lazy\" decoding=\"async\" class=\"aligncenter size-full wp-image-479940\" src=\"https:\/\/www.hashtag.al\/wp-content\/uploads\/2021\/10\/dash-shehi.jpg\" alt=\"\" width=\"1307\" height=\"731\" srcset=\"https:\/\/www.hashtag.al\/wp-content\/uploads\/2021\/10\/dash-shehi.jpg 1307w, https:\/\/www.hashtag.al\/wp-content\/uploads\/2021\/10\/dash-shehi-300x168.jpg 300w, https:\/\/www.hashtag.al\/wp-content\/uploads\/2021\/10\/dash-shehi-768x430.jpg 768w, https:\/\/www.hashtag.al\/wp-content\/uploads\/2021\/10\/dash-shehi-1024x573.jpg 1024w\" sizes=\"auto, (max-width: 1307px) 100vw, 1307px\" \/><\/span><\/p>\n<p><span style=\"color: #000000;\">Deputeti Dashamir Shehi n\u00eb emisionin \u201cFrontline\u201d komentoi \u201cFoltoren\u201d e Sali Berish\u00ebs.<\/span><\/p>\n<p><span style=\"color: #000000;\">Shehi tha se Berisha nuk mund t\u00eb drejtoj\u00eb m\u00eb dhe \u00ebsht\u00eb i mendimit se ai nuk \u00ebsht\u00eb mir\u00eb me veprimet q\u00eb ka nd\u00ebrmar\u00eb.<\/span><\/p>\n<p><span style=\"color: #000000;\">\u201c<em>Un\u00eb nuk gjykoj se z. Berisha mund t\u00eb drejtoj\u00eb m\u00eb. Mendimi im, ato te salla e Berish\u00ebs mund t\u00eb thon\u00eb ky nuk \u00ebsht\u00eb mir\u00eb. Historia politike, nj\u00eb her\u00eb, dy her\u00eb\u2026Po tre her\u00eb nuk t\u00eb b\u00ebn populli nuse. Besoj q\u00eb edhe z. Berisha e ka n\u00eb mendje k\u00ebt\u00eb pun\u00eb.<\/em><\/span><\/p>\n<p><span style=\"color: #000000;\"><em>Nuk shikoj ndonj\u00eb ide t\u00eb re. Nj\u00eb pjes\u00eb e njer\u00ebzve t\u00eb PD me Berish\u00ebn mbrojn\u00eb territoret e veta, investimin e vet politik, t\u00eb kaluar\u00ebn e vet politike. Ideja e fraksioneve \u00ebsht\u00eb pozitive. Un\u00eb kam qen\u00eb nga t\u00eb vjetrit q\u00eb kam dashur t\u00eb b\u00ebj korrent<\/em><\/span><\/p>\n<p><span style=\"color: #000000;\">\u201c<em>P\u00ebr sa koh\u00eb q\u00eb debati degjeneron \u201cun\u00eb kam let\u00ebr t\u00eb Amerik\u00ebs\u201d, \u201cti je tradhtari i ri, un\u00eb babloku i vjet\u00ebr\u201d, un\u00eb gjykoj q\u00eb pjesa m\u00eb e mir\u00eb e opozit\u00ebs nuk duhet t\u00eb afrohen.\u00a0 Propozimin tim do vazhdoj ta b\u00ebj, p\u00ebr t\u00eb mundur z. Rama dhe k\u00ebt\u00eb oligarki duhet nj\u00eb hark politik m\u00eb i madh se sa PD-ja<\/em>\u201d-tha Dashamir Shehi.<\/span><\/p>\n<p>&nbsp;<\/p>\n","protected":false,"gt_translate_keys":[{"key":"rendered","format":"html"}]},"excerpt":{"rendered":"<p>Deputeti Dashamir Shehi n\u00eb emisionin \u201cFrontline\u201d komentoi \u201cFoltoren\u201d e Sali Berish\u00ebs. Shehi tha se Berisha nuk mund t\u00eb drejtoj\u00eb m\u00eb dhe \u00ebsht\u00eb i mendimit se ai nuk \u00ebsht\u00eb mir\u00eb me veprimet q\u00eb ka nd\u00ebrmar\u00eb. \u201cUn\u00eb nuk gjykoj se z. Berisha mund t\u00eb drejtoj\u00eb m\u00eb. Mendimi im, ato te salla e Berish\u00ebs mund t\u00eb thon\u00eb ky [&hellip;]<\/p>\n","protected":false,"gt_translate_keys":[{"key":"rendered","format":"html"}]},"author":32,"featured_media":479940,"comment_status":"closed","ping_status":"closed","sticky":false,"template":"","format":"standard","meta":{"footnotes":""},"categories":[65,13],"tags":[],"class_list":["post-479939","post","type-post","status-publish","format-standard","has-post-thumbnail","hentry","category-lajme","category-te-fundit"],"gt_translate_keys":[{"key":"link","format":"url"}],"_links":{"self":[{"href":"https:\/\/www.hashtag.al\/index.php\/wp-json\/wp\/v2\/posts\/479939","targetHints":{"allow":["GET"]}}],"collection":[{"href":"https:\/\/www.hashtag.al\/index.php\/wp-json\/wp\/v2\/posts"}],"about":[{"href":"https:\/\/www.hashtag.al\/index.php\/wp-json\/wp\/v2\/types\/post"}],"author":[{"embeddable":true,"href":"https:\/\/www.hashtag.al\/index.php\/wp-json\/wp\/v2\/users\/32"}],"replies":[{"embeddable":true,"href":"https:\/\/www.hashtag.al\/index.php\/wp-json\/wp\/v2\/comments?post=479939"}],"version-history":[{"count":0,"href":"https:\/\/www.hashtag.al\/index.php\/wp-json\/wp\/v2\/posts\/479939\/revisions"}],"wp:featuredmedia":[{"embeddable":true,"href":"https:\/\/www.hashtag.al\/index.php\/wp-json\/wp\/v2\/media\/479940"}],"wp:attachment":[{"href":"https:\/\/www.hashtag.al\/index.php\/wp-json\/wp\/v2\/media?parent=479939"}],"wp:term":[{"taxonomy":"category","embeddable":true,"href":"https:\/\/www.hashtag.al\/index.php\/wp-json\/wp\/v2\/categories?post=479939"},{"taxonomy":"post_tag","embeddable":true,"href":"https:\/\/www.hashtag.al\/index.php\/wp-json\/wp\/v2\/tags?post=479939"}],"curies":[{"name":"wp","href":"https:\/\/api.w.org\/{rel}","templated":true}]}}