{"id":479883,"date":"2021-10-21T17:16:15","date_gmt":"2021-10-21T15:16:15","guid":{"rendered":"https:\/\/www.hashtag.al\/?p=479883"},"modified":"2021-10-21T17:16:15","modified_gmt":"2021-10-21T15:16:15","slug":"policia-me-dore-te-hekurt-per-vjedhjen-e-energjise-elektrike-12-te-arrestuar-dhe-7-ne-kerkim","status":"publish","type":"post","link":"https:\/\/www.hashtag.al\/index.php\/2021\/10\/21\/policia-me-dore-te-hekurt-per-vjedhjen-e-energjise-elektrike-12-te-arrestuar-dhe-7-ne-kerkim\/","title":{"rendered":"Policia me \u201cdor\u00eb t\u00eb hekurt\u201d p\u00ebr vjedhjen e energjis\u00eb elektrike, 12 t\u00eb arrestuar dhe 7 n\u00eb k\u00ebrkim","gt_translate_keys":[{"key":"rendered","format":"text"}]},"content":{"rendered":"<p><span style=\"color: #000000;\"><a href=\"https:\/\/www.hashtag.al\/wp-content\/uploads\/2021\/10\/vjedhja-e-energjise-elektrike-780x405.jpg\"><img loading=\"lazy\" decoding=\"async\" class=\"aligncenter size-full wp-image-479884\" src=\"https:\/\/www.hashtag.al\/wp-content\/uploads\/2021\/10\/vjedhja-e-energjise-elektrike-780x405.jpg\" alt=\"\" width=\"780\" height=\"405\" srcset=\"https:\/\/www.hashtag.al\/wp-content\/uploads\/2021\/10\/vjedhja-e-energjise-elektrike-780x405.jpg 780w, https:\/\/www.hashtag.al\/wp-content\/uploads\/2021\/10\/vjedhja-e-energjise-elektrike-780x405-300x156.jpg 300w, https:\/\/www.hashtag.al\/wp-content\/uploads\/2021\/10\/vjedhja-e-energjise-elektrike-780x405-768x399.jpg 768w\" sizes=\"auto, (max-width: 780px) 100vw, 780px\" \/><\/a><\/span><\/p>\n<p><span style=\"color: #000000;\">Policia ka goditur 31 raste t\u00eb vjedhjes s\u00eb energjis\u00eb n\u00eb qytete t\u00eb ndryshme t\u00eb vendit.<\/span><\/p>\n<p><span style=\"color: #000000;\">Sikurse b\u00ebhet me dije p\u00ebrmes nj\u00eb njoftimi p\u00ebr mediet, gjat\u00eb 24 or\u00ebve t\u00eb fundit jan\u00eb arrestuar plot 12 persona p\u00ebr vjedhje t\u00eb energjis\u00eb elektrike. \u00a0Po ashtu, 7 persona t\u00eb tjer\u00eb jan\u00eb shpallur n\u00eb k\u00ebrkim p\u00ebr t\u00eb nj\u00ebjt\u00ebn vep\u00ebr penale.<\/span><\/p>\n<p><span style=\"color: #000000;\">K\u00ebto raste jan\u00eb evidentuar n\u00eb Tiran\u00eb, Durr\u00ebs, Fier, Shkod\u00ebr dhe Lezh\u00eb.<\/span><\/p>\n<p><span style=\"color: #000000;\"><strong>Njoftimi i policis\u00eb:<\/p>\n<p><\/strong><\/span><\/p>\n<p><span style=\"color: #000000;\">Strukturat e Policis\u00eb s\u00eb Shtetit, n\u00eb vijim t\u00eb pun\u00ebs p\u00ebr parandalimin e vjedhjes s\u00eb energjis\u00eb elektrike, gjat\u00eb kontrolleve t\u00eb p\u00ebrbashk\u00ebta me OSHEE-n\u00eb, kan\u00eb evidentuar 31 raste t\u00eb vjedhjes s\u00eb energjis\u00eb elektrike, n\u00eb t\u00eb gjith\u00eb vendin.<\/span><\/p>\n<p><span style=\"color: #000000;\">N\u00eb p\u00ebrfundim t\u00eb veprimeve hetimore, sh\u00ebrbimet e Policis\u00eb kan\u00eb proceduar shtetasit q\u00eb kishin b\u00ebr\u00eb lidhje t\u00eb paligjshme t\u00eb energjis\u00eb elektrike ose kishin nd\u00ebrhyr\u00eb n\u00eb mat\u00ebsit elektrik\u00eb n\u00eb banesat e tyre, me q\u00ebllim p\u00ebr t\u00eb vjedhur energjin\u00eb elektrike, konkretisht:<\/span><\/p>\n<p><span style=\"color: #000000;\"><strong>DVP Tiran\u00eb<\/strong>\/ Nga specialist\u00ebt p\u00ebr Hetimin e Krimeve n\u00eb Komisariatet e Policis\u00eb n\u00eb var\u00ebsi DVP Tiran\u00eb jan\u00eb arrestuar n\u00eb flagranc\u00eb shtetasit H. D., A. \u00c7., L. K. dhe S. A., jan\u00eb proceduar penalisht shtetasit Th. K., Sh. Rr. dhe B. L., si dhe jan\u00eb shpallur n\u00eb k\u00ebrkim shtetasit K. S., A. Rr. dhe D. K.<\/span><br \/>\n<span style=\"color: #000000;\">Specialist\u00ebt p\u00ebr Hetimin e Krimit n\u00eb Komisariatin e Policis\u00eb Vlor\u00eb arrestuan shtetasit D. B. dhe A. Sh., si dhe shpall\u00ebn n\u00eb k\u00ebrkim shtetasin N. H., 55 vje\u00e7.<\/span><\/p>\n<p><span style=\"color: #000000;\"><strong>DVP Fier<\/strong>\/Specialist\u00ebt p\u00ebr Hetimin e Krimeve n\u00eb Komisariatin e Policis\u00eb Divjak\u00eb arrestuan n\u00eb flagranc\u00eb shtetasit A. S. dhe L. L., si edhe proceduan penalisht shtetasen M. H. Nga specialist\u00ebt p\u00ebr Hetimin e Krimeve n\u00eb Komisariatin e Policis\u00eb Fier u shpall n\u00eb k\u00ebrkim shtetasi L. A.<\/span><br \/>\n<span style=\"color: #000000;\">Nga specialist\u00ebt p\u00ebr Hetimin e Krimit n\u00eb Komisariatin e Policis\u00eb Elbasan jan\u00eb arrestuar n\u00eb flagranc\u00eb shtetasit Z. I. dhe T. B., 58 vje\u00e7.<\/span><\/p>\n<p><span style=\"color: #000000;\"><strong>DVP Shkod\u00ebr<\/strong>\/Nga specialist\u00ebt p\u00ebr Hetimin e Krimit n\u00eb Komisariatin e Policis\u00eb Shkod\u00ebr u arrestua n\u00eb flagranc\u00eb shtetasi B. I. dhe u proceduan penalisht shtetasit T. N. dhe F. N. Nga Komisariati i Policis\u00eb Vau i Dej\u00ebs u procedua penalisht shtetasja Z. D.<\/span><br \/>\n<span style=\"color: #000000;\">Nga specialist\u00ebt p\u00ebr Hetimin e Krimit n\u00eb Komisariatin e Policis\u00eb Kor\u00e7\u00eb u arrestua n\u00eb flagranc\u00eb shtetasi F. M. dhe u procedua penalisht shtetasja N. M.<\/span><\/p>\n<p><span style=\"color: #000000;\"><strong>DVP Durr\u00ebs<\/strong>\/Nga specialist\u00ebt p\u00ebr Hetimin e Krimit u shpall\u00ebn n\u00eb k\u00ebrkim shtetasit A. Ll. dhe Q. P., si dhe u proceduan penalisht shtetasit L. P. dhe M. L.<\/span><br \/>\n<span style=\"color: #000000;\"><strong>DVP Lezh\u00eb<\/strong>\/Nga specialist\u00ebt p\u00ebr Hetimin e Krimit n\u00eb Komisariatin e Policis\u00eb Mirdit\u00eb u procedua penalisht shtetasi Gj. C., nd\u00ebrsa nga specialist\u00ebt e Hetimit t\u00eb Krimit n\u00eb Komisariatin e Policis\u00eb Kurbin u procedua penalisht shtetasi N. Gj.<\/span><\/p>\n<p><span style=\"color: #000000;\">Strukturat e Policis\u00eb do t\u00eb vijojn\u00eb kontrollet n\u00eb t\u00eb gjith\u00eb vendin, p\u00ebr t\u00eb parandaluar, evidentuar dhe goditur paligjshm\u00ebrin\u00eb n\u00eb cil\u00ebndo fush\u00eb q\u00eb ajo shfaqet.<\/span><br \/>\n<span style=\"color: #000000;\">Policia e Shtetit apelon p\u00ebr t\u00eb gjith\u00eb qytetar\u00ebt q\u00eb t\u00eb denoncojn\u00eb n\u00eb numrin 112 dhe n\u00eb Komisariatin Dixhital, \u00e7do rast t\u00eb paligjshm\u00ebris\u00eb.<\/span><\/p>\n","protected":false,"gt_translate_keys":[{"key":"rendered","format":"html"}]},"excerpt":{"rendered":"<p>Policia ka goditur 31 raste t\u00eb vjedhjes s\u00eb energjis\u00eb n\u00eb qytete t\u00eb ndryshme t\u00eb vendit. Sikurse b\u00ebhet me dije p\u00ebrmes nj\u00eb njoftimi p\u00ebr mediet, gjat\u00eb 24 or\u00ebve t\u00eb fundit jan\u00eb arrestuar plot 12 persona p\u00ebr vjedhje t\u00eb energjis\u00eb elektrike. \u00a0Po ashtu, 7 persona t\u00eb tjer\u00eb jan\u00eb shpallur n\u00eb k\u00ebrkim p\u00ebr t\u00eb nj\u00ebjt\u00ebn vep\u00ebr penale. K\u00ebto [&hellip;]<\/p>\n","protected":false,"gt_translate_keys":[{"key":"rendered","format":"html"}]},"author":30,"featured_media":479884,"comment_status":"closed","ping_status":"closed","sticky":false,"template":"","format":"standard","meta":{"footnotes":""},"categories":[65,13],"tags":[],"class_list":["post-479883","post","type-post","status-publish","format-standard","has-post-thumbnail","hentry","category-lajme","category-te-fundit"],"gt_translate_keys":[{"key":"link","format":"url"}],"_links":{"self":[{"href":"https:\/\/www.hashtag.al\/index.php\/wp-json\/wp\/v2\/posts\/479883","targetHints":{"allow":["GET"]}}],"collection":[{"href":"https:\/\/www.hashtag.al\/index.php\/wp-json\/wp\/v2\/posts"}],"about":[{"href":"https:\/\/www.hashtag.al\/index.php\/wp-json\/wp\/v2\/types\/post"}],"author":[{"embeddable":true,"href":"https:\/\/www.hashtag.al\/index.php\/wp-json\/wp\/v2\/users\/30"}],"replies":[{"embeddable":true,"href":"https:\/\/www.hashtag.al\/index.php\/wp-json\/wp\/v2\/comments?post=479883"}],"version-history":[{"count":0,"href":"https:\/\/www.hashtag.al\/index.php\/wp-json\/wp\/v2\/posts\/479883\/revisions"}],"wp:featuredmedia":[{"embeddable":true,"href":"https:\/\/www.hashtag.al\/index.php\/wp-json\/wp\/v2\/media\/479884"}],"wp:attachment":[{"href":"https:\/\/www.hashtag.al\/index.php\/wp-json\/wp\/v2\/media?parent=479883"}],"wp:term":[{"taxonomy":"category","embeddable":true,"href":"https:\/\/www.hashtag.al\/index.php\/wp-json\/wp\/v2\/categories?post=479883"},{"taxonomy":"post_tag","embeddable":true,"href":"https:\/\/www.hashtag.al\/index.php\/wp-json\/wp\/v2\/tags?post=479883"}],"curies":[{"name":"wp","href":"https:\/\/api.w.org\/{rel}","templated":true}]}}