{"id":479852,"date":"2021-10-21T15:34:08","date_gmt":"2021-10-21T13:34:08","guid":{"rendered":"https:\/\/www.hashtag.al\/?p=479852"},"modified":"2021-10-21T15:35:16","modified_gmt":"2021-10-21T13:35:16","slug":"zbuloi-informacione-qe-rrezikuan-sigurine-e-vendit-arrestohet-ish-punonjesi-i-inteligjences-ne-kosove","status":"publish","type":"post","link":"https:\/\/www.hashtag.al\/index.php\/2021\/10\/21\/zbuloi-informacione-qe-rrezikuan-sigurine-e-vendit-arrestohet-ish-punonjesi-i-inteligjences-ne-kosove\/","title":{"rendered":"&#8220;Zbuloi informacione q\u00eb rrezikuan sigurin\u00eb e vendit&#8221; &#8211; Arrestohet ish-punonj\u00ebsi i Inteligjenc\u00ebs n\u00eb Kosov\u00eb","gt_translate_keys":[{"key":"rendered","format":"text"}]},"content":{"rendered":"<p><span style=\"color: #000000;\"><a href=\"https:\/\/www.hashtag.al\/wp-content\/uploads\/2021\/10\/Inteligjenca-Kosove.jpg\"><img loading=\"lazy\" decoding=\"async\" class=\"aligncenter size-full wp-image-479853\" src=\"https:\/\/www.hashtag.al\/wp-content\/uploads\/2021\/10\/Inteligjenca-Kosove.jpg\" alt=\"\" width=\"780\" height=\"439\" srcset=\"https:\/\/www.hashtag.al\/wp-content\/uploads\/2021\/10\/Inteligjenca-Kosove.jpg 780w, https:\/\/www.hashtag.al\/wp-content\/uploads\/2021\/10\/Inteligjenca-Kosove-300x169.jpg 300w, https:\/\/www.hashtag.al\/wp-content\/uploads\/2021\/10\/Inteligjenca-Kosove-768x432.jpg 768w\" sizes=\"auto, (max-width: 780px) 100vw, 780px\" \/><\/a><\/span><\/p>\n<p><span style=\"color: #000000;\">Prokuroria Themelore e Prishtin\u00ebs ka arrestuar sot nj\u00eb ish-punonj\u00ebs t\u00eb Inteligjenc\u00ebs s\u00eb Kosov\u00ebs, i cili dyshohet se ka zbuluar informacione t\u00eb klasifikuara q\u00eb kan\u00eb rrezikuar sigurin\u00eb e vendit.<\/span><\/p>\n<p><span style=\"color: #000000;\">Personi me inicialet M.K., akuzohet p\u00ebr keqp\u00ebrdorim t\u00eb pozit\u00ebs apo autoritetit zyrtar, keqp\u00ebrdorim t\u00eb informat\u00ebs zyrtare, hyrje n\u00eb sistemet kompjuterike, zbulim t\u00eb informacioneve t\u00eb klasifikuara dhe mos ruajtje e informacioneve t\u00eb klasifikuara dhe fotografim e incizimet tjera t\u00eb paautorizuara.<\/span><\/p>\n<p><span style=\"color: #000000;\"><strong>Komunikata e Prokuroris\u00eb:<\/strong><\/span><\/p>\n<p><span style=\"color: #000000;\">Ndalohet nj\u00eb person p\u00ebr keqp\u00ebrdorim t\u00eb pozit\u00ebs apo autoritetit zyrtar, keqp\u00ebrdorim t\u00eb informat\u00ebs zyrtare, hyrje n\u00eb sistemet kompjuterike, zbulim t\u00eb informacioneve t\u00eb klasifikuara dhe mos ruajtje e informacioneve t\u00eb klasifikuara dhe fotografim e incizimet tjera t\u00eb paautorizuara<\/span><\/p>\n<p><span style=\"color: #000000;\">Prishtin\u00eb, 21 tetor 2021\u2013 Prokuroria Themelore n\u00eb Prishtin\u00eb, njofton opinionin publik se Departamenti i Krimeve t\u00eb R\u00ebnda, konkretisht Nj\u00ebsiti p\u00ebr Krime Ekonomike dhe Korrupsion, me aktvendim t\u00eb prokurorit t\u00eb shtetit ka ndaluar n\u00eb koh\u00ebzgjatje prej 48 or\u00ebsh personin me inicialet M.K., p\u00ebr shkak t\u00eb dyshimit se i nj\u00ebjti ka kryer veprat penale \u201cKeqp\u00ebrdorimi i pozit\u00ebs apo autoritetit zyrtar\u201d, \u201cKeqp\u00ebrdorimi i informat\u00ebs zyrtare\u201d, \u201cHyrja n\u00eb sistemet kompjuterike\u201d, \u201cZbulimi i informacioneve t\u00eb klasifikuara dhe mos ruajtja e informacioneve t\u00eb klasifikuara\u201d dhe \u201cFotografimi dhe incizimet tjera t\u00eb paautorizuara\u201d, t\u00eb parapara sipas Kodit Penal t\u00eb Republik\u00ebs s\u00eb Kosov\u00ebs.<\/span><\/p>\n<p><span style=\"color: #000000;\">Pas nj\u00eb bashk\u00ebpunimi nd\u00ebrmjet AKI-s\u00eb dhe Prokuroris\u00eb Themelore n\u00eb Prishtin\u00eb, po ashtu n\u00eb koordinim edhe me Policin\u00eb e Kosov\u00ebs, sot \u00ebsht\u00eb arrestuar dhe ndaluar personi me inicialet M.K., ish-punonj\u00ebs i AKI-s\u00eb, pasi ekziston dyshimi i bazuar se i nj\u00ebjti, n\u00eb cil\u00ebsin\u00eb e personit zyrtar, ka vepruar me motive t\u00eb dyshimta, duke keqp\u00ebrdorur pozit\u00ebn zyrtare dhe zbuluar informacion t\u00eb klasifikuar, andaj me k\u00ebto veprime dyshohet se personi i lartcekur ka cenuar sigurin\u00eb e Republik\u00ebs s\u00eb Kosov\u00ebs.<\/span><\/p>\n<p><span style=\"color: #000000;\">Ndaj t\u00eb nj\u00ebjtit, ju njoftojm\u00eb se do t\u00eb nd\u00ebrmerren veprime t\u00eb tjera procedurale.<\/span><\/p>\n","protected":false,"gt_translate_keys":[{"key":"rendered","format":"html"}]},"excerpt":{"rendered":"<p>Prokuroria Themelore e Prishtin\u00ebs ka arrestuar sot nj\u00eb ish-punonj\u00ebs t\u00eb Inteligjenc\u00ebs s\u00eb Kosov\u00ebs, i cili dyshohet se ka zbuluar informacione t\u00eb klasifikuara q\u00eb kan\u00eb rrezikuar sigurin\u00eb e vendit. Personi me inicialet M.K., akuzohet p\u00ebr keqp\u00ebrdorim t\u00eb pozit\u00ebs apo autoritetit zyrtar, keqp\u00ebrdorim t\u00eb informat\u00ebs zyrtare, hyrje n\u00eb sistemet kompjuterike, zbulim t\u00eb informacioneve t\u00eb klasifikuara dhe mos [&hellip;]<\/p>\n","protected":false,"gt_translate_keys":[{"key":"rendered","format":"html"}]},"author":30,"featured_media":479854,"comment_status":"closed","ping_status":"closed","sticky":false,"template":"","format":"standard","meta":{"footnotes":""},"categories":[65,13],"tags":[],"class_list":["post-479852","post","type-post","status-publish","format-standard","has-post-thumbnail","hentry","category-lajme","category-te-fundit"],"gt_translate_keys":[{"key":"link","format":"url"}],"_links":{"self":[{"href":"https:\/\/www.hashtag.al\/index.php\/wp-json\/wp\/v2\/posts\/479852","targetHints":{"allow":["GET"]}}],"collection":[{"href":"https:\/\/www.hashtag.al\/index.php\/wp-json\/wp\/v2\/posts"}],"about":[{"href":"https:\/\/www.hashtag.al\/index.php\/wp-json\/wp\/v2\/types\/post"}],"author":[{"embeddable":true,"href":"https:\/\/www.hashtag.al\/index.php\/wp-json\/wp\/v2\/users\/30"}],"replies":[{"embeddable":true,"href":"https:\/\/www.hashtag.al\/index.php\/wp-json\/wp\/v2\/comments?post=479852"}],"version-history":[{"count":0,"href":"https:\/\/www.hashtag.al\/index.php\/wp-json\/wp\/v2\/posts\/479852\/revisions"}],"wp:featuredmedia":[{"embeddable":true,"href":"https:\/\/www.hashtag.al\/index.php\/wp-json\/wp\/v2\/media\/479854"}],"wp:attachment":[{"href":"https:\/\/www.hashtag.al\/index.php\/wp-json\/wp\/v2\/media?parent=479852"}],"wp:term":[{"taxonomy":"category","embeddable":true,"href":"https:\/\/www.hashtag.al\/index.php\/wp-json\/wp\/v2\/categories?post=479852"},{"taxonomy":"post_tag","embeddable":true,"href":"https:\/\/www.hashtag.al\/index.php\/wp-json\/wp\/v2\/tags?post=479852"}],"curies":[{"name":"wp","href":"https:\/\/api.w.org\/{rel}","templated":true}]}}