{"id":479805,"date":"2021-10-21T12:30:10","date_gmt":"2021-10-21T10:30:10","guid":{"rendered":"https:\/\/www.hashtag.al\/?p=479805"},"modified":"2021-10-21T16:30:52","modified_gmt":"2021-10-21T14:30:52","slug":"lsi-kallezim-ne-spak-per-inceneratorin-e-fierit-akuza-ndaj-ish-ministrit-lefter-koka-kryebashkiakut-armando-subashit-dhe-deputetit-alqi-bllako","status":"publish","type":"post","link":"https:\/\/www.hashtag.al\/index.php\/2021\/10\/21\/lsi-kallezim-ne-spak-per-inceneratorin-e-fierit-akuza-ndaj-ish-ministrit-lefter-koka-kryebashkiakut-armando-subashit-dhe-deputetit-alqi-bllako\/","title":{"rendered":"LSI kall\u00ebzim n\u00eb SPAK p\u00ebr inceneratorin e Fierit &#8211; Akuza ndaj ish-ministrit Lefter Koka, kryebashkiakut Armando Subashit dhe deputetit Alqi Bllako","gt_translate_keys":[{"key":"rendered","format":"text"}]},"content":{"rendered":"<p><span style=\"color: #000000;\"><a href=\"https:\/\/www.hashtag.al\/wp-content\/uploads\/2021\/10\/Kryemadhi-padi.png\"><img loading=\"lazy\" decoding=\"async\" class=\"aligncenter size-full wp-image-479808\" src=\"https:\/\/www.hashtag.al\/wp-content\/uploads\/2021\/10\/Kryemadhi-padi.png\" alt=\"\" width=\"1660\" height=\"918\" srcset=\"https:\/\/www.hashtag.al\/wp-content\/uploads\/2021\/10\/Kryemadhi-padi.png 1660w, https:\/\/www.hashtag.al\/wp-content\/uploads\/2021\/10\/Kryemadhi-padi-300x166.png 300w, https:\/\/www.hashtag.al\/wp-content\/uploads\/2021\/10\/Kryemadhi-padi-768x425.png 768w, https:\/\/www.hashtag.al\/wp-content\/uploads\/2021\/10\/Kryemadhi-padi-1024x566.png 1024w, https:\/\/www.hashtag.al\/wp-content\/uploads\/2021\/10\/Kryemadhi-padi-750x415.png 750w\" sizes=\"auto, (max-width: 1660px) 100vw, 1660px\" \/><\/a><\/span><\/p>\n<p><span style=\"color: #000000;\">Kryetarja e LSI-s\u00eb, Monika Kryemadhi ka dor\u00ebzuar n\u00eb SPAK kall\u00ebzimin e tret\u00eb p\u00ebr incenerator\u00ebt. <\/span><span style=\"color: #000000;\">Pas padis\u00eb p\u00ebr inceneratorin e Tiran\u00ebs dhe Elbasanit, Kryemadhi ka dor\u00ebzuar n\u00eb SPAK kall\u00ebzim dhe p\u00ebr at\u00eb t\u00eb Fierit.<\/span><\/p>\n<p><span style=\"color: #000000;\">N\u00eb kall\u00ebzimin e LSI-s\u00eb akuzohet ish-ministri i Mjedisit Lefter Koka, ish-sekretari i P\u00ebrgjithsh\u00ebm i k\u00ebsaj ministrie sot deputet i Partis\u00eb Socialiste, Alqi Bllako si dhe kryetari i Bashkis\u00eb s\u00eb Fierit, Armando Subashi se kan\u00eb kryer dy vepra penale at\u00eb t\u00eb \u2018Shkeljes s\u00eb barazis\u00eb n\u00eb tendera\u2019 dhe \u2018Shp\u00ebrdorimin e\u00a0 Detyr\u00ebs\u2019.<\/span><\/p>\n<p><strong><span style=\"color: #000000;\">Shkeljet e koncesionit n\u00eb inceneratorin e Fierit sipas LSI-s\u00eb:<\/span><\/strong><\/p>\n<ol>\n<li><span style=\"color: #000000;\">Procedura \u00ebsht\u00eb publikuar si \u2018Tender Komb\u00ebtar\u2019, nd\u00ebrkoh\u00eb q\u00eb sipas vler\u00ebs duhej t\u00eb ishte \u2018Tender i Hapur Nd\u00ebrkomb\u00ebtar\u2019. Kjo ka sjell\u00eb kufizimin e konkurrenc\u00ebs, faktin q\u00eb ka marr\u00eb pjes\u00eb vet\u00ebm nj\u00eb subjekt. Vepra Penale: \u2018Shkelje t\u00eb Barazis\u00eb s\u00eb Pjes\u00ebmarr\u00ebsve n\u00eb Tendera\u2019.<\/span><\/li>\n<li><span style=\"color: #000000;\">Ka ndryshuar vendi ku do t\u00eb nd\u00ebrtohej inceneratori i Fierit. Nga nj\u00eb sip\u00ebrfaqe 6 hektar\u00eb pa pages\u00eb n\u00eb Port\u00ebz, ka kaluar n\u00eb nj\u00eb sip\u00ebrfaqe 11.3 hektar\u00eb, sip\u00ebrfaqe kjo q\u00eb duhej t\u00eb shpron\u00ebsohej, duke i sjell\u00eb d\u00ebm ekonomik shtetit shqiptar n\u00eb vler\u00ebn 46 milion\u00eb lek\u00eb t\u00eb reja. Vepra penale: \u2018Shp\u00ebrdorim Detyre i ish-Ministrit Lefter Koka dhe Kryetarit t\u00eb Bashkis\u00eb Fier, Armando Subashi.<\/span><\/li>\n<li><span style=\"color: #000000;\">Tre dit\u00eb pas firmosjes s\u00eb kontrat\u00ebs, ka ndryshuar nj\u00eb nga an\u00ebtar\u00ebt e bashkimit t\u00eb shoq\u00ebrive ofertuese t\u00eb sh\u00ebrbimit. Pa verifikuar m\u00eb par\u00eb kriteret e kualifikimit dhe pa marr\u00eb miratimin nga Ministria e Financave. Vepra Penale: \u2018Shp\u00ebrdorim Detyre\u2019 dhe \u2018Shkelje e Barazis\u00eb s\u00eb Pjes\u00ebmarr\u00ebsve n\u00eb Tendera\u2019.<\/span><\/li>\n<li><span style=\"color: #000000;\">Nga 20 muaj q\u00eb parashikohej t\u00eb nd\u00ebrtohej impianti(Propozimi i Fituesit), me marr\u00ebveshje t\u00eb firmosur nga Alqi Bllako, \u00ebsht\u00eb zgjatur afati deri n\u00eb 31 Mars 2021. Pra, me shum\u00eb se 5 vjet, duke b\u00ebr\u00eb q\u00eb t\u00eb rr\u00ebzohej pretendimi i ngritur nga pal\u00ebt p\u00ebr situat\u00ebn e emergjenc\u00ebs mjedisore.<\/span><\/li>\n<li><span style=\"color: #000000;\">Publikimi i Procedur\u00ebs \u00ebsht\u00eb kryer pa marr\u00eb miratimin nga Ministria e Financave, q\u00eb \u00ebsht\u00eb e detyrueshme me ligj.<\/span><\/li>\n<li><span style=\"color: #000000;\">Zhvendosja e inceneratorit u b\u00eb duke shkelur ligjin lidhur me detyrimin p\u00ebr t\u00eb marr\u00eb mendimin e komunitetit t\u00eb banor\u00ebve t\u00eb zon\u00ebs.<\/span><\/li>\n<\/ol>\n<p><a href=\"https:\/\/www.hashtag.al\/wp-content\/uploads\/2021\/10\/Kallzimi-i-LSI-inceneratoret-e1634809042242.jpg\"><img loading=\"lazy\" decoding=\"async\" class=\"aligncenter size-full wp-image-479806\" src=\"https:\/\/www.hashtag.al\/wp-content\/uploads\/2021\/10\/Kallzimi-i-LSI-inceneratoret-e1634809042242.jpg\" alt=\"\" width=\"756\" height=\"1072\" srcset=\"https:\/\/www.hashtag.al\/wp-content\/uploads\/2021\/10\/Kallzimi-i-LSI-inceneratoret-e1634809042242.jpg 756w, https:\/\/www.hashtag.al\/wp-content\/uploads\/2021\/10\/Kallzimi-i-LSI-inceneratoret-e1634809042242-212x300.jpg 212w, https:\/\/www.hashtag.al\/wp-content\/uploads\/2021\/10\/Kallzimi-i-LSI-inceneratoret-e1634809042242-722x1024.jpg 722w\" sizes=\"auto, (max-width: 756px) 100vw, 756px\" \/><\/a><\/p>\n","protected":false,"gt_translate_keys":[{"key":"rendered","format":"html"}]},"excerpt":{"rendered":"<p>Kryetarja e LSI-s\u00eb, Monika Kryemadhi ka dor\u00ebzuar n\u00eb SPAK kall\u00ebzimin e tret\u00eb p\u00ebr incenerator\u00ebt. Pas padis\u00eb p\u00ebr inceneratorin e Tiran\u00ebs dhe Elbasanit, Kryemadhi ka dor\u00ebzuar n\u00eb SPAK kall\u00ebzim dhe p\u00ebr at\u00eb t\u00eb Fierit. N\u00eb kall\u00ebzimin e LSI-s\u00eb akuzohet ish-ministri i Mjedisit Lefter Koka, ish-sekretari i P\u00ebrgjithsh\u00ebm i k\u00ebsaj ministrie sot deputet i Partis\u00eb Socialiste, Alqi [&hellip;]<\/p>\n","protected":false,"gt_translate_keys":[{"key":"rendered","format":"html"}]},"author":30,"featured_media":479808,"comment_status":"closed","ping_status":"closed","sticky":false,"template":"","format":"standard","meta":{"footnotes":""},"categories":[22,65,13],"tags":[],"class_list":["post-479805","post","type-post","status-publish","format-standard","has-post-thumbnail","hentry","category-ballina","category-lajme","category-te-fundit"],"gt_translate_keys":[{"key":"link","format":"url"}],"_links":{"self":[{"href":"https:\/\/www.hashtag.al\/index.php\/wp-json\/wp\/v2\/posts\/479805","targetHints":{"allow":["GET"]}}],"collection":[{"href":"https:\/\/www.hashtag.al\/index.php\/wp-json\/wp\/v2\/posts"}],"about":[{"href":"https:\/\/www.hashtag.al\/index.php\/wp-json\/wp\/v2\/types\/post"}],"author":[{"embeddable":true,"href":"https:\/\/www.hashtag.al\/index.php\/wp-json\/wp\/v2\/users\/30"}],"replies":[{"embeddable":true,"href":"https:\/\/www.hashtag.al\/index.php\/wp-json\/wp\/v2\/comments?post=479805"}],"version-history":[{"count":0,"href":"https:\/\/www.hashtag.al\/index.php\/wp-json\/wp\/v2\/posts\/479805\/revisions"}],"wp:featuredmedia":[{"embeddable":true,"href":"https:\/\/www.hashtag.al\/index.php\/wp-json\/wp\/v2\/media\/479808"}],"wp:attachment":[{"href":"https:\/\/www.hashtag.al\/index.php\/wp-json\/wp\/v2\/media?parent=479805"}],"wp:term":[{"taxonomy":"category","embeddable":true,"href":"https:\/\/www.hashtag.al\/index.php\/wp-json\/wp\/v2\/categories?post=479805"},{"taxonomy":"post_tag","embeddable":true,"href":"https:\/\/www.hashtag.al\/index.php\/wp-json\/wp\/v2\/tags?post=479805"}],"curies":[{"name":"wp","href":"https:\/\/api.w.org\/{rel}","templated":true}]}}