{"id":479642,"date":"2021-10-20T15:09:02","date_gmt":"2021-10-20T13:09:02","guid":{"rendered":"https:\/\/www.hashtag.al\/?p=479642"},"modified":"2021-10-20T15:09:02","modified_gmt":"2021-10-20T13:09:02","slug":"blinken-e-borrel-ne-deklarate-te-perbashket-ballkani-i-perket-be-se-te-nisin-pa-vonese-negociatat-me-shqiperine-dhe-maqedonine-e-veriut","status":"publish","type":"post","link":"https:\/\/www.hashtag.al\/index.php\/2021\/10\/20\/blinken-e-borrel-ne-deklarate-te-perbashket-ballkani-i-perket-be-se-te-nisin-pa-vonese-negociatat-me-shqiperine-dhe-maqedonine-e-veriut\/","title":{"rendered":"Blinken e Borrel n\u00eb deklarat\u00eb t\u00eb p\u00ebrbashk\u00ebt: Ballkani i p\u00ebrket BE-s\u00eb, t\u00eb nisin pa vones\u00eb negociatat me Shqip\u00ebrin\u00eb dhe Maqedonin\u00eb e Veriut","gt_translate_keys":[{"key":"rendered","format":"text"}]},"content":{"rendered":"<p><span style=\"color: #000000;\"><a href=\"https:\/\/www.hashtag.al\/wp-content\/uploads\/2021\/10\/blinken.jpg\"><img loading=\"lazy\" decoding=\"async\" class=\"aligncenter size-full wp-image-479643\" src=\"https:\/\/www.hashtag.al\/wp-content\/uploads\/2021\/10\/blinken.jpg\" alt=\"\" width=\"770\" height=\"426\" srcset=\"https:\/\/www.hashtag.al\/wp-content\/uploads\/2021\/10\/blinken.jpg 770w, https:\/\/www.hashtag.al\/wp-content\/uploads\/2021\/10\/blinken-300x166.jpg 300w, https:\/\/www.hashtag.al\/wp-content\/uploads\/2021\/10\/blinken-768x425.jpg 768w, https:\/\/www.hashtag.al\/wp-content\/uploads\/2021\/10\/blinken-750x415.jpg 750w\" sizes=\"auto, (max-width: 770px) 100vw, 770px\" \/><\/a><\/span><\/p>\n<p><span style=\"color: #000000;\">Shtetet e Bashkuara dhe Bashkimi Evropian do t\u00eb forcojn\u00eb m\u00eb tej angazhimin e tyre p\u00ebr Ballkanin Per\u00ebndimor, n\u00eb mb\u00ebshtetje t\u00eb p\u00ebrparimit t\u00eb rajonit drejt integrimit evropian.<\/span><\/p>\n<p><span style=\"color: #000000;\">T\u00eb pakt\u00ebn k\u00ebshtu thuhet n\u00eb nj\u00eb deklarat\u00eb t\u00eb p\u00ebrbashk\u00ebt t\u00eb Uashingtonit dhe Brukselit, q\u00eb vjen menj\u00ebher\u00eb pas takimit t\u00eb Sekretarit amerikan t\u00eb Shtetit Antony Blinken me P\u00ebrfaq\u00ebsuesin e Lart\u00eb t\u00eb BE p\u00ebr Politik\u00ebn e Jashtme Josep Borrell.<\/span><\/p>\n<p><span style=\"color: #000000;\">N\u00eb <span style=\"color: #0000ff;\"><a style=\"color: #0000ff;\" href=\"https:\/\/www.state.gov\/joint-statement-on-the-western-balkans\/\">deklarat\u00eb<\/a> <\/span>thuhet se an\u00ebtar\u00ebsimi n\u00eb BE thuhet se do t\u2019i ndihmoj\u00eb k\u00ebto vende t\u00eb konsolidojn\u00eb institucionet demokratike, t\u00eb mbrojn\u00eb t\u00eb drejtat themelore dhe t\u00eb zbatojn\u00eb shtetin ligjor.<\/span><\/p>\n<p><span style=\"color: #000000;\">N\u00eb k\u00ebt\u00eb deklarat\u00eb theksohet r\u00ebnd\u00ebsia e Dialogut t\u00eb leht\u00ebsuar nga BE, midis Serbis\u00eb dhe Kosov\u00ebs.<\/span><\/p>\n<p><span style=\"color: #000000;\"><em>\u201cPas jav\u00ebve t\u00eb fundit t\u00eb tensionit n\u00eb veri t\u00eb Kosov\u00ebs, ne inkurajojm\u00eb t\u00eb dyja pal\u00ebt q\u00eb t\u00eb angazhohen n\u00eb de-p\u00ebrshkall\u00ebzim t\u00eb vazhduesh\u00ebm dhe t\u00eb q\u00ebndruesh\u00ebm dhe t\u00eb shmangin veprimet q\u00eb k\u00ebrc\u00ebnojn\u00eb stabilitetin.\u201d-<\/em> thuhet n\u00eb njoftim.<\/span><\/p>\n<p><span style=\"color: #000000;\"><strong>DEKLARATA<\/strong><\/span><\/p>\n<p><span style=\"color: #000000;\">Pas takimit t\u00eb fundit midis Sekretarit Blinken dhe P\u00ebrfaq\u00ebsuesit t\u00eb Lart\u00eb Borrell, Shtetet e Bashkuara dhe BE ran\u00eb dakord t\u00eb forcojn\u00eb m\u00eb tej angazhimin e tyre t\u00eb p\u00ebrbashk\u00ebt p\u00ebr Ballkanin Per\u00ebndimor n\u00eb mb\u00ebshtetje t\u00eb p\u00ebrparimit t\u00eb rajonit n\u00eb rrug\u00ebn e tij evropiane. Ne n\u00ebnvizojm\u00eb mb\u00ebshtetjen ton\u00eb t\u00eb plot\u00eb p\u00ebr procesin e zgjerimit t\u00eb BE -s\u00eb. Pranimi n\u00eb BE, nj\u00eb p\u00ebrpar\u00ebsi e deklaruar p\u00ebr t\u00eb gjith\u00eb Ballkanin Per\u00ebndimor, ndihmon n\u00eb konsolidimin e institucioneve demokratike, n\u00eb mbrojtjen e t\u00eb drejtave themelore dhe n\u00eb avancimin e sundimit t\u00eb ligjit. Ky rajon i p\u00ebrket Bashkimit Evropian. Integrimi m\u00eb i ngusht\u00eb do t\u00eb rris\u00eb stabilitetin dhe do t\u00eb kontribuoj\u00eb n\u00eb prosperitetin e njer\u00ebzve t\u00eb rajonit. N\u00eb k\u00ebt\u00eb kontekst, ne theksojm\u00eb se negociatat e pranimit me Shqip\u00ebrin\u00eb dhe Maqedonin\u00eb e Veriut duhet t\u00eb fillojn\u00eb pa vones\u00eb.<\/span><\/p>\n<p><span style=\"color: #000000;\">Shtetet e Bashkuara dhe Bashkimi Evropian jan\u00eb t\u00eb bashkuar n\u00eb mb\u00ebshtetjen e tyre t\u00eb fort\u00eb p\u00ebr integritetin territorial t\u00eb Bosnj\u00ebs dhe Hercegovin\u00ebs, si dhe n\u00eb pun\u00ebn e tyre t\u00eb p\u00ebrbashk\u00ebt p\u00ebr t\u00eb promovuar reform\u00ebn zgjedhore dhe kushtetuese dhe p\u00ebr t\u00eb ruajtur funksionalitetin e institucioneve t\u00eb saj shtet\u00ebrore. Ne kemi shqet\u00ebsime serioze p\u00ebr retorik\u00ebn gjithnj\u00eb e m\u00eb p\u00ebr\u00e7ar\u00ebse n\u00eb Bosnj\u00eb dhe Hercegovin\u00eb. Ne u b\u00ebjm\u00eb thirrje t\u00eb gjitha pal\u00ebve t\u00eb respektojn\u00eb dhe mbrojn\u00eb institucionet shtet\u00ebrore, t\u00eb rifillojn\u00eb dialogun konstruktiv dhe t\u00eb nd\u00ebrmarrin hapa p\u00ebr t\u00eb \u00e7uar p\u00ebrpara p\u00ebrparimin n\u00eb rrug\u00ebn e integrimit n\u00eb BE &#8211; p\u00ebrfshir\u00eb reformat p\u00ebrkat\u00ebse. BE -ja dhe Shtetet e Bashkuara jan\u00eb gati t\u00eb leht\u00ebsojn\u00eb k\u00ebto hapa.<\/span><\/p>\n<p><span style=\"color: #000000;\">Theksojm\u00eb r\u00ebnd\u00ebsin\u00eb e Dialogut t\u00eb leht\u00ebsuar nga BE, i cili \u00ebsht\u00eb mekanizmi kryesor p\u00ebr t\u00eb adresuar normalizimin gjith\u00ebp\u00ebrfshir\u00ebs t\u00eb marr\u00ebdh\u00ebnieve midis Serbis\u00eb dhe Kosov\u00ebs. Pas jav\u00ebve t\u00eb fundit t\u00eb tensionit n\u00eb veri t\u00eb Kosov\u00ebs, ne inkurajojm\u00eb t\u00eb dyja pal\u00ebt q\u00eb t\u00eb angazhohen n\u00eb de-p\u00ebrshkall\u00ebzim t\u00eb vazhduesh\u00ebm dhe t\u00eb q\u00ebndruesh\u00ebm dhe t\u00eb shmangin veprimet q\u00eb k\u00ebrc\u00ebnojn\u00eb stabilitetin. Ne mir\u00ebpresim dhe mb\u00ebshtesim angazhimin e Kosov\u00ebs p\u00ebr t\u00eb luftuar korrupsionin dhe krimin e organizuar, dhe ritheksojm\u00eb se dhuna kund\u00ebr civil\u00ebve, gazetar\u00ebve, policis\u00eb ose autoriteteve t\u00eb tjera \u00ebsht\u00eb e papranueshme.<\/span><\/p>\n<p><span style=\"color: #000000;\">Ne i b\u00ebjm\u00eb thirrje t\u00eb gjitha forcave politike n\u00eb Mal t\u00eb Zi q\u00eb t\u00eb punojn\u00eb s\u00eb bashku p\u00ebr t\u00eb ruajtur nj\u00eb orientim strategjik q\u00eb reflekton d\u00ebshir\u00ebn e popullit t\u00eb Malit t\u00eb Zi p\u00ebr t\u00eb arritur reformat e nevojshme p\u00ebr t&#8217;i b\u00ebr\u00eb realitet shpresat e tyre p\u00ebr nj\u00eb t\u00eb ardhme n\u00eb BE.<\/span><\/p>\n","protected":false,"gt_translate_keys":[{"key":"rendered","format":"html"}]},"excerpt":{"rendered":"<p>Shtetet e Bashkuara dhe Bashkimi Evropian do t\u00eb forcojn\u00eb m\u00eb tej angazhimin e tyre p\u00ebr Ballkanin Per\u00ebndimor, n\u00eb mb\u00ebshtetje t\u00eb p\u00ebrparimit t\u00eb rajonit drejt integrimit evropian. T\u00eb pakt\u00ebn k\u00ebshtu thuhet n\u00eb nj\u00eb deklarat\u00eb t\u00eb p\u00ebrbashk\u00ebt t\u00eb Uashingtonit dhe Brukselit, q\u00eb vjen menj\u00ebher\u00eb pas takimit t\u00eb Sekretarit amerikan t\u00eb Shtetit Antony Blinken me P\u00ebrfaq\u00ebsuesin e Lart\u00eb [&hellip;]<\/p>\n","protected":false,"gt_translate_keys":[{"key":"rendered","format":"html"}]},"author":30,"featured_media":479643,"comment_status":"closed","ping_status":"closed","sticky":false,"template":"","format":"standard","meta":{"footnotes":""},"categories":[65,13],"tags":[],"class_list":["post-479642","post","type-post","status-publish","format-standard","has-post-thumbnail","hentry","category-lajme","category-te-fundit"],"gt_translate_keys":[{"key":"link","format":"url"}],"_links":{"self":[{"href":"https:\/\/www.hashtag.al\/index.php\/wp-json\/wp\/v2\/posts\/479642","targetHints":{"allow":["GET"]}}],"collection":[{"href":"https:\/\/www.hashtag.al\/index.php\/wp-json\/wp\/v2\/posts"}],"about":[{"href":"https:\/\/www.hashtag.al\/index.php\/wp-json\/wp\/v2\/types\/post"}],"author":[{"embeddable":true,"href":"https:\/\/www.hashtag.al\/index.php\/wp-json\/wp\/v2\/users\/30"}],"replies":[{"embeddable":true,"href":"https:\/\/www.hashtag.al\/index.php\/wp-json\/wp\/v2\/comments?post=479642"}],"version-history":[{"count":0,"href":"https:\/\/www.hashtag.al\/index.php\/wp-json\/wp\/v2\/posts\/479642\/revisions"}],"wp:featuredmedia":[{"embeddable":true,"href":"https:\/\/www.hashtag.al\/index.php\/wp-json\/wp\/v2\/media\/479643"}],"wp:attachment":[{"href":"https:\/\/www.hashtag.al\/index.php\/wp-json\/wp\/v2\/media?parent=479642"}],"wp:term":[{"taxonomy":"category","embeddable":true,"href":"https:\/\/www.hashtag.al\/index.php\/wp-json\/wp\/v2\/categories?post=479642"},{"taxonomy":"post_tag","embeddable":true,"href":"https:\/\/www.hashtag.al\/index.php\/wp-json\/wp\/v2\/tags?post=479642"}],"curies":[{"name":"wp","href":"https:\/\/api.w.org\/{rel}","templated":true}]}}