{"id":479546,"date":"2021-10-20T08:23:54","date_gmt":"2021-10-20T06:23:54","guid":{"rendered":"https:\/\/www.hashtag.al\/?p=479546"},"modified":"2021-10-20T08:23:54","modified_gmt":"2021-10-20T06:23:54","slug":"rajoni-i-qendres-se-vendit-arrin-europen-per-jetegjatesine-mbi-81-vjec","status":"publish","type":"post","link":"https:\/\/www.hashtag.al\/index.php\/2021\/10\/20\/rajoni-i-qendres-se-vendit-arrin-europen-per-jetegjatesine-mbi-81-vjec\/","title":{"rendered":"Rajoni i Qendr\u00ebs s\u00eb vendit arrin Europ\u00ebn p\u00ebr jet\u00ebgjat\u00ebsin\u00eb, mbi 81 vje\u00e7","gt_translate_keys":[{"key":"rendered","format":"text"}]},"content":{"rendered":"<p><span style=\"color: #000000;\"><img loading=\"lazy\" decoding=\"async\" class=\"aligncenter size-full wp-image-479547\" src=\"https:\/\/www.hashtag.al\/wp-content\/uploads\/2021\/10\/qendra2.png\" alt=\"\" width=\"1495\" height=\"819\" srcset=\"https:\/\/www.hashtag.al\/wp-content\/uploads\/2021\/10\/qendra2.png 1495w, https:\/\/www.hashtag.al\/wp-content\/uploads\/2021\/10\/qendra2-300x164.png 300w, https:\/\/www.hashtag.al\/wp-content\/uploads\/2021\/10\/qendra2-768x421.png 768w, https:\/\/www.hashtag.al\/wp-content\/uploads\/2021\/10\/qendra2-1024x561.png 1024w\" sizes=\"auto, (max-width: 1495px) 100vw, 1495px\" \/><\/span><\/p>\n<p><span style=\"color: #000000;\">Popullsia e qendr\u00ebs s\u00eb vendit (Tiran\u00eb-Elbasan) arriti mesataren europiane p\u00ebr jet\u00ebgjat\u00ebsin\u00eb m\u00eb 2019.<\/span><\/p>\n<p><span style=\"color: #000000;\">Sipas t\u00eb dh\u00ebnave t\u00eb krahasueshme t\u00eb Eurostat p\u00ebr rajonet e Europ\u00ebs, popullsia e Rajonit t\u00eb Qendr\u00ebs s\u00eb vendit jetoi n\u00eb vitin 2019 mesatarisht 81-82 vite (shih hart\u00ebn bashk\u00ebngjitur). Kjo jet\u00ebgjat\u00ebsi \u00ebsht\u00eb e krahasueshme me shumic\u00ebn e rajoneve t\u00eb BE.<\/span><\/p>\n<p><span style=\"color: #000000;\">Gjithashtu, popullsia e Rajonit t\u00eb Qendr\u00ebs s\u00eb Shqip\u00ebris\u00eb u rendit si m\u00eb jet\u00ebgjata edhe n\u00eb vendet e Ballkanit Per\u00ebndimor, ku si\u00e7 shihet n\u00eb hart\u00eb (ngjyra drejt blus\u00eb s\u00eb theksuar tregon jet\u00ebgjat\u00ebsi m\u00eb t\u00eb ul\u00ebt).<\/span><\/p>\n<p><span style=\"color: #000000;\">Sipas t\u00eb dh\u00ebnave t\u00eb brendshme nga INSTAT, jet\u00ebgjat\u00ebsia n\u00eb Shqip\u00ebri ishte 75.5 vje\u00e7 p\u00ebr meshkujt dhe 79,6 vje\u00e7 p\u00ebr femrat duke sh\u00ebnuar ulje n\u00eb vitin 2020, e ndikuar nga rritja e numrit t\u00eb vdekjeve prej efekteve t\u00eb pandemis\u00eb Covid-19.<\/span><\/p>\n<p><span style=\"color: #000000;\">Femrat shqiptare t\u00eb lindura n\u00eb vitin 2020 pritet t\u00eb jetojn\u00eb 4,4 vjet m\u00eb shum\u00eb sesa meshkujt shqiptar\u00eb t\u00eb lindur n\u00eb t\u00eb nj\u00ebjtin vit.<\/span><\/p>\n<p><span style=\"color: #000000;\">Edhe pse mungon mund\u00ebsia p\u00ebr t\u00eb pasur nj\u00eb jet\u00eb t\u00eb sh\u00ebndetshme si n\u00eb vitet 1960, ku ndotja dhe mungesa e siguris\u00eb ushqimore nuk kan\u00eb qen\u00eb n\u00eb k\u00ebt\u00eb mas\u00eb se sa sot, shqiptar\u00ebt jan\u00eb b\u00ebr\u00eb m\u00eb jet\u00ebgjat\u00eb t\u00eb pakt\u00ebn mbi 16 vite deri n\u00eb vitin 2019.<\/span><\/p>\n<p><span style=\"color: #000000;\">Edhe pse disa s\u00ebmundje me natyr\u00eb kancerogjene jan\u00eb shtuar, p\u00ebr disa t\u00eb tjera duket se, mjek\u00ebsia ka p\u00ebrparuar duke e rritur jet\u00ebgjat\u00ebsin\u00eb n\u00eb vend n\u00eb nj\u00eb gjysm\u00eb shekulli me 16 vite.<\/span><\/p>\n<p><span style=\"color: #000000;\">Sipas Eurostat jet\u00ebgjat\u00ebsia n\u00eb BE arriti n\u00eb 81.1 vjet n\u00eb 2019, por n\u00eb 93 rajone jet\u00ebgjat\u00ebsia ishte n\u00ebn 81.1 vite, nd\u00ebrsa 147 Rajone kishin jet\u00ebgjat\u00ebsi 81.1 vjet ose m\u00eb shum\u00eb.<\/span><\/p>\n<p><span style=\"color: #000000;\">Gjat\u00eb dy shekujve t\u00eb fundit, jet\u00ebgjat\u00ebsia n\u00eb BE u rrit relativisht me rit\u00ebm t\u00eb q\u00ebndruesh\u00ebm (me disa periudha t\u00eb jasht\u00ebzakonshme, t\u00eb tilla si n\u00eb periudhat e luft\u00ebs). Sipas Eurostat, rritja e jet\u00ebgjat\u00ebsis\u00eb i atribuohet kryesisht p\u00ebrparimeve n\u00eb kujdesin mjek\u00ebsor, ndryshimet n\u00eb kushtet e jetes\u00ebs, n\u00eb kushtet\/profesionet e pun\u00ebs, si dhe ndryshimi i m\u00ebnyr\u00ebs s\u00eb jetes\u00ebs.<\/span><\/p>\n<p><span style=\"color: #000000;\">P\u00ebrgjith\u00ebsisht, popullsia q\u00eb jeton m\u00eb gjat\u00eb n\u00eb Europ\u00eb \u00ebsht\u00eb e p\u00ebrqendruar n\u00eb rajonin Mesdheut. Ngjyra e fort\u00eb portokalli e hart\u00ebs s\u00eb m\u00ebposhtme tregon se, Spanja, Italia, dhe Greqia kan\u00eb shumic\u00ebn e rajoneve ku popullsia jeton m\u00eb shum\u00eb se, 83.5 vite.<\/span><\/p>\n<p><span style=\"color: #000000;\">N\u00eb BE, Bullgaria regjistroi nivelin m\u00eb t\u00eb ul\u00ebt t\u00eb jet\u00ebgjat\u00ebsis\u00eb, n\u00eb 73.6 vjet.<\/span><\/p>\n<p><span style=\"color: #000000;\">Gjat\u00eb periudh\u00ebs 2017-2019, jet\u00ebgjat\u00ebsia n\u00eb BE n\u00eb lindje ishte 83.8 vjet p\u00ebr grat\u00eb dhe 78.3 vjet p\u00ebr burrat. Gjat\u00eb k\u00ebt\u00eb periudh\u00eb, rajoni \u201cComunidad\u201d n\u00eb kryeqytetin spanjoll Madrid kishte nivelin m\u00eb t\u00eb lart\u00eb t\u00eb jet\u00ebgjat\u00ebsis\u00eb n\u00eb lindja si p\u00ebr grat\u00eb (mesatarisht 87.9 vjet) dhe p\u00ebr burrat (82.6 vjet). Jet\u00ebgjat\u00ebsia m\u00eb e lart\u00eb p\u00ebr grat\u00eb \u00ebsht\u00eb n\u00eb Spanj\u00eb, nd\u00ebrsa jet\u00ebgjat\u00ebsia m\u00eb e lart\u00eb p\u00ebr burrat ishte kryesisht regjistruar n\u00eb Italin\u00eb qendrore dhe veriore.<\/span><\/p>\n<p><span style=\"color: #000000;\">Hendeku gjinor i BE-s\u00eb p\u00ebr jet\u00ebgjat\u00ebsin\u00eb n\u00eb lindje ishte 5.5 vjet n\u00eb favor t\u00eb grave gjat\u00eb 2017-2019. N\u00eb Shqip\u00ebri kjo diferenc\u00eb ishte rreth 4 vite.<\/span><\/p>\n<p><span style=\"color: #000000;\"><span style=\"color: #ff0000;\"><strong>VINI RE<\/strong><\/span>: Ky material \u00ebsht\u00eb pron\u00ebsi intelektuale e <span style=\"color: #0000ff;\"><a style=\"color: #0000ff;\" href=\"https:\/\/www.monitor.al\/rajoni-i-qendres-se-vendit-arrin-europen-per-jetegjatesine-mbi-81-vjec\/\">Monitor<\/a><\/span><\/span><\/p>\n<p><img loading=\"lazy\" decoding=\"async\" class=\"aligncenter size-full wp-image-479548\" src=\"https:\/\/www.hashtag.al\/wp-content\/uploads\/2021\/10\/qendra.jpg\" alt=\"\" width=\"612\" height=\"722\" srcset=\"https:\/\/www.hashtag.al\/wp-content\/uploads\/2021\/10\/qendra.jpg 612w, https:\/\/www.hashtag.al\/wp-content\/uploads\/2021\/10\/qendra-254x300.jpg 254w\" sizes=\"auto, (max-width: 612px) 100vw, 612px\" \/><\/p>\n","protected":false,"gt_translate_keys":[{"key":"rendered","format":"html"}]},"excerpt":{"rendered":"<p>Popullsia e qendr\u00ebs s\u00eb vendit (Tiran\u00eb-Elbasan) arriti mesataren europiane p\u00ebr jet\u00ebgjat\u00ebsin\u00eb m\u00eb 2019. Sipas t\u00eb dh\u00ebnave t\u00eb krahasueshme t\u00eb Eurostat p\u00ebr rajonet e Europ\u00ebs, popullsia e Rajonit t\u00eb Qendr\u00ebs s\u00eb vendit jetoi n\u00eb vitin 2019 mesatarisht 81-82 vite (shih hart\u00ebn bashk\u00ebngjitur). Kjo jet\u00ebgjat\u00ebsi \u00ebsht\u00eb e krahasueshme me shumic\u00ebn e rajoneve t\u00eb BE. Gjithashtu, popullsia e [&hellip;]<\/p>\n","protected":false,"gt_translate_keys":[{"key":"rendered","format":"html"}]},"author":51,"featured_media":479547,"comment_status":"closed","ping_status":"closed","sticky":false,"template":"","format":"standard","meta":{"footnotes":""},"categories":[65,13],"tags":[],"class_list":["post-479546","post","type-post","status-publish","format-standard","has-post-thumbnail","hentry","category-lajme","category-te-fundit"],"gt_translate_keys":[{"key":"link","format":"url"}],"_links":{"self":[{"href":"https:\/\/www.hashtag.al\/index.php\/wp-json\/wp\/v2\/posts\/479546","targetHints":{"allow":["GET"]}}],"collection":[{"href":"https:\/\/www.hashtag.al\/index.php\/wp-json\/wp\/v2\/posts"}],"about":[{"href":"https:\/\/www.hashtag.al\/index.php\/wp-json\/wp\/v2\/types\/post"}],"author":[{"embeddable":true,"href":"https:\/\/www.hashtag.al\/index.php\/wp-json\/wp\/v2\/users\/51"}],"replies":[{"embeddable":true,"href":"https:\/\/www.hashtag.al\/index.php\/wp-json\/wp\/v2\/comments?post=479546"}],"version-history":[{"count":0,"href":"https:\/\/www.hashtag.al\/index.php\/wp-json\/wp\/v2\/posts\/479546\/revisions"}],"wp:featuredmedia":[{"embeddable":true,"href":"https:\/\/www.hashtag.al\/index.php\/wp-json\/wp\/v2\/media\/479547"}],"wp:attachment":[{"href":"https:\/\/www.hashtag.al\/index.php\/wp-json\/wp\/v2\/media?parent=479546"}],"wp:term":[{"taxonomy":"category","embeddable":true,"href":"https:\/\/www.hashtag.al\/index.php\/wp-json\/wp\/v2\/categories?post=479546"},{"taxonomy":"post_tag","embeddable":true,"href":"https:\/\/www.hashtag.al\/index.php\/wp-json\/wp\/v2\/tags?post=479546"}],"curies":[{"name":"wp","href":"https:\/\/api.w.org\/{rel}","templated":true}]}}