{"id":479536,"date":"2021-10-20T07:50:57","date_gmt":"2021-10-20T05:50:57","guid":{"rendered":"https:\/\/www.hashtag.al\/?p=479536"},"modified":"2021-10-20T07:50:57","modified_gmt":"2021-10-20T05:50:57","slug":"bota-smund-te-sundohet-nga-pese-vendet-qe-fituan-luften-e-dyte-boterore-eshte-shume-me-e-madhe-se-kaq-erdogan","status":"publish","type":"post","link":"https:\/\/www.hashtag.al\/index.php\/2021\/10\/20\/bota-smund-te-sundohet-nga-pese-vendet-qe-fituan-luften-e-dyte-boterore-eshte-shume-me-e-madhe-se-kaq-erdogan\/","title":{"rendered":"\u201cBota s\u2019mund t\u00eb sundohet nga pes\u00eb vendet q\u00eb fituan luft\u00ebn e Dyt\u00eb Bot\u00ebrore, \u00ebsht\u00eb shum\u00eb m\u00eb e madhe se kaq\u201d &#8211; Erdogan","gt_translate_keys":[{"key":"rendered","format":"text"}]},"content":{"rendered":"<p><span style=\"color: #000000;\"><img loading=\"lazy\" decoding=\"async\" class=\"aligncenter size-full wp-image-479537\" src=\"https:\/\/www.hashtag.al\/wp-content\/uploads\/2021\/10\/erdogan.jpg\" alt=\"\" width=\"989\" height=\"547\" srcset=\"https:\/\/www.hashtag.al\/wp-content\/uploads\/2021\/10\/erdogan.jpg 989w, https:\/\/www.hashtag.al\/wp-content\/uploads\/2021\/10\/erdogan-300x166.jpg 300w, https:\/\/www.hashtag.al\/wp-content\/uploads\/2021\/10\/erdogan-768x425.jpg 768w, https:\/\/www.hashtag.al\/wp-content\/uploads\/2021\/10\/erdogan-750x415.jpg 750w\" sizes=\"auto, (max-width: 989px) 100vw, 989px\" \/><\/span><\/p>\n<p><span style=\"color: #000000;\">Rendi bot\u00ebror \u00ebsht\u00eb i padrejt\u00eb dhe dominohet nga nj\u00eb \u2018grusht vendesh\u2019 q\u00eb fituan Luft\u00ebn e Dyt\u00eb Bot\u00ebrore, tha presidenti turk Rexhep Tajip Erdogan n\u00eb parlamentin e Angol\u00ebs, pasi ka nisur nj\u00eb tur diplomatik n\u00eb Afrik\u00eb.<\/span><\/p>\n<p><span style=\"color: #000000;\">Erdogan zbarkoi n\u00eb Luanda t\u00eb h\u00ebn\u00ebn p\u00ebr nj\u00eb takim me presidentin e Angol\u00ebs, Joao Lourenco dhe nj\u00eb fjalim n\u00eb parlamentin e vendit t\u00eb Afrik\u00ebs s\u00eb Jugut, n\u00eb t\u00eb cilin ai denoncoi \u2018qasjen orientaliste me qend\u00ebr n\u00eb Per\u00ebndim\u2019 ndaj kontinentit dhe u ankua p\u00ebr \u2018padrejt\u00ebsit\u00eb\u2019 n\u00eb rendin e tanish\u00ebm global.<\/span><\/p>\n<p><span style=\"color: #000000;\"><em>&#8220;Fati i njer\u00ebzimit nuk duhet t\u00eb lihet n\u00eb m\u00ebshir\u00ebn e disa vendeve q\u00eb fituan Luft\u00ebn e Dyt\u00eb Bot\u00ebrore,&#8221;<\/em> u tha Erdogan ligjv\u00ebn\u00ebsve Angolan.<\/span><\/p>\n<p><span style=\"color: #000000;\"><em>&#8220;Sot ne flasim me moton \u2018bota \u00ebsht\u00eb m\u00eb e madhe se pes\u00eb\u2019 dhe n\u00eb k\u00ebt\u00eb m\u00ebnyr\u00eb ne luftojm\u00eb kund\u00ebr pabarazis\u00eb n\u00eb bot\u00eb,&#8221;<\/em> tha ai, duke iu referuar numrit t\u00eb an\u00ebtar\u00ebve t\u00eb p\u00ebrhersh\u00ebm t\u00eb K\u00ebshillit t\u00eb Sigurimit t\u00eb OKB -s\u00eb.<\/span><\/p>\n<p><span style=\"color: #000000;\"><em>&#8220;Nd\u00ebrsa bota dhe pothuajse \u00e7do aspekt i jet\u00ebs son\u00eb po ndryshon, diplomacia, tregtia dhe marr\u00ebdh\u00ebniet nd\u00ebrkomb\u00ebtare po kalojn\u00eb shnd\u00ebrrime transformime rr\u00ebnj\u00ebsore, ne nuk mund t\u00eb mendojm\u00eb se arkitektura e siguris\u00eb globale do t\u00eb mbetet e nj\u00ebjt\u00eb,&#8221;<\/em> shtoi presidenti turk.<\/span><\/p>\n<p><span style=\"color: #000000;\">Kombet e Bashkuara u krijuan nga fuqit\u00eb aleate fitimtare pas humbjes s\u00eb Gjermanis\u00eb naziste dhe Japonis\u00eb Perandorake n\u00eb vitin 1945. Nd\u00ebrsa Asambleja e P\u00ebrgjithshme p\u00ebrfshin t\u00eb gjith\u00eb an\u00ebtar\u00ebt e OKB-s\u00eb, K\u00ebshilli i Sigurimit ka pes\u00eb an\u00ebtar\u00eb t\u00eb p\u00ebrhersh\u00ebm me fuqi vetoje, Kina, Franca, Rusia, Britania e Madhe dhe SHBA, dhe dhjet\u00eb an\u00ebtar\u00eb t\u00eb rradh\u00ebs t\u00eb zgjedhur p\u00ebr mandate dyvje\u00e7are.<\/span><\/p>\n<div style=\"width: 1170px;\" class=\"wp-video\"><video class=\"wp-video-shortcode\" id=\"video-479536-1\" width=\"1170\" height=\"658\" preload=\"metadata\" controls=\"controls\"><source type=\"video\/mp4\" src=\"https:\/\/www.hashtag.al\/wp-content\/uploads\/2021\/10\/erdogan.mp4?_=1\" \/><a href=\"https:\/\/www.hashtag.al\/wp-content\/uploads\/2021\/10\/erdogan.mp4\">https:\/\/www.hashtag.al\/wp-content\/uploads\/2021\/10\/erdogan.mp4<\/a><\/video><\/div>\n","protected":false,"gt_translate_keys":[{"key":"rendered","format":"html"}]},"excerpt":{"rendered":"<p>Rendi bot\u00ebror \u00ebsht\u00eb i padrejt\u00eb dhe dominohet nga nj\u00eb \u2018grusht vendesh\u2019 q\u00eb fituan Luft\u00ebn e Dyt\u00eb Bot\u00ebrore, tha presidenti turk Rexhep Tajip Erdogan n\u00eb parlamentin e Angol\u00ebs, pasi ka nisur nj\u00eb tur diplomatik n\u00eb Afrik\u00eb. Erdogan zbarkoi n\u00eb Luanda t\u00eb h\u00ebn\u00ebn p\u00ebr nj\u00eb takim me presidentin e Angol\u00ebs, Joao Lourenco dhe nj\u00eb fjalim n\u00eb parlamentin [&hellip;]<\/p>\n","protected":false,"gt_translate_keys":[{"key":"rendered","format":"html"}]},"author":51,"featured_media":479537,"comment_status":"closed","ping_status":"closed","sticky":false,"template":"","format":"standard","meta":{"footnotes":""},"categories":[6],"tags":[],"class_list":["post-479536","post","type-post","status-publish","format-standard","has-post-thumbnail","hentry","category-nderkombetare"],"gt_translate_keys":[{"key":"link","format":"url"}],"_links":{"self":[{"href":"https:\/\/www.hashtag.al\/index.php\/wp-json\/wp\/v2\/posts\/479536","targetHints":{"allow":["GET"]}}],"collection":[{"href":"https:\/\/www.hashtag.al\/index.php\/wp-json\/wp\/v2\/posts"}],"about":[{"href":"https:\/\/www.hashtag.al\/index.php\/wp-json\/wp\/v2\/types\/post"}],"author":[{"embeddable":true,"href":"https:\/\/www.hashtag.al\/index.php\/wp-json\/wp\/v2\/users\/51"}],"replies":[{"embeddable":true,"href":"https:\/\/www.hashtag.al\/index.php\/wp-json\/wp\/v2\/comments?post=479536"}],"version-history":[{"count":0,"href":"https:\/\/www.hashtag.al\/index.php\/wp-json\/wp\/v2\/posts\/479536\/revisions"}],"wp:featuredmedia":[{"embeddable":true,"href":"https:\/\/www.hashtag.al\/index.php\/wp-json\/wp\/v2\/media\/479537"}],"wp:attachment":[{"href":"https:\/\/www.hashtag.al\/index.php\/wp-json\/wp\/v2\/media?parent=479536"}],"wp:term":[{"taxonomy":"category","embeddable":true,"href":"https:\/\/www.hashtag.al\/index.php\/wp-json\/wp\/v2\/categories?post=479536"},{"taxonomy":"post_tag","embeddable":true,"href":"https:\/\/www.hashtag.al\/index.php\/wp-json\/wp\/v2\/tags?post=479536"}],"curies":[{"name":"wp","href":"https:\/\/api.w.org\/{rel}","templated":true}]}}