{"id":479416,"date":"2021-10-19T13:19:06","date_gmt":"2021-10-19T11:19:06","guid":{"rendered":"https:\/\/www.hashtag.al\/?p=479416"},"modified":"2021-10-19T13:19:06","modified_gmt":"2021-10-19T11:19:06","slug":"haradinaj-akuza-kurtit-operacionet-policore-jane-bere-qellimisht-per-te-dorezuar-veriun-e-kosoves","status":"publish","type":"post","link":"https:\/\/www.hashtag.al\/index.php\/2021\/10\/19\/haradinaj-akuza-kurtit-operacionet-policore-jane-bere-qellimisht-per-te-dorezuar-veriun-e-kosoves\/","title":{"rendered":"Haradinaj akuza Kurtit: Operacionet policore jan\u00eb b\u00ebr\u00eb q\u00ebllimisht p\u00ebr t\u00eb dor\u00ebzuar Veriun e Kosov\u00ebs","gt_translate_keys":[{"key":"rendered","format":"text"}]},"content":{"rendered":"<p><a href=\"https:\/\/www.hashtag.al\/wp-content\/uploads\/2021\/10\/Kurti-Haradinaj-600x360.png\"><img loading=\"lazy\" decoding=\"async\" class=\"aligncenter size-full wp-image-479417\" src=\"https:\/\/www.hashtag.al\/wp-content\/uploads\/2021\/10\/Kurti-Haradinaj-600x360.png\" alt=\"\" width=\"600\" height=\"360\" srcset=\"https:\/\/www.hashtag.al\/wp-content\/uploads\/2021\/10\/Kurti-Haradinaj-600x360.png 600w, https:\/\/www.hashtag.al\/wp-content\/uploads\/2021\/10\/Kurti-Haradinaj-600x360-300x180.png 300w\" sizes=\"auto, (max-width: 600px) 100vw, 600px\" \/><\/a><\/p>\n<p><span style=\"color: #000000;\">Kryetari i AAK-s\u00eb dhe ish-kryeministri Ramush Haradinaj ka kritikuar ashp\u00ebr qeverin\u00eb p\u00ebr aksionet policore n\u00eb veri.<\/span><\/p>\n<p><span style=\"color: #000000;\">Ai ka deklaruar se kryeministri Albin Kurti i ka iniciuar q\u00ebllimisht k\u00ebto operacione m\u00eb q\u00ebllim p\u00ebr t\u00eb dor\u00ebzuar Veriun e Kosov\u00ebs.<\/span><\/p>\n<p><span style=\"color: #000000;\"><em>\u201c\u00cbsht\u00eb interesant. Ne jemi k\u00ebtu deputet\u00eb dhe politikan\u00eb dhe mundohemi me e kthy diskutimin te morali i trupave n\u00eb terren. Un\u00eb nuk e kam q\u00ebllimin te morali i trupave se i besoj Policis\u00eb s\u00eb Kosov\u00ebs, i besoj ushtarit t\u00eb Kosov\u00ebs. Un\u00eb frik\u00ebn e kam te ti kryeminist\u00ebr, q\u00eb ti q\u00ebllimsh\u00ebm i ke nd\u00ebrmarr\u00eb dy veprime me e dor\u00ebzu veriun. Un\u00eb besoj q\u00eb \u00ebsht\u00eb skenar i yti me i marr\u00eb dy veprime, me e l\u00ebn\u00eb pastaj zbraz\u00ebt q\u00eb me u forcu kriminel\u00ebt dhe i ke b\u00ebr\u00eb q\u00ebllimsh\u00ebm. Kaq!\u201d<\/em>-u shpreh Haradinaj n\u00eb seanc\u00ebn e Kuvendit.<\/span><\/p>\n<p><span style=\"color: #000000;\">Haradinaj u shpreh se pas dy operacioneve policore, Kosova ka dal\u00eb m\u00eb e dob\u00ebt.<\/span><\/p>\n<p><span style=\"color: #000000;\">Kryeministri Albin Kurti iu p\u00ebrgjigj atij se n\u00eb veri nuk ka pasur kurr\u00eb m\u00eb par\u00eb m\u00eb shum\u00eb rend e ligj sesa sot.<\/span><\/p>\n<p><span style=\"color: #000000;\"><em>\u201cN\u00eb veri t\u00eb Ibrit ka m\u00eb shum\u00eb rend e ligj tani e sot sesa kurdoher\u00eb tjet\u00ebr q\u00eb nga shpallja e pavar\u00ebsis\u00eb. Asnj\u00eb barrikad\u00eb nuk ka n\u00eb veri t\u00eb Kosov\u00ebs. A ka shum\u00eb pun\u00eb dhe sfida? Po, sepse ato jan\u00eb t\u00eb trash\u00ebguara. Por nj\u00eb nga nj\u00eb dhe krejt do t\u2019i zgjidhim.<\/em>\u201d- deklaroi Kurti.<\/span><\/p>\n<p><span style=\"color: #000000;\">Ai i p\u00ebrmendi Haradinajt takimin me n\u00ebnkryetarin e List\u00ebs Serbe, Milan Radoi\u00e7iq n\u00eb vitin 2018: <em>\u201cVeriu ka qen\u00eb i rrezikuar at\u00ebher\u00eb kur deputeti Haradinaj e priste n\u00eb zyr\u00eb kriminelin Milan Radoi\u00e7iq. At\u00ebher\u00eb ka qen\u00eb veriu i rrezikuar. Rreziku ka qen\u00eb nga marr\u00ebveshjet gjentelmene me kriminel\u00eb. Nuk e rrezikon veriun Policia. Veriun e rrezikojn\u00eb kriminel\u00ebt dhe bashk\u00ebpunimi i tyre me politikan\u00eb t\u00eb t\u00eb gjitha ngjyrave dhe p\u00ebrkat\u00ebsive. Dhe kjo ka ndodhur publikisht n\u00eb korrik t\u00eb vitit 2018.\u201d<\/em><\/span><\/p>\n","protected":false,"gt_translate_keys":[{"key":"rendered","format":"html"}]},"excerpt":{"rendered":"<p>Kryetari i AAK-s\u00eb dhe ish-kryeministri Ramush Haradinaj ka kritikuar ashp\u00ebr qeverin\u00eb p\u00ebr aksionet policore n\u00eb veri. Ai ka deklaruar se kryeministri Albin Kurti i ka iniciuar q\u00ebllimisht k\u00ebto operacione m\u00eb q\u00ebllim p\u00ebr t\u00eb dor\u00ebzuar Veriun e Kosov\u00ebs. \u201c\u00cbsht\u00eb interesant. Ne jemi k\u00ebtu deputet\u00eb dhe politikan\u00eb dhe mundohemi me e kthy diskutimin te morali i trupave [&hellip;]<\/p>\n","protected":false,"gt_translate_keys":[{"key":"rendered","format":"html"}]},"author":30,"featured_media":479417,"comment_status":"closed","ping_status":"closed","sticky":false,"template":"","format":"standard","meta":{"footnotes":""},"categories":[149,65,13],"tags":[],"class_list":["post-479416","post","type-post","status-publish","format-standard","has-post-thumbnail","hentry","category-kosoverajon","category-lajme","category-te-fundit"],"gt_translate_keys":[{"key":"link","format":"url"}],"_links":{"self":[{"href":"https:\/\/www.hashtag.al\/index.php\/wp-json\/wp\/v2\/posts\/479416","targetHints":{"allow":["GET"]}}],"collection":[{"href":"https:\/\/www.hashtag.al\/index.php\/wp-json\/wp\/v2\/posts"}],"about":[{"href":"https:\/\/www.hashtag.al\/index.php\/wp-json\/wp\/v2\/types\/post"}],"author":[{"embeddable":true,"href":"https:\/\/www.hashtag.al\/index.php\/wp-json\/wp\/v2\/users\/30"}],"replies":[{"embeddable":true,"href":"https:\/\/www.hashtag.al\/index.php\/wp-json\/wp\/v2\/comments?post=479416"}],"version-history":[{"count":0,"href":"https:\/\/www.hashtag.al\/index.php\/wp-json\/wp\/v2\/posts\/479416\/revisions"}],"wp:featuredmedia":[{"embeddable":true,"href":"https:\/\/www.hashtag.al\/index.php\/wp-json\/wp\/v2\/media\/479417"}],"wp:attachment":[{"href":"https:\/\/www.hashtag.al\/index.php\/wp-json\/wp\/v2\/media?parent=479416"}],"wp:term":[{"taxonomy":"category","embeddable":true,"href":"https:\/\/www.hashtag.al\/index.php\/wp-json\/wp\/v2\/categories?post=479416"},{"taxonomy":"post_tag","embeddable":true,"href":"https:\/\/www.hashtag.al\/index.php\/wp-json\/wp\/v2\/tags?post=479416"}],"curies":[{"name":"wp","href":"https:\/\/api.w.org\/{rel}","templated":true}]}}