{"id":479197,"date":"2021-10-18T12:14:19","date_gmt":"2021-10-18T10:14:19","guid":{"rendered":"https:\/\/www.hashtag.al\/?p=479197"},"modified":"2021-10-18T12:14:19","modified_gmt":"2021-10-18T10:14:19","slug":"zgjedhjet-ne-kosove-isa-mustafa-referendum-qe-rrezoi-referendumin-e-albinit-e-vjoses","status":"publish","type":"post","link":"https:\/\/www.hashtag.al\/index.php\/2021\/10\/18\/zgjedhjet-ne-kosove-isa-mustafa-referendum-qe-rrezoi-referendumin-e-albinit-e-vjoses\/","title":{"rendered":"Zgjedhjet n\u00eb Kosov\u00eb\/ Isa Mustafa: Referendum q\u00eb rr\u00ebzoi referendumin e Albinit e Vjos\u00ebs","gt_translate_keys":[{"key":"rendered","format":"text"}]},"content":{"rendered":"<p><span style=\"color: #000000;\"><a href=\"https:\/\/www.hashtag.al\/wp-content\/uploads\/2021\/10\/Mustafa.jpg\"><img loading=\"lazy\" decoding=\"async\" class=\"aligncenter size-full wp-image-479198\" src=\"https:\/\/www.hashtag.al\/wp-content\/uploads\/2021\/10\/Mustafa.jpg\" alt=\"\" width=\"600\" height=\"360\" srcset=\"https:\/\/www.hashtag.al\/wp-content\/uploads\/2021\/10\/Mustafa.jpg 600w, https:\/\/www.hashtag.al\/wp-content\/uploads\/2021\/10\/Mustafa-300x180.jpg 300w\" sizes=\"auto, (max-width: 600px) 100vw, 600px\" \/><\/a><\/span><\/p>\n<p><span style=\"color: #000000;\">N\u00eb raundin e par\u00eb t\u00eb zgjedhjeve Lidhja Demokratike e Kosov\u00ebs (LDK) ka fituar dy komuna dhe ka shkuar n\u00eb balotazh n\u00eb n\u00ebnt\u00eb tjera.<\/span><\/p>\n<p><span style=\"color: #000000;\">Lidhur me rezultatet, ish-kryetari i k\u00ebsaj partie, Isa Mustaf\u00ebn ka reaguar duke th\u00ebn\u00eb se k\u00ebto zgjedhje jan\u00eb \u201cReferendumi i dyt\u00eb\u201d brenda nj\u00eb viti, q\u00eb rr\u00ebzoi at\u00eb t\u00eb Albin Kurtit dhe Vjosa Osmanit.<\/span><\/p>\n<p><span style=\"color: #000000;\"><em>\u00a0\u201cIshte ky \u2018Referendumi i dyt\u00eb\u2019 gjat\u00eb k\u00ebtij viti. Ose Referendum q\u00eb e rr\u00ebzoi referendumin e Albinit dhe Vjos\u00ebs. N\u00eb fakt k\u00ebto zgjedhje d\u00ebshmuan paq\u00ebndrueshm\u00ebrin\u00eb e rezultateve nga zgjedhjet e p\u00ebrgjithshme dhe e vun\u00eb n\u00eb dyshim t\u00eb plot\u00eb bazueshm\u00ebrin\u00eb e k\u00ebtij rezultati.\u201d-<\/em>\u00a0ka deklaruar Mustafa p\u00ebr Express.<\/span><\/p>\n<p><span style=\"color: #000000;\">Ish-kreu i LDK-s\u00eb thot\u00eb s\u00eb \u00ebsht\u00eb fatale q\u00eb L\u00ebvizja Vet\u00ebvendosje dhe lista \u201cGuxo\u201d t\u00eb mos e fitojn\u00eb asnj\u00eb komun\u00eb.<\/span><\/p>\n<p><span style=\"color: #000000;\"><em>\u201c\u00cbsht\u00eb fatale q\u00eb VV me Guxo brenda saj t\u00eb mos e fitojn\u00eb asnj\u00eb komun\u00eb, duke ndenjur ulur n\u00eb Presidenc\u00eb, Qeveri dhe Parlament!\u201d-<\/em>\u00a0ka deklaruar Mustafa.<\/span><\/p>\n<p><span style=\"color: #000000;\">Rezultatet preliminare t\u00eb zgjedhjeve t\u00eb 17 tetorit e nxjerrin LDK-n\u00eb fituese n\u00eb Komun\u00ebn e Pej\u00ebs dhe t\u00eb Lipjanit. Kandidat\u00ebt e LDK-s\u00eb n\u00eb Prishtin\u00eb, Podujev\u00eb, Gjilan, Fush\u00eb Kosov\u00eb, Vushtrri, Viti, Istog, Junik dhe Dragash, do t\u00eb p\u00ebrballen n\u00eb raundin e dyt\u00eb t\u00eb zgjedhjeve, pasi nuk kan\u00eb arritur ta sigurojn\u00eb fitoren me raundin e par\u00eb.<\/span><\/p>\n","protected":false,"gt_translate_keys":[{"key":"rendered","format":"html"}]},"excerpt":{"rendered":"<p>N\u00eb raundin e par\u00eb t\u00eb zgjedhjeve Lidhja Demokratike e Kosov\u00ebs (LDK) ka fituar dy komuna dhe ka shkuar n\u00eb balotazh n\u00eb n\u00ebnt\u00eb tjera. Lidhur me rezultatet, ish-kryetari i k\u00ebsaj partie, Isa Mustaf\u00ebn ka reaguar duke th\u00ebn\u00eb se k\u00ebto zgjedhje jan\u00eb \u201cReferendumi i dyt\u00eb\u201d brenda nj\u00eb viti, q\u00eb rr\u00ebzoi at\u00eb t\u00eb Albin Kurtit dhe Vjosa Osmanit. [&hellip;]<\/p>\n","protected":false,"gt_translate_keys":[{"key":"rendered","format":"html"}]},"author":30,"featured_media":479198,"comment_status":"closed","ping_status":"closed","sticky":false,"template":"","format":"standard","meta":{"footnotes":""},"categories":[149,13],"tags":[],"class_list":["post-479197","post","type-post","status-publish","format-standard","has-post-thumbnail","hentry","category-kosoverajon","category-te-fundit"],"gt_translate_keys":[{"key":"link","format":"url"}],"_links":{"self":[{"href":"https:\/\/www.hashtag.al\/index.php\/wp-json\/wp\/v2\/posts\/479197","targetHints":{"allow":["GET"]}}],"collection":[{"href":"https:\/\/www.hashtag.al\/index.php\/wp-json\/wp\/v2\/posts"}],"about":[{"href":"https:\/\/www.hashtag.al\/index.php\/wp-json\/wp\/v2\/types\/post"}],"author":[{"embeddable":true,"href":"https:\/\/www.hashtag.al\/index.php\/wp-json\/wp\/v2\/users\/30"}],"replies":[{"embeddable":true,"href":"https:\/\/www.hashtag.al\/index.php\/wp-json\/wp\/v2\/comments?post=479197"}],"version-history":[{"count":0,"href":"https:\/\/www.hashtag.al\/index.php\/wp-json\/wp\/v2\/posts\/479197\/revisions"}],"wp:featuredmedia":[{"embeddable":true,"href":"https:\/\/www.hashtag.al\/index.php\/wp-json\/wp\/v2\/media\/479198"}],"wp:attachment":[{"href":"https:\/\/www.hashtag.al\/index.php\/wp-json\/wp\/v2\/media?parent=479197"}],"wp:term":[{"taxonomy":"category","embeddable":true,"href":"https:\/\/www.hashtag.al\/index.php\/wp-json\/wp\/v2\/categories?post=479197"},{"taxonomy":"post_tag","embeddable":true,"href":"https:\/\/www.hashtag.al\/index.php\/wp-json\/wp\/v2\/tags?post=479197"}],"curies":[{"name":"wp","href":"https:\/\/api.w.org\/{rel}","templated":true}]}}