{"id":478942,"date":"2021-10-16T21:47:06","date_gmt":"2021-10-16T19:47:06","guid":{"rendered":"https:\/\/www.hashtag.al\/?p=478942"},"modified":"2021-10-16T22:13:14","modified_gmt":"2021-10-16T20:13:14","slug":"albin-kurti-ne-shkoder-nje-dite-para-zgjedhjeve-ne-kosove-populli-eshte-para-politikes-te-ndjekim-vullnetin-e-tij","status":"publish","type":"post","link":"https:\/\/www.hashtag.al\/index.php\/2021\/10\/16\/albin-kurti-ne-shkoder-nje-dite-para-zgjedhjeve-ne-kosove-populli-eshte-para-politikes-te-ndjekim-vullnetin-e-tij\/","title":{"rendered":"Albin Kurti n\u00eb Shkod\u00ebr nj\u00eb dit\u00eb para zgjedhjeve n\u00eb Kosov\u00eb: Populli \u00ebsht\u00eb para politik\u00ebs, t\u00eb ndjekim vullnetin e tij","gt_translate_keys":[{"key":"rendered","format":"text"}]},"content":{"rendered":"<p><span style=\"color: #000000;\"><img loading=\"lazy\" decoding=\"async\" class=\"aligncenter size-full wp-image-478943\" src=\"https:\/\/www.hashtag.al\/wp-content\/uploads\/2021\/10\/kurti.jpg\" alt=\"\" width=\"1502\" height=\"867\" srcset=\"https:\/\/www.hashtag.al\/wp-content\/uploads\/2021\/10\/kurti.jpg 1502w, https:\/\/www.hashtag.al\/wp-content\/uploads\/2021\/10\/kurti-300x173.jpg 300w, https:\/\/www.hashtag.al\/wp-content\/uploads\/2021\/10\/kurti-768x443.jpg 768w, https:\/\/www.hashtag.al\/wp-content\/uploads\/2021\/10\/kurti-1024x591.jpg 1024w, https:\/\/www.hashtag.al\/wp-content\/uploads\/2021\/10\/kurti-250x145.jpg 250w\" sizes=\"auto, (max-width: 1502px) 100vw, 1502px\" \/><\/span><\/p>\n<p><span style=\"color: #000000;\">Kryeministri i Kosov\u00ebs, Kurti, ka qen\u00eb n\u00eb Shkod\u00ebr p\u00ebr t\u00eb ndjekur ndeshjen e basketbollit p\u00ebr meshkujmes Vllaznin\u00eb e Prishtin\u00ebs. <\/span><\/p>\n<p><span style=\"color: #000000;\">N\u00eb nj\u00eb mesazh t\u00eb shkurt\u00ebr para fillimit t\u00eb ndeshjes Kurti tha se <em>\u2018populli \u00ebsht\u00eb p\u00ebrpara politik\u00ebs, k\u00ebshtu q\u00eb ne politikan\u00ebt duhet t\u00eb ndjekim vullnetin e popullit\u2019<\/em>.<\/span><\/p>\n<p><span style=\"color: #000000;\">N\u00eb pallatin e sportit ku u luajt ndeshja ishin t\u00eb pranish\u00ebm edhe kryebashkiakja e Shkodr\u00ebs, Ademi, ministrja e Arsimit Kushi si dhe kryetarja e grupit parlamentar t\u00eb Vet\u00ebvendosjes, Mimoza Kusari-Lila.<\/span><\/p>\n","protected":false,"gt_translate_keys":[{"key":"rendered","format":"html"}]},"excerpt":{"rendered":"<p>Kryeministri i Kosov\u00ebs, Kurti, ka qen\u00eb n\u00eb Shkod\u00ebr p\u00ebr t\u00eb ndjekur ndeshjen e basketbollit p\u00ebr meshkujmes Vllaznin\u00eb e Prishtin\u00ebs. N\u00eb nj\u00eb mesazh t\u00eb shkurt\u00ebr para fillimit t\u00eb ndeshjes Kurti tha se \u2018populli \u00ebsht\u00eb p\u00ebrpara politik\u00ebs, k\u00ebshtu q\u00eb ne politikan\u00ebt duhet t\u00eb ndjekim vullnetin e popullit\u2019. N\u00eb pallatin e sportit ku u luajt ndeshja ishin t\u00eb [&hellip;]<\/p>\n","protected":false,"gt_translate_keys":[{"key":"rendered","format":"html"}]},"author":51,"featured_media":478943,"comment_status":"closed","ping_status":"closed","sticky":false,"template":"","format":"standard","meta":{"footnotes":""},"categories":[149],"tags":[],"class_list":["post-478942","post","type-post","status-publish","format-standard","has-post-thumbnail","hentry","category-kosoverajon"],"gt_translate_keys":[{"key":"link","format":"url"}],"_links":{"self":[{"href":"https:\/\/www.hashtag.al\/index.php\/wp-json\/wp\/v2\/posts\/478942","targetHints":{"allow":["GET"]}}],"collection":[{"href":"https:\/\/www.hashtag.al\/index.php\/wp-json\/wp\/v2\/posts"}],"about":[{"href":"https:\/\/www.hashtag.al\/index.php\/wp-json\/wp\/v2\/types\/post"}],"author":[{"embeddable":true,"href":"https:\/\/www.hashtag.al\/index.php\/wp-json\/wp\/v2\/users\/51"}],"replies":[{"embeddable":true,"href":"https:\/\/www.hashtag.al\/index.php\/wp-json\/wp\/v2\/comments?post=478942"}],"version-history":[{"count":0,"href":"https:\/\/www.hashtag.al\/index.php\/wp-json\/wp\/v2\/posts\/478942\/revisions"}],"wp:featuredmedia":[{"embeddable":true,"href":"https:\/\/www.hashtag.al\/index.php\/wp-json\/wp\/v2\/media\/478943"}],"wp:attachment":[{"href":"https:\/\/www.hashtag.al\/index.php\/wp-json\/wp\/v2\/media?parent=478942"}],"wp:term":[{"taxonomy":"category","embeddable":true,"href":"https:\/\/www.hashtag.al\/index.php\/wp-json\/wp\/v2\/categories?post=478942"},{"taxonomy":"post_tag","embeddable":true,"href":"https:\/\/www.hashtag.al\/index.php\/wp-json\/wp\/v2\/tags?post=478942"}],"curies":[{"name":"wp","href":"https:\/\/api.w.org\/{rel}","templated":true}]}}