{"id":478829,"date":"2021-10-16T13:23:25","date_gmt":"2021-10-16T11:23:25","guid":{"rendered":"https:\/\/www.hashtag.al\/?p=478829"},"modified":"2021-10-16T13:23:25","modified_gmt":"2021-10-16T11:23:25","slug":"eksperti-i-zjarrfikeses-flet-per-ngjarjen-ne-astir-ne-nderhyme-menjehere-zjarri-u-vu-nga-djali","status":"publish","type":"post","link":"https:\/\/www.hashtag.al\/index.php\/2021\/10\/16\/eksperti-i-zjarrfikeses-flet-per-ngjarjen-ne-astir-ne-nderhyme-menjehere-zjarri-u-vu-nga-djali\/","title":{"rendered":"Eksperti i zjarrfik\u00ebses flet p\u00ebr ngjarjen n\u00eb Astir: Ne nd\u00ebrhym\u00eb menj\u00ebher\u00eb, zjarri u vu nga djali","gt_translate_keys":[{"key":"rendered","format":"text"}]},"content":{"rendered":"<p><span style=\"color: #000000;\"><a href=\"https:\/\/www.hashtag.al\/wp-content\/uploads\/2021\/10\/eksperti.jpg\"><img loading=\"lazy\" decoding=\"async\" class=\"aligncenter size-full wp-image-478830\" src=\"https:\/\/www.hashtag.al\/wp-content\/uploads\/2021\/10\/eksperti.jpg\" alt=\"\" width=\"770\" height=\"433\" srcset=\"https:\/\/www.hashtag.al\/wp-content\/uploads\/2021\/10\/eksperti.jpg 770w, https:\/\/www.hashtag.al\/wp-content\/uploads\/2021\/10\/eksperti-300x169.jpg 300w, https:\/\/www.hashtag.al\/wp-content\/uploads\/2021\/10\/eksperti-768x432.jpg 768w\" sizes=\"auto, (max-width: 770px) 100vw, 770px\" \/><\/a><\/span><\/p>\n<p><span style=\"color: #000000;\">Eksperti i sh\u00ebrbimit t\u00eb zjarrfik\u00ebses, Arjan Ahmetaj ka folur sot n\u00eb nj\u00eb prononcim p\u00ebr mediet, lidhur me ngjarjen e ndodhur n\u00eb zon\u00ebn e Astirit, ku n\u00ebn\u00eb e bir u hodh\u00ebn nga kati i tret\u00eb p\u00ebr t\u2019u shp\u00ebtuar flak\u00ebve.<\/span><\/p>\n<p><span style=\"color: #000000;\">Ahmetaj ka hedhur posht\u00eb pretendimin e disa banor\u00ebve t\u00eb pallatit se zjarrfik\u00ebsja ka shkuar von\u00eb n\u00eb vendngjarje, nd\u00ebrsa ngre dyshimet p\u00ebr zjarrv\u00ebnien e q\u00ebllimt\u00eb.<\/span><\/p>\n<p><span style=\"color: #000000;\">\u201cNe nga ana e drejtoris\u00eb s\u00eb Sh\u00ebrbimit Zjarrfik\u00ebs kemi ardhur n\u00eb koh\u00eb. Nd\u00ebrhyrja ka qen\u00eb e menj\u00ebhershme. Nga t\u00eb dh\u00ebnat paraprake, ne dyshojm\u00eb se k\u00ebtu kemi t\u00eb b\u00ebj\u00eb me nj\u00eb zjarrv\u00ebnie t\u00eb q\u00ebllimshme nga djali, i zoti i sht\u00ebpis\u00eb, i cili ka pasur dhe probleme mendore. Do t\u00eb dalim n\u00eb konkluzione pas hetimeve. Por nga t\u00eb dh\u00ebnat paraprake, edhe sipas fqinj\u00ebve, mbr\u00ebm\u00eb ka pasur probleme familjare.\u201d- tha eksperti i sh\u00ebrbimit t\u00eb zjarrfik\u00ebses.<\/span><\/p>\n<p><span style=\"color: #000000;\">Kujtojm\u00eb se n\u00ebn\u00eb e bir, Hava Osmanaj dhe Klodjan Osmanaj jan\u00eb hedhur nga ballkoni i katit t\u00eb tret\u00eb, p\u00ebr t\u2019u shp\u00ebtuar flak\u00ebve. Nd\u00ebrsa Osmanaj ka shp\u00ebtuar dhe ndodhet n\u00eb spital, 62-vje\u00e7arja ka nd\u00ebrruar jet\u00eb.<\/span><\/p>\n","protected":false,"gt_translate_keys":[{"key":"rendered","format":"html"}]},"excerpt":{"rendered":"<p>Eksperti i sh\u00ebrbimit t\u00eb zjarrfik\u00ebses, Arjan Ahmetaj ka folur sot n\u00eb nj\u00eb prononcim p\u00ebr mediet, lidhur me ngjarjen e ndodhur n\u00eb zon\u00ebn e Astirit, ku n\u00ebn\u00eb e bir u hodh\u00ebn nga kati i tret\u00eb p\u00ebr t\u2019u shp\u00ebtuar flak\u00ebve. Ahmetaj ka hedhur posht\u00eb pretendimin e disa banor\u00ebve t\u00eb pallatit se zjarrfik\u00ebsja ka shkuar von\u00eb n\u00eb vendngjarje, [&hellip;]<\/p>\n","protected":false,"gt_translate_keys":[{"key":"rendered","format":"html"}]},"author":30,"featured_media":478830,"comment_status":"closed","ping_status":"closed","sticky":false,"template":"","format":"standard","meta":{"footnotes":""},"categories":[65,13],"tags":[],"class_list":["post-478829","post","type-post","status-publish","format-standard","has-post-thumbnail","hentry","category-lajme","category-te-fundit"],"gt_translate_keys":[{"key":"link","format":"url"}],"_links":{"self":[{"href":"https:\/\/www.hashtag.al\/index.php\/wp-json\/wp\/v2\/posts\/478829","targetHints":{"allow":["GET"]}}],"collection":[{"href":"https:\/\/www.hashtag.al\/index.php\/wp-json\/wp\/v2\/posts"}],"about":[{"href":"https:\/\/www.hashtag.al\/index.php\/wp-json\/wp\/v2\/types\/post"}],"author":[{"embeddable":true,"href":"https:\/\/www.hashtag.al\/index.php\/wp-json\/wp\/v2\/users\/30"}],"replies":[{"embeddable":true,"href":"https:\/\/www.hashtag.al\/index.php\/wp-json\/wp\/v2\/comments?post=478829"}],"version-history":[{"count":0,"href":"https:\/\/www.hashtag.al\/index.php\/wp-json\/wp\/v2\/posts\/478829\/revisions"}],"wp:featuredmedia":[{"embeddable":true,"href":"https:\/\/www.hashtag.al\/index.php\/wp-json\/wp\/v2\/media\/478830"}],"wp:attachment":[{"href":"https:\/\/www.hashtag.al\/index.php\/wp-json\/wp\/v2\/media?parent=478829"}],"wp:term":[{"taxonomy":"category","embeddable":true,"href":"https:\/\/www.hashtag.al\/index.php\/wp-json\/wp\/v2\/categories?post=478829"},{"taxonomy":"post_tag","embeddable":true,"href":"https:\/\/www.hashtag.al\/index.php\/wp-json\/wp\/v2\/tags?post=478829"}],"curies":[{"name":"wp","href":"https:\/\/api.w.org\/{rel}","templated":true}]}}