{"id":478773,"date":"2021-10-16T10:48:32","date_gmt":"2021-10-16T08:48:32","guid":{"rendered":"https:\/\/www.hashtag.al\/?p=478773"},"modified":"2021-10-16T13:45:21","modified_gmt":"2021-10-16T11:45:21","slug":"prej-nje-muaji-ne-sanatorium-covid-19-i-merr-jeten-gazetarit-artjan-tepelena","status":"publish","type":"post","link":"https:\/\/www.hashtag.al\/index.php\/2021\/10\/16\/prej-nje-muaji-ne-sanatorium-covid-19-i-merr-jeten-gazetarit-artjan-tepelena\/","title":{"rendered":"Prej nj\u00eb muaji n\u00eb Sanatorium, COVID-19 i merr jet\u00ebn gazetarit Artjan Tepelena","gt_translate_keys":[{"key":"rendered","format":"text"}]},"content":{"rendered":"<p><span style=\"color: #000000;\"><a href=\"https:\/\/www.hashtag.al\/wp-content\/uploads\/2021\/10\/Artjan-Tepelena.png\"><img loading=\"lazy\" decoding=\"async\" class=\"aligncenter size-full wp-image-478774\" src=\"https:\/\/www.hashtag.al\/wp-content\/uploads\/2021\/10\/Artjan-Tepelena.png\" alt=\"\" width=\"2029\" height=\"1014\" srcset=\"https:\/\/www.hashtag.al\/wp-content\/uploads\/2021\/10\/Artjan-Tepelena.png 2029w, https:\/\/www.hashtag.al\/wp-content\/uploads\/2021\/10\/Artjan-Tepelena-300x150.png 300w, https:\/\/www.hashtag.al\/wp-content\/uploads\/2021\/10\/Artjan-Tepelena-768x384.png 768w, https:\/\/www.hashtag.al\/wp-content\/uploads\/2021\/10\/Artjan-Tepelena-1024x512.png 1024w\" sizes=\"auto, (max-width: 2029px) 100vw, 2029px\" \/><\/a><\/span><\/p>\n<p><span style=\"color: #000000;\">\u00cbsht\u00eb ndar\u00eb nga jeta n\u00eb mosh\u00ebn 58-vje\u00e7are si pasoj\u00eb e Covid-19 gazetari i njohur Artjan Tepelena. Lajmin e hidhur e ka b\u00ebr\u00eb t\u00eb ditur v\u00ebllai i tij, Ilir Tepelena p\u00ebrmes nj\u00eb postimi n\u00eb rrjetin social \u2018Facebook\u2019.<\/span><\/p>\n<p><span style=\"color: #000000;\"><em>\u201cDikur kur isha i vog\u00ebl, nuk kishte lumturi m\u00eb t\u00eb madhe p\u00ebr mua se kur t\u00eb shihja q\u00eb m\u00eb merrje nga kopshti\u2026Vite m\u00eb pas, nuk kishte moment m\u00eb t\u00eb bukur se sa kur m\u00eb prisje n\u00eb aeroport\u2026<br \/>\nSot, m\u00eb pret aty ku edhe n\u00eb \u00ebndrr\u00ebn m\u00eb t\u00eb keqe nuk do ta kisha duruar\u2026Vellai im i madh, idhulli im, gjaku im, familja ime, krenaria ime, dhimbja ime me e madhe \u2013 Artjan Tepelena, p\u00ebr t\u00eb gjith\u00eb miqt\u00eb e njer\u00ebzit q\u00eb t\u00eb kan\u00eb njohur, t\u00eb kan\u00eb dashur, te kan\u00eb respektuar\u2026U prehsh n\u00eb paqe!\u201d-<\/em>shkruan v\u00ebllai i gazetarit.<\/span><\/p>\n<p>&nbsp;<\/p>\n<p><span style=\"color: #000000;\"><a href=\"https:\/\/www.hashtag.al\/wp-content\/uploads\/2021\/10\/Tepelena.jpg\"><img loading=\"lazy\" decoding=\"async\" class=\"aligncenter size-full wp-image-478796\" src=\"https:\/\/www.hashtag.al\/wp-content\/uploads\/2021\/10\/Tepelena.jpg\" alt=\"\" width=\"1440\" height=\"1440\" srcset=\"https:\/\/www.hashtag.al\/wp-content\/uploads\/2021\/10\/Tepelena.jpg 1440w, https:\/\/www.hashtag.al\/wp-content\/uploads\/2021\/10\/Tepelena-150x150.jpg 150w, https:\/\/www.hashtag.al\/wp-content\/uploads\/2021\/10\/Tepelena-300x300.jpg 300w, https:\/\/www.hashtag.al\/wp-content\/uploads\/2021\/10\/Tepelena-768x768.jpg 768w, https:\/\/www.hashtag.al\/wp-content\/uploads\/2021\/10\/Tepelena-1024x1024.jpg 1024w, https:\/\/www.hashtag.al\/wp-content\/uploads\/2021\/10\/Tepelena-600x600.jpg 600w, https:\/\/www.hashtag.al\/wp-content\/uploads\/2021\/10\/Tepelena-180x180.jpg 180w, https:\/\/www.hashtag.al\/wp-content\/uploads\/2021\/10\/Tepelena-80x80.jpg 80w\" sizes=\"auto, (max-width: 1440px) 100vw, 1440px\" \/><\/a><\/span><\/p>\n<p><span style=\"color: #000000;\">Artjan Tepelena ishte i shtruar n\u00eb nj\u00eb nga spitalet Covid n\u00eb kryeqytet, por pavar\u00ebsisht sh\u00ebrbimit t\u00eb strafit mjek\u00ebsor, ai ka nd\u00ebrruar jet\u00eb n\u00eb or\u00ebt e para t\u00eb m\u00ebngjesit t\u00eb sot\u00ebm.<\/span><\/p>\n<p><span style=\"color: #000000;\">Artjan Tepelena ka qen\u00eb gazetar, pedagog i gazetaris\u00eb, kryeredaktor n\u00eb RTSH, drejtor i lajmeve n\u00eb TV Alba dhe s\u00eb fundmi ishte pjes\u00eb e TV SCAN. Gjithashhtu, ai ka punuar si drejtor programacioni n\u00eb RTSH dhe Scan TV.<\/span><\/p>\n","protected":false,"gt_translate_keys":[{"key":"rendered","format":"html"}]},"excerpt":{"rendered":"<p>\u00cbsht\u00eb ndar\u00eb nga jeta n\u00eb mosh\u00ebn 58-vje\u00e7are si pasoj\u00eb e Covid-19 gazetari i njohur Artjan Tepelena. Lajmin e hidhur e ka b\u00ebr\u00eb t\u00eb ditur v\u00ebllai i tij, Ilir Tepelena p\u00ebrmes nj\u00eb postimi n\u00eb rrjetin social \u2018Facebook\u2019. \u201cDikur kur isha i vog\u00ebl, nuk kishte lumturi m\u00eb t\u00eb madhe p\u00ebr mua se kur t\u00eb shihja q\u00eb m\u00eb [&hellip;]<\/p>\n","protected":false,"gt_translate_keys":[{"key":"rendered","format":"html"}]},"author":30,"featured_media":478774,"comment_status":"closed","ping_status":"closed","sticky":false,"template":"","format":"standard","meta":{"footnotes":""},"categories":[65],"tags":[],"class_list":["post-478773","post","type-post","status-publish","format-standard","has-post-thumbnail","hentry","category-lajme"],"gt_translate_keys":[{"key":"link","format":"url"}],"_links":{"self":[{"href":"https:\/\/www.hashtag.al\/index.php\/wp-json\/wp\/v2\/posts\/478773","targetHints":{"allow":["GET"]}}],"collection":[{"href":"https:\/\/www.hashtag.al\/index.php\/wp-json\/wp\/v2\/posts"}],"about":[{"href":"https:\/\/www.hashtag.al\/index.php\/wp-json\/wp\/v2\/types\/post"}],"author":[{"embeddable":true,"href":"https:\/\/www.hashtag.al\/index.php\/wp-json\/wp\/v2\/users\/30"}],"replies":[{"embeddable":true,"href":"https:\/\/www.hashtag.al\/index.php\/wp-json\/wp\/v2\/comments?post=478773"}],"version-history":[{"count":0,"href":"https:\/\/www.hashtag.al\/index.php\/wp-json\/wp\/v2\/posts\/478773\/revisions"}],"wp:featuredmedia":[{"embeddable":true,"href":"https:\/\/www.hashtag.al\/index.php\/wp-json\/wp\/v2\/media\/478774"}],"wp:attachment":[{"href":"https:\/\/www.hashtag.al\/index.php\/wp-json\/wp\/v2\/media?parent=478773"}],"wp:term":[{"taxonomy":"category","embeddable":true,"href":"https:\/\/www.hashtag.al\/index.php\/wp-json\/wp\/v2\/categories?post=478773"},{"taxonomy":"post_tag","embeddable":true,"href":"https:\/\/www.hashtag.al\/index.php\/wp-json\/wp\/v2\/tags?post=478773"}],"curies":[{"name":"wp","href":"https:\/\/api.w.org\/{rel}","templated":true}]}}