{"id":478745,"date":"2021-10-16T08:29:56","date_gmt":"2021-10-16T06:29:56","guid":{"rendered":"https:\/\/www.hashtag.al\/?p=478745"},"modified":"2021-10-16T08:29:56","modified_gmt":"2021-10-16T06:29:56","slug":"hidhen-nga-dritarja-per-tu-shpetuar-flakeve-nene-e-bir-ne-tirane-nderron-jete-62-vjecarja","status":"publish","type":"post","link":"https:\/\/www.hashtag.al\/index.php\/2021\/10\/16\/hidhen-nga-dritarja-per-tu-shpetuar-flakeve-nene-e-bir-ne-tirane-nderron-jete-62-vjecarja\/","title":{"rendered":"Hidhen nga dritarja p\u00ebr t\u2019u shp\u00ebtuar flak\u00ebve n\u00ebn\u00eb e bir n\u00eb Tiran\u00eb, nd\u00ebrron jet\u00eb 62-vje\u00e7arja","gt_translate_keys":[{"key":"rendered","format":"text"}]},"content":{"rendered":"<p><span style=\"color: #000000;\"><img loading=\"lazy\" decoding=\"async\" class=\"aligncenter size-full wp-image-478746\" src=\"https:\/\/www.hashtag.al\/wp-content\/uploads\/2021\/10\/zjarr.jpg\" alt=\"\" width=\"1200\" height=\"675\" srcset=\"https:\/\/www.hashtag.al\/wp-content\/uploads\/2021\/10\/zjarr.jpg 1200w, https:\/\/www.hashtag.al\/wp-content\/uploads\/2021\/10\/zjarr-300x169.jpg 300w, https:\/\/www.hashtag.al\/wp-content\/uploads\/2021\/10\/zjarr-768x432.jpg 768w, https:\/\/www.hashtag.al\/wp-content\/uploads\/2021\/10\/zjarr-1024x576.jpg 1024w\" sizes=\"auto, (max-width: 1200px) 100vw, 1200px\" \/><\/span><\/p>\n<p><span style=\"color: #000000;\">Nj\u00eb 62-vje\u00e7are ka humbur jet\u00ebn m\u00ebngjesin e sot\u00ebm n\u00eb Tiran\u00eb nd\u00ebrsa djali i saj \u00ebsht\u00eb plagosur r\u00ebnd\u00eb.<\/span><\/p>\n<p><span style=\"color: #000000;\"> N\u00ebn\u00eb e bir jan\u00eb hedhur nga dritarja e apartamentit n\u00eb zon\u00ebn e Astirit pasi banesa e tyre n\u00eb katin e tret\u00eb mori flak\u00eb. <\/span><\/p>\n<p><span style=\"color: #000000;\">62-vje\u00e7arja Hava Osm\u00ebnaj ka humbur jet\u00ebn nd\u00ebrsa djali i saj, 36-vje\u00e7ari Klodian Osm\u00ebnaj ka shp\u00ebtuar dhe \u00ebsht\u00eb d\u00ebrguar n\u00eb spital me fraktura t\u00eb shumta n\u00eb trup. Shkaqet e zjarrit nuk dihen ende dhe ngjarja \u00ebsht\u00eb n\u00ebn hetim.<\/span><\/p>\n<p><span style=\"color: #000000;\"><strong>Njoftimi<\/strong><\/span><\/p>\n<p><span style=\"color: #000000;\"><em>\u201cRreth or\u00ebs 05:55, n\u00eb Astir, ka r\u00ebn\u00eb zjarr n\u00eb katin e 3-t\u00eb nj\u00eb pallati. Dyshohet se n\u00eb pamund\u00ebsi p\u00ebr t\u00eb dal\u00eb jasht\u00eb gjat\u00eb koh\u00ebs s\u00eb zjarrit jan\u00eb hedhur nga lart\u00ebsia( dritarja) shtetasja Hava Osmena, rreth 62 vje\u00e7e dhe djali i saj Klodjan Osmenaj, 36 vje\u00e7. Si pasoj\u00eb ka nd\u00ebrruar jet\u00eb shtetasja H. O, nd\u00ebrsa shtetasi K. O, ndodhet n\u00eb spital, n\u00ebn kujdesin e mjek\u00ebve. Grupi hetimor vijon pun\u00ebn p\u00ebr sqarimin e plot\u00eb t\u00eb rrethanave t\u00eb ngjarjes.\u201d<\/em> &#8211; njofton policia.<\/span><\/p>\n","protected":false,"gt_translate_keys":[{"key":"rendered","format":"html"}]},"excerpt":{"rendered":"<p>Nj\u00eb 62-vje\u00e7are ka humbur jet\u00ebn m\u00ebngjesin e sot\u00ebm n\u00eb Tiran\u00eb nd\u00ebrsa djali i saj \u00ebsht\u00eb plagosur r\u00ebnd\u00eb. N\u00ebn\u00eb e bir jan\u00eb hedhur nga dritarja e apartamentit n\u00eb zon\u00ebn e Astirit pasi banesa e tyre n\u00eb katin e tret\u00eb mori flak\u00eb. 62-vje\u00e7arja Hava Osm\u00ebnaj ka humbur jet\u00ebn nd\u00ebrsa djali i saj, 36-vje\u00e7ari Klodian Osm\u00ebnaj ka shp\u00ebtuar [&hellip;]<\/p>\n","protected":false,"gt_translate_keys":[{"key":"rendered","format":"html"}]},"author":51,"featured_media":478746,"comment_status":"closed","ping_status":"closed","sticky":false,"template":"","format":"standard","meta":{"footnotes":""},"categories":[65,13],"tags":[],"class_list":["post-478745","post","type-post","status-publish","format-standard","has-post-thumbnail","hentry","category-lajme","category-te-fundit"],"gt_translate_keys":[{"key":"link","format":"url"}],"_links":{"self":[{"href":"https:\/\/www.hashtag.al\/index.php\/wp-json\/wp\/v2\/posts\/478745","targetHints":{"allow":["GET"]}}],"collection":[{"href":"https:\/\/www.hashtag.al\/index.php\/wp-json\/wp\/v2\/posts"}],"about":[{"href":"https:\/\/www.hashtag.al\/index.php\/wp-json\/wp\/v2\/types\/post"}],"author":[{"embeddable":true,"href":"https:\/\/www.hashtag.al\/index.php\/wp-json\/wp\/v2\/users\/51"}],"replies":[{"embeddable":true,"href":"https:\/\/www.hashtag.al\/index.php\/wp-json\/wp\/v2\/comments?post=478745"}],"version-history":[{"count":0,"href":"https:\/\/www.hashtag.al\/index.php\/wp-json\/wp\/v2\/posts\/478745\/revisions"}],"wp:featuredmedia":[{"embeddable":true,"href":"https:\/\/www.hashtag.al\/index.php\/wp-json\/wp\/v2\/media\/478746"}],"wp:attachment":[{"href":"https:\/\/www.hashtag.al\/index.php\/wp-json\/wp\/v2\/media?parent=478745"}],"wp:term":[{"taxonomy":"category","embeddable":true,"href":"https:\/\/www.hashtag.al\/index.php\/wp-json\/wp\/v2\/categories?post=478745"},{"taxonomy":"post_tag","embeddable":true,"href":"https:\/\/www.hashtag.al\/index.php\/wp-json\/wp\/v2\/tags?post=478745"}],"curies":[{"name":"wp","href":"https:\/\/api.w.org\/{rel}","templated":true}]}}