{"id":478568,"date":"2021-10-14T20:23:14","date_gmt":"2021-10-14T18:23:14","guid":{"rendered":"https:\/\/www.hashtag.al\/?p=478568"},"modified":"2021-10-14T20:23:14","modified_gmt":"2021-10-14T18:23:14","slug":"berishes-i-heqin-posterin-nga-muri-i-pallatit-te-kultures-ne-tropoje","status":"publish","type":"post","link":"https:\/\/www.hashtag.al\/index.php\/2021\/10\/14\/berishes-i-heqin-posterin-nga-muri-i-pallatit-te-kultures-ne-tropoje\/","title":{"rendered":"Berish\u00ebs i heqin posterin nga muri i pallatit t\u00eb kultur\u00ebs n\u00eb Tropoj\u00eb","gt_translate_keys":[{"key":"rendered","format":"text"}]},"content":{"rendered":"<p><span style=\"color: #000000;\"><img loading=\"lazy\" decoding=\"async\" class=\"aligncenter size-full wp-image-478569\" src=\"https:\/\/www.hashtag.al\/wp-content\/uploads\/2021\/10\/fotoja-e-berishes1.jpg\" alt=\"\" width=\"1920\" height=\"1080\" srcset=\"https:\/\/www.hashtag.al\/wp-content\/uploads\/2021\/10\/fotoja-e-berishes1.jpg 1920w, https:\/\/www.hashtag.al\/wp-content\/uploads\/2021\/10\/fotoja-e-berishes1-300x169.jpg 300w, https:\/\/www.hashtag.al\/wp-content\/uploads\/2021\/10\/fotoja-e-berishes1-768x432.jpg 768w, https:\/\/www.hashtag.al\/wp-content\/uploads\/2021\/10\/fotoja-e-berishes1-1024x576.jpg 1024w\" sizes=\"auto, (max-width: 1920px) 100vw, 1920px\" \/><\/span><\/p>\n<p><span style=\"color: #000000;\">M\u00ebngjesin e k\u00ebsaj t\u00eb enjtes \u00ebsht\u00eb hequr nga punonj\u00ebsit e bashkis\u00eb s\u00eb qytetit nj\u00eb poster i madh i Sali Berish\u00ebs i cili q\u00ebndronte prej 6 vitesh e varur n\u00eb Pallatin e Kultur\u00ebs n\u00eb Bajram Curri.<\/span><\/p>\n<p><span style=\"color: #000000;\">Sipas News 24 nga Bashkia kjo foto \u00ebsht\u00eb hequr pasi nuk ka pasur nj\u00eb vendim m\u00eb par\u00eb p\u00ebr vendosjen e saj.<\/span><\/p>\n<p><span style=\"color: #000000;\">Sipas qytetar\u00ebve kjo foto ishte vendosur p\u00ebr dashamir\u00ebsi p\u00ebr shkak t\u00eb bindjeve politike t\u00eb djathta n\u00eb Tropoj\u00eb.\u00a0<\/span><\/p>\n","protected":false,"gt_translate_keys":[{"key":"rendered","format":"html"}]},"excerpt":{"rendered":"<p>M\u00ebngjesin e k\u00ebsaj t\u00eb enjtes \u00ebsht\u00eb hequr nga punonj\u00ebsit e bashkis\u00eb s\u00eb qytetit nj\u00eb poster i madh i Sali Berish\u00ebs i cili q\u00ebndronte prej 6 vitesh e varur n\u00eb Pallatin e Kultur\u00ebs n\u00eb Bajram Curri. Sipas News 24 nga Bashkia kjo foto \u00ebsht\u00eb hequr pasi nuk ka pasur nj\u00eb vendim m\u00eb par\u00eb p\u00ebr vendosjen e [&hellip;]<\/p>\n","protected":false,"gt_translate_keys":[{"key":"rendered","format":"html"}]},"author":32,"featured_media":469501,"comment_status":"closed","ping_status":"closed","sticky":false,"template":"","format":"standard","meta":{"footnotes":""},"categories":[65,13],"tags":[],"class_list":["post-478568","post","type-post","status-publish","format-standard","has-post-thumbnail","hentry","category-lajme","category-te-fundit"],"gt_translate_keys":[{"key":"link","format":"url"}],"_links":{"self":[{"href":"https:\/\/www.hashtag.al\/index.php\/wp-json\/wp\/v2\/posts\/478568","targetHints":{"allow":["GET"]}}],"collection":[{"href":"https:\/\/www.hashtag.al\/index.php\/wp-json\/wp\/v2\/posts"}],"about":[{"href":"https:\/\/www.hashtag.al\/index.php\/wp-json\/wp\/v2\/types\/post"}],"author":[{"embeddable":true,"href":"https:\/\/www.hashtag.al\/index.php\/wp-json\/wp\/v2\/users\/32"}],"replies":[{"embeddable":true,"href":"https:\/\/www.hashtag.al\/index.php\/wp-json\/wp\/v2\/comments?post=478568"}],"version-history":[{"count":0,"href":"https:\/\/www.hashtag.al\/index.php\/wp-json\/wp\/v2\/posts\/478568\/revisions"}],"wp:featuredmedia":[{"embeddable":true,"href":"https:\/\/www.hashtag.al\/index.php\/wp-json\/wp\/v2\/media\/469501"}],"wp:attachment":[{"href":"https:\/\/www.hashtag.al\/index.php\/wp-json\/wp\/v2\/media?parent=478568"}],"wp:term":[{"taxonomy":"category","embeddable":true,"href":"https:\/\/www.hashtag.al\/index.php\/wp-json\/wp\/v2\/categories?post=478568"},{"taxonomy":"post_tag","embeddable":true,"href":"https:\/\/www.hashtag.al\/index.php\/wp-json\/wp\/v2\/tags?post=478568"}],"curies":[{"name":"wp","href":"https:\/\/api.w.org\/{rel}","templated":true}]}}