{"id":478497,"date":"2021-10-14T15:56:32","date_gmt":"2021-10-14T13:56:32","guid":{"rendered":"https:\/\/www.hashtag.al\/?p=478497"},"modified":"2021-10-14T15:58:57","modified_gmt":"2021-10-14T13:58:57","slug":"shtyhet-per-javen-tjeter-votimi-per-ngritjen-e-komisionit-hetimor-te-kerkuar-nga-opozita-per-inceneratoret","status":"publish","type":"post","link":"https:\/\/www.hashtag.al\/index.php\/2021\/10\/14\/shtyhet-per-javen-tjeter-votimi-per-ngritjen-e-komisionit-hetimor-te-kerkuar-nga-opozita-per-inceneratoret\/","title":{"rendered":"Shtyhet p\u00ebr jav\u00ebn tjet\u00ebr votimi p\u00ebr ngritjen e Komisionit Hetimor t\u00eb k\u00ebrkuar nga opozita p\u00ebr incenerator\u00ebt","gt_translate_keys":[{"key":"rendered","format":"text"}]},"content":{"rendered":"<p><span style=\"color: #000000;\"><a href=\"https:\/\/www.hashtag.al\/wp-content\/uploads\/2021\/10\/balla-1.jpg\"><img loading=\"lazy\" decoding=\"async\" class=\"aligncenter size-full wp-image-478498\" src=\"https:\/\/www.hashtag.al\/wp-content\/uploads\/2021\/10\/balla-1.jpg\" alt=\"\" width=\"827\" height=\"421\" srcset=\"https:\/\/www.hashtag.al\/wp-content\/uploads\/2021\/10\/balla-1.jpg 827w, https:\/\/www.hashtag.al\/wp-content\/uploads\/2021\/10\/balla-1-300x153.jpg 300w, https:\/\/www.hashtag.al\/wp-content\/uploads\/2021\/10\/balla-1-768x391.jpg 768w, https:\/\/www.hashtag.al\/wp-content\/uploads\/2021\/10\/balla-1-568x290.jpg 568w\" sizes=\"auto, (max-width: 827px) 100vw, 827px\" \/><\/a><\/span><\/p>\n<p><span style=\"color: #000000;\">Kreu i grupit parlamentar i PS-s\u00eb Taulant Balla ka k\u00ebrkuar shtyrjen me nj\u00eb jav\u00eb, t\u00eb votimit t\u00eb k\u00ebrkes\u00ebs s\u00eb PD-s\u00eb p\u00ebr ngritjen e Komisionit p\u00ebr \u00e7\u00ebshtjen e mbetjeve.<\/span><\/p>\n<p><span style=\"color: #000000;\"><em>\u201cZonja kryetare, lidhur me nj\u00ebrin prej Komisioneve, q\u00eb b\u00ebhet fjal\u00eb p\u00ebr procedurat e ndjekura n\u00eb nd\u00ebrtimin e impianteve t\u00eb trajtimit t\u00eb mbetjeve. D\u00ebshiroj t\u00eb informoj Kuvendin q\u00eb ne vijojm\u00eb t\u00eb kemi nj\u00eb komunikim me grupin parlamentar t\u00eb Partis\u00eb Demokratike, si grupi m\u00eb i madh kuvendor I opozit\u00ebs p\u00ebr t\u00eb detajuar objektin e pun\u00ebs hetimore n\u00eb k\u00ebt\u00eb komision. <\/em><\/span><\/p>\n<p><span style=\"color: #000000;\"><em>Do doja t\u00eb propozoja q\u00eb votimi p\u00ebr k\u00ebt\u00eb t\u00eb shtyhet n\u00eb seanc\u00ebn pasardh\u00ebse, me besimin e plot\u00eb se deri n\u00eb seanc\u00ebn pasardh\u00ebse do ta kemi detajuar t\u00ebr\u00ebsisht objektin e hetimit, p\u00ebr ta sjell\u00eb at\u00eb n\u00eb binar\u00ebt e p\u00ebrcaktuar nga ligji por edhe nga vendimi i Gjykat\u00ebs Kushtetuese, q\u00eb ka p\u00ebrcaktuar nevoj\u00ebn e nj\u00eb konsensuri deri kur \u00ebsht\u00eb i mundur p\u00ebr ta ngritur n\u00eb nj\u00eb objekt i cili do t\u00eb jet\u00eb i pranuar, sikurse e kemi tashm\u00eb eksperienc\u00ebn pozitive n\u00eb rastin e komisionit t\u00eb par\u00eb. Nuk besoj se nj\u00eb jav\u00eb do d\u00ebmtonte sadopak atributet q\u00eb ka nj\u00eb komision parlamentar, n\u00eb k\u00ebt\u00eb frym\u00eb do t\u00eb doja q\u00eb edhe sipas rregullores, nj\u00eb p\u00ebrfaq\u00ebsues parlamentar i PD-s\u00eb t\u00eb bjer\u00eb dakord, ta miratojm\u00eb me konsensus.\u201d-<\/em> tha Balla.<\/span><\/p>\n<p><span style=\"color: #000000;\">K\u00ebrkesa e tij u pranua nga Partia Demokratike, megj\u00ebth\u00ebse Sekretari i P\u00ebrgjithsh\u00ebm Gazment Bardhi tha se ka patur nj\u00eb p\u00ebrpjekje nga PS p\u00ebr ta penguar ngritjen e k\u00ebtij komisioni hetimor.<\/span><\/p>\n<p><span style=\"color: #000000;\"><em>\u201cN\u00eb fakt ka patur nj\u00eb komunikim shkesor midis dy grupeve parlamentare, gjith\u00eb jav\u00ebn, ka patur nj\u00eb tentativ\u00eb t\u00eb qart\u00eb t\u00eb PS-s\u00eb p\u00ebr t\u00eb penguar ngritjen e Komisionit Hetimor sipas k\u00ebrkes\u00ebs s\u00eb paraqitur nga \u00bc e deputet\u00ebve t\u00eb Kuvendit. <\/em><\/span><\/p>\n<p><span style=\"color: #000000;\"><em>Sot jemi informuar p\u00ebr 1 k\u00ebrkes\u00eb t\u00eb grupit t\u00eb PS p\u00ebr t\u00eb vijuar m\u00eb tej konsultimet mbi k\u00ebt\u00eb komision hetimor. Ne biem dakord, q\u00eb t\u00eb shtyhet p\u00ebr seanc\u00ebn tjet\u00ebr duke i q\u00ebndruar pik\u00eb p\u00ebr pik\u00eb k\u00ebrkes\u00ebs q\u00eb kemi b\u00ebr\u00eb nj\u00eb jav\u00eb m\u00eb par\u00eb p\u00ebr ngritjen e Komisionit Hetimor p\u00ebr t\u00eb kontrolluar procedurat p\u00ebr nd\u00ebrtimin e tre impianteve p\u00ebr trajimin e mbetjeve.\u201d-<\/em> deklaroi Bardhi.<\/span><\/p>\n<p><span style=\"color: #000000;\">N\u00eb fund u vendos shtyrja e votimit p\u00ebr ngritjen e k\u00ebtij Komisioni Hetimor jav\u00ebn e ardhshme.<\/span><\/p>\n","protected":false,"gt_translate_keys":[{"key":"rendered","format":"html"}]},"excerpt":{"rendered":"<p>Kreu i grupit parlamentar i PS-s\u00eb Taulant Balla ka k\u00ebrkuar shtyrjen me nj\u00eb jav\u00eb, t\u00eb votimit t\u00eb k\u00ebrkes\u00ebs s\u00eb PD-s\u00eb p\u00ebr ngritjen e Komisionit p\u00ebr \u00e7\u00ebshtjen e mbetjeve. \u201cZonja kryetare, lidhur me nj\u00ebrin prej Komisioneve, q\u00eb b\u00ebhet fjal\u00eb p\u00ebr procedurat e ndjekura n\u00eb nd\u00ebrtimin e impianteve t\u00eb trajtimit t\u00eb mbetjeve. D\u00ebshiroj t\u00eb informoj Kuvendin q\u00eb [&hellip;]<\/p>\n","protected":false,"gt_translate_keys":[{"key":"rendered","format":"html"}]},"author":30,"featured_media":478498,"comment_status":"closed","ping_status":"closed","sticky":false,"template":"","format":"standard","meta":{"footnotes":""},"categories":[65,13],"tags":[],"class_list":["post-478497","post","type-post","status-publish","format-standard","has-post-thumbnail","hentry","category-lajme","category-te-fundit"],"gt_translate_keys":[{"key":"link","format":"url"}],"_links":{"self":[{"href":"https:\/\/www.hashtag.al\/index.php\/wp-json\/wp\/v2\/posts\/478497","targetHints":{"allow":["GET"]}}],"collection":[{"href":"https:\/\/www.hashtag.al\/index.php\/wp-json\/wp\/v2\/posts"}],"about":[{"href":"https:\/\/www.hashtag.al\/index.php\/wp-json\/wp\/v2\/types\/post"}],"author":[{"embeddable":true,"href":"https:\/\/www.hashtag.al\/index.php\/wp-json\/wp\/v2\/users\/30"}],"replies":[{"embeddable":true,"href":"https:\/\/www.hashtag.al\/index.php\/wp-json\/wp\/v2\/comments?post=478497"}],"version-history":[{"count":0,"href":"https:\/\/www.hashtag.al\/index.php\/wp-json\/wp\/v2\/posts\/478497\/revisions"}],"wp:featuredmedia":[{"embeddable":true,"href":"https:\/\/www.hashtag.al\/index.php\/wp-json\/wp\/v2\/media\/478498"}],"wp:attachment":[{"href":"https:\/\/www.hashtag.al\/index.php\/wp-json\/wp\/v2\/media?parent=478497"}],"wp:term":[{"taxonomy":"category","embeddable":true,"href":"https:\/\/www.hashtag.al\/index.php\/wp-json\/wp\/v2\/categories?post=478497"},{"taxonomy":"post_tag","embeddable":true,"href":"https:\/\/www.hashtag.al\/index.php\/wp-json\/wp\/v2\/tags?post=478497"}],"curies":[{"name":"wp","href":"https:\/\/api.w.org\/{rel}","templated":true}]}}