{"id":478457,"date":"2021-10-14T13:10:59","date_gmt":"2021-10-14T11:10:59","guid":{"rendered":"https:\/\/www.hashtag.al\/?p=478457"},"modified":"2021-10-14T13:10:59","modified_gmt":"2021-10-14T11:10:59","slug":"sulmi-me-harqe-e-shigjeta-ne-norvegji-policia-kishte-dyshime-se-37-vjecari-danez-po-radikalizohej-por-nuk-veproi","status":"publish","type":"post","link":"https:\/\/www.hashtag.al\/index.php\/2021\/10\/14\/sulmi-me-harqe-e-shigjeta-ne-norvegji-policia-kishte-dyshime-se-37-vjecari-danez-po-radikalizohej-por-nuk-veproi\/","title":{"rendered":"Sulmi me harqe e shigjeta n\u00eb Norvegji, policia kishte dyshime se 37-vje\u00e7ari danez \u201cpo radikalizohej\u201d por nuk veproi","gt_translate_keys":[{"key":"rendered","format":"text"}]},"content":{"rendered":"<p><a href=\"https:\/\/www.hashtag.al\/wp-content\/uploads\/2021\/10\/Norvegji.jpg\"><img loading=\"lazy\" decoding=\"async\" class=\"size-full wp-image-478458\" src=\"https:\/\/www.hashtag.al\/wp-content\/uploads\/2021\/10\/Norvegji.jpg\" alt=\"\" width=\"800\" height=\"533\" srcset=\"https:\/\/www.hashtag.al\/wp-content\/uploads\/2021\/10\/Norvegji.jpg 800w, https:\/\/www.hashtag.al\/wp-content\/uploads\/2021\/10\/Norvegji-300x200.jpg 300w, https:\/\/www.hashtag.al\/wp-content\/uploads\/2021\/10\/Norvegji-768x512.jpg 768w\" sizes=\"auto, (max-width: 800px) 100vw, 800px\" \/><\/a><\/p>\n<p><span style=\"color: #000000;\">Pas sulmit me harqe e shigjeta q\u00eb i mori jet\u00ebn 5 personave n\u00eb Norvegji, \u00ebsht\u00eb v\u00ebn\u00eb n\u00eb pranga nj\u00eb person i cili mesa duket, nuk paska qen\u00eb shum\u00eb i panjohur p\u00ebr policin\u00eb.<\/span><\/p>\n<p><span style=\"color: #000000;\">B\u00ebhet fjal\u00eb p\u00ebr nj\u00eb qytetari danez 37-vje\u00e7ar, i cili ishte konvertuar n\u00eb Islam dhe kishte dyshime se ai ishte radikalizuar.<\/span><\/p>\n<p><span style=\"color: #000000;\">Ai u arrestua dhe u mor n\u00eb pyetje p\u00ebr disa or\u00eb gjat\u00eb nat\u00ebs, pas sulmit q\u00eb ndodhi t\u00eb m\u00ebrkur\u00ebn mbr\u00ebma n\u00eb qytetin jugor t\u00eb Kongsberg.<\/span><\/p>\n<p><span style=\"color: #000000;\">Shefi i policis\u00eb rajonale Ole Bredrup Saeverud tha se oficer\u00ebt kishin qen\u00eb n\u00eb kontakt t\u00eb fundit me k\u00ebt\u00eb person n\u00eb vitin 2020.<\/span><\/p>\n<p><span style=\"color: #000000;\"><em>&#8220;Ne po hetojm\u00eb nd\u00ebr t\u00eb tjera p\u00ebr t\u00eb p\u00ebrcaktuar n\u00ebse ky ishte nj\u00eb sulm terrorist.&#8221;-<\/em> shtoi ai, citon <span style=\"color: #0000ff;\"><a style=\"color: #0000ff;\" href=\"https:\/\/www.bbc.com\/news\/world-europe-58910794\">BBC<\/a><\/span>.<\/span><\/p>\n<p><span style=\"color: #000000;\">37-vje\u00e7ari danez akuzohet p\u00ebr vrasjen e kat\u00ebr grave dhe nj\u00eb burri mbr\u00ebmjen e kaluar, ku viktimat ishin t\u00eb gjith\u00eb t\u00eb mosh\u00ebs 50-70 vje\u00e7.<\/span><\/p>\n<p><span style=\"color: #000000;\">Policia fillimisht ishte p\u00ebrballur me burrin gjasht\u00eb minuta pasi sulmi filloi n\u00eb or\u00ebn 18:12 t\u00eb M\u00ebrkur\u00ebn, por ai gjuajti disa shigjeta ndaj oficer\u00ebve dhe u arratis. Ai u kap n\u00eb or\u00ebn 18:47, ose 35 minuta pasi filloi sulmi.<\/span><\/p>\n<p><span style=\"color: #000000;\">Shefi i policis\u00eb tha se t\u00eb pes\u00eb viktimat me shum\u00eb mund\u00ebsi u vran\u00eb pasi oficer\u00ebt u takuan p\u00ebr her\u00eb t\u00eb par\u00eb me t\u00eb.<\/span><\/p>\n<p><span style=\"color: #000000;\">Policia q\u00eblloi p\u00ebr ta paralajm\u00ebruar kur burri u arrestua p\u00ebrfundimisht, por nuk \u00ebsht\u00eb e qart\u00eb n\u00ebse oficer\u00ebt ishin t\u00eb armatosur kur ata u has\u00ebn her\u00ebn e par\u00eb me t\u00eb dyshuarin. Policia norvegjeze zakonisht nuk mban arm\u00eb, t\u00eb cilat ruhen n\u00eb stacionet e policis\u00eb ose n\u00eb makinat patrulluese.<\/span><\/p>\n<p><span style=\"color: #000000;\">Sulmuesi dyshohet se e nisi sulmin brenda nj\u00eb supermarketi n\u00eb an\u00ebn per\u00ebndimore t\u00eb Kongsberg. Nj\u00eb nga t\u00eb plagosurit ishte nj\u00eb oficer policie jasht\u00eb detyr\u00ebs i cili ishte n\u00eb dyqan n\u00eb at\u00eb koh\u00eb.<\/span><\/p>\n<p><span style=\"color: #000000;\">Oficeri dhe nj\u00eb person tjet\u00ebr i plagosur po sh\u00ebrohen n\u00eb spital me d\u00ebmtime jasht\u00eb rrezikut p\u00ebr jet\u00ebn.<\/span><\/p>\n<p>&nbsp;<\/p>\n","protected":false,"gt_translate_keys":[{"key":"rendered","format":"html"}]},"excerpt":{"rendered":"<p>Pas sulmit me harqe e shigjeta q\u00eb i mori jet\u00ebn 5 personave n\u00eb Norvegji, \u00ebsht\u00eb v\u00ebn\u00eb n\u00eb pranga nj\u00eb person i cili mesa duket, nuk paska qen\u00eb shum\u00eb i panjohur p\u00ebr policin\u00eb. B\u00ebhet fjal\u00eb p\u00ebr nj\u00eb qytetari danez 37-vje\u00e7ar, i cili ishte konvertuar n\u00eb Islam dhe kishte dyshime se ai ishte radikalizuar. Ai u arrestua [&hellip;]<\/p>\n","protected":false,"gt_translate_keys":[{"key":"rendered","format":"html"}]},"author":30,"featured_media":478458,"comment_status":"closed","ping_status":"closed","sticky":false,"template":"","format":"standard","meta":{"footnotes":""},"categories":[6,13],"tags":[],"class_list":["post-478457","post","type-post","status-publish","format-standard","has-post-thumbnail","hentry","category-nderkombetare","category-te-fundit"],"gt_translate_keys":[{"key":"link","format":"url"}],"_links":{"self":[{"href":"https:\/\/www.hashtag.al\/index.php\/wp-json\/wp\/v2\/posts\/478457","targetHints":{"allow":["GET"]}}],"collection":[{"href":"https:\/\/www.hashtag.al\/index.php\/wp-json\/wp\/v2\/posts"}],"about":[{"href":"https:\/\/www.hashtag.al\/index.php\/wp-json\/wp\/v2\/types\/post"}],"author":[{"embeddable":true,"href":"https:\/\/www.hashtag.al\/index.php\/wp-json\/wp\/v2\/users\/30"}],"replies":[{"embeddable":true,"href":"https:\/\/www.hashtag.al\/index.php\/wp-json\/wp\/v2\/comments?post=478457"}],"version-history":[{"count":0,"href":"https:\/\/www.hashtag.al\/index.php\/wp-json\/wp\/v2\/posts\/478457\/revisions"}],"wp:featuredmedia":[{"embeddable":true,"href":"https:\/\/www.hashtag.al\/index.php\/wp-json\/wp\/v2\/media\/478458"}],"wp:attachment":[{"href":"https:\/\/www.hashtag.al\/index.php\/wp-json\/wp\/v2\/media?parent=478457"}],"wp:term":[{"taxonomy":"category","embeddable":true,"href":"https:\/\/www.hashtag.al\/index.php\/wp-json\/wp\/v2\/categories?post=478457"},{"taxonomy":"post_tag","embeddable":true,"href":"https:\/\/www.hashtag.al\/index.php\/wp-json\/wp\/v2\/tags?post=478457"}],"curies":[{"name":"wp","href":"https:\/\/api.w.org\/{rel}","templated":true}]}}