{"id":478384,"date":"2021-10-14T08:52:34","date_gmt":"2021-10-14T06:52:34","guid":{"rendered":"https:\/\/www.hashtag.al\/?p=478384"},"modified":"2021-10-14T08:52:34","modified_gmt":"2021-10-14T06:52:34","slug":"plagosja-e-dy-te-rinjve-ne-tirane-arrestohen-dy-persona-e-shpallet-ne-kerkim-nje-i-trete","status":"publish","type":"post","link":"https:\/\/www.hashtag.al\/index.php\/2021\/10\/14\/plagosja-e-dy-te-rinjve-ne-tirane-arrestohen-dy-persona-e-shpallet-ne-kerkim-nje-i-trete\/","title":{"rendered":"Plagosja e dy t\u00eb rinjve n\u00eb Tiran\u00eb, arrestohen dy persona e shpallet n\u00eb k\u00ebrkim nj\u00eb i tret\u00eb","gt_translate_keys":[{"key":"rendered","format":"text"}]},"content":{"rendered":"<p><span style=\"color: #000000;\"><img loading=\"lazy\" decoding=\"async\" class=\"aligncenter size-full wp-image-478385\" src=\"https:\/\/www.hashtag.al\/wp-content\/uploads\/2021\/10\/plagosja.jpg\" alt=\"\" width=\"900\" height=\"571\" srcset=\"https:\/\/www.hashtag.al\/wp-content\/uploads\/2021\/10\/plagosja.jpg 900w, https:\/\/www.hashtag.al\/wp-content\/uploads\/2021\/10\/plagosja-300x190.jpg 300w, https:\/\/www.hashtag.al\/wp-content\/uploads\/2021\/10\/plagosja-768x487.jpg 768w\" sizes=\"auto, (max-width: 900px) 100vw, 900px\" \/><\/span><\/p>\n<p><span style=\"color: #000000;\">Dy persona jan\u00eb arrestuar lidhur me plagosjen e dy t\u00eb rinjve mbr\u00ebmjen e djeshme n\u00eb Tiran\u00eb. <\/span><\/p>\n<p><span style=\"color: #000000;\">N\u00eb pranga kan\u00eb r\u00ebn\u00eb 27-vje\u00e7ari Fatjon Palushi e 27-vje\u00e7ari Daniel Manushi, t\u00eb dy t\u00eb d\u00ebnuar m\u00eb her\u00ebt. N\u00eb k\u00ebrkim \u00ebsht\u00eb shpallur 28-vje\u00e7ari Islam Xhetani i d\u00ebnuar m\u00eb her\u00ebt p\u00ebr vrasje t\u00eb mbetur n\u00eb tentativ\u00eb.<\/span><\/p>\n<p><span style=\"color: #000000;\"> Ata akuzohen se n\u00eb bashk\u00ebpunim me nj\u00ebri-tjetrin kan\u00eb plagosur me arm\u00eb 28-vje\u00e7arin Aleksand\u00ebr Nikolli e 26-vje\u00e7arin Xhulio Vela. Sipas policis\u00eb ngjarja ka ndodhur pas nj\u00eb konflikti p\u00ebr motive t\u00eb dob\u00ebta mes t\u00eb rinjve.<\/span><\/p>\n<p><span style=\"color: #000000;\"><strong>Njoftimi<\/strong><\/span><\/p>\n<p><span style=\"color: #000000;\"><em>\u201cZbardhet ngjarja e ndodhur pasditen e djeshme, ku mbet\u00ebn t\u00eb plagosur me arm\u00eb zjarri shtetasit A. N. dhe Xh. V.<\/em><\/span><\/p>\n<p><span style=\"color: #000000;\"><em>Brenda pak or\u00ebve kapen e vihen n\u00eb pranga 2 nga autor\u00ebt e dyshuar t\u00eb ngjarjes, si dhe shpallet n\u00eb k\u00ebrkim autori i tret\u00eb i ngjarjes, t\u00eb tre me precedent t\u00eb m\u00ebparsh\u00ebm penal, nj\u00ebri prej tyre me mas\u00eb sigurie \u201cArrest n\u00eb sht\u00ebpi\u201d.<\/em><\/span><\/p>\n<p><span style=\"color: #000000;\"><em>N\u00eb pranga edhe nj\u00ebri prej t\u00eb plagosurve, p\u00ebr vepr\u00ebn penale \u201cMoskall\u00ebzim krimi\u201d.<\/em><\/span><\/p>\n<p><span style=\"color: #000000;\"><em>Sekuestrohet nj\u00eb arm\u00eb zjarri pistolet\u00eb, e dyshuar e p\u00ebrdorur n\u00eb ngjarje.<\/em><\/span><\/p>\n<p><span style=\"color: #000000;\"><em>Specialist\u00ebt p\u00ebr Hetimin e Krimeve n\u00eb Komisariatin e Policis\u00eb Nr. 2, n\u00eb bashk\u00ebpunim me strukturat hetimore t\u00eb DVP Tiran\u00eb, pas nj\u00eb pune intensive hetimore p\u00ebr zbardhjen e ngjarjes s\u00eb ndodhur pasditen e djeshme, n\u00eb kryq\u00ebzimin e rrug\u00ebs \u201cNdre Mjeda\u201d me rrug\u00ebn \u201cFrosina Plaku\u201d, kan\u00eb b\u00ebr\u00eb t\u00eb mundur identifikimin dhe arrestimin e autor\u00ebve t\u00eb dyshuar, konkretisht shtetasit:<\/em><\/span><\/p>\n<p><span style=\"color: #000000;\"><em>F.P., 27 vje\u00e7, aktualisht me mas\u00eb sigurie \u201cArrest n\u00eb sht\u00ebpi\u201d p\u00ebr vepr\u00ebn penale \u201cProdhimi dhe shitja e narkotik\u00ebve\u201d;<\/em><\/span><\/p>\n<p><span style=\"color: #000000;\"><em>D.M., 27 vje\u00e7, i d\u00ebnuar m\u00eb par\u00eb p\u00ebr vepr\u00ebn penale \u201cVrasje me dashje\u201d e mbetur n\u00eb tentativ\u00eb.<\/em><\/span><\/p>\n<p><span style=\"color: #000000;\"><em>Si dhe u shpall n\u00eb k\u00ebrkim si autor i tret\u00eb i dyshuar i ngjarjes, shtetasi I. Xh., 28 vje\u00e7, i d\u00ebnuar m\u00eb par\u00eb p\u00ebr vepr\u00ebn penale \u201cVrasje me dashje\u201d e mbetur n\u00eb tentativ\u00eb.<\/em><\/span><\/p>\n<p><span style=\"color: #000000;\"><em>K\u00ebta shtetas, dit\u00ebn e djeshme, rreth or\u00ebs 17:00, n\u00eb kryq\u00ebzimin e rrug\u00ebs \u201cNdre Mjeda\u201d me rrug\u00ebn \u201cFrosina Plaku\u201d, n\u00eb bashk\u00ebpunim me nj\u00ebri-tjetrin, dyshohet se kan\u00eb plagosur me arm\u00eb zjarri shtetasit A. N., 28 vje\u00e7 dhe Xh. V., 26 vje\u00e7, t\u00eb cil\u00ebt ndodhen n\u00eb spital, n\u00ebn kujdesin e mjek\u00ebve.<\/em><\/span><\/p>\n<p><span style=\"color: #000000;\"><em>Nga veprimet hetimore dyshohet se ngjarja ka ndodhur si pasoj\u00eb e nj\u00eb konflikti t\u00eb \u00e7astit, p\u00ebr motive t\u00eb dob\u00ebta, midis autor\u00ebve t\u00eb dyshuar dhe shtetasve t\u00eb plagosur.<\/em><\/span><\/p>\n<p><span style=\"color: #000000;\"><em>N\u00eb vijim t\u00eb veprimeve, u b\u00eb dhe arrestimi n\u00eb flagranc\u00eb i shtetasit A. N., 28 vje\u00e7, p\u00ebr vepr\u00ebn penale \u201cMoskall\u00ebzim i krimit\u201d.<\/em><\/span><\/p>\n<p><span style=\"color: #000000;\"><em>Gjithashtu, fal\u00eb veprimeve t\u00eb shpejta, sh\u00ebrbimet e Policis\u00eb b\u00ebn\u00eb t\u00eb mundur gjetjen e arm\u00ebs s\u00eb zjarrit pistolet\u00eb t\u00eb p\u00ebrdorur n\u00eb vendngjarje nga autor\u00ebt e dyshuar.<\/em><\/span><\/p>\n<p><span style=\"color: #000000;\"><em>N\u00ebn drejtimin e Prokuroris\u00eb, vijon puna hetimore p\u00ebr dokumentimin e plot\u00eb t\u00eb ngjarjes.<\/em><\/span><\/p>\n<p><span style=\"color: #000000;\"><em>Materialet iu referuan Prokuroris\u00eb s\u00eb Rrethit Gjyq\u00ebsor Tiran\u00eb, p\u00ebr veprime t\u00eb m\u00ebtejshme.\u201d<\/em><\/span><\/p>\n","protected":false,"gt_translate_keys":[{"key":"rendered","format":"html"}]},"excerpt":{"rendered":"<p>Dy persona jan\u00eb arrestuar lidhur me plagosjen e dy t\u00eb rinjve mbr\u00ebmjen e djeshme n\u00eb Tiran\u00eb. N\u00eb pranga kan\u00eb r\u00ebn\u00eb 27-vje\u00e7ari Fatjon Palushi e 27-vje\u00e7ari Daniel Manushi, t\u00eb dy t\u00eb d\u00ebnuar m\u00eb her\u00ebt. N\u00eb k\u00ebrkim \u00ebsht\u00eb shpallur 28-vje\u00e7ari Islam Xhetani i d\u00ebnuar m\u00eb her\u00ebt p\u00ebr vrasje t\u00eb mbetur n\u00eb tentativ\u00eb. Ata akuzohen se n\u00eb bashk\u00ebpunim [&hellip;]<\/p>\n","protected":false,"gt_translate_keys":[{"key":"rendered","format":"html"}]},"author":51,"featured_media":478385,"comment_status":"closed","ping_status":"closed","sticky":false,"template":"","format":"standard","meta":{"footnotes":""},"categories":[65,13],"tags":[],"class_list":["post-478384","post","type-post","status-publish","format-standard","has-post-thumbnail","hentry","category-lajme","category-te-fundit"],"gt_translate_keys":[{"key":"link","format":"url"}],"_links":{"self":[{"href":"https:\/\/www.hashtag.al\/index.php\/wp-json\/wp\/v2\/posts\/478384","targetHints":{"allow":["GET"]}}],"collection":[{"href":"https:\/\/www.hashtag.al\/index.php\/wp-json\/wp\/v2\/posts"}],"about":[{"href":"https:\/\/www.hashtag.al\/index.php\/wp-json\/wp\/v2\/types\/post"}],"author":[{"embeddable":true,"href":"https:\/\/www.hashtag.al\/index.php\/wp-json\/wp\/v2\/users\/51"}],"replies":[{"embeddable":true,"href":"https:\/\/www.hashtag.al\/index.php\/wp-json\/wp\/v2\/comments?post=478384"}],"version-history":[{"count":0,"href":"https:\/\/www.hashtag.al\/index.php\/wp-json\/wp\/v2\/posts\/478384\/revisions"}],"wp:featuredmedia":[{"embeddable":true,"href":"https:\/\/www.hashtag.al\/index.php\/wp-json\/wp\/v2\/media\/478385"}],"wp:attachment":[{"href":"https:\/\/www.hashtag.al\/index.php\/wp-json\/wp\/v2\/media?parent=478384"}],"wp:term":[{"taxonomy":"category","embeddable":true,"href":"https:\/\/www.hashtag.al\/index.php\/wp-json\/wp\/v2\/categories?post=478384"},{"taxonomy":"post_tag","embeddable":true,"href":"https:\/\/www.hashtag.al\/index.php\/wp-json\/wp\/v2\/tags?post=478384"}],"curies":[{"name":"wp","href":"https:\/\/api.w.org\/{rel}","templated":true}]}}