{"id":478165,"date":"2021-10-12T23:43:21","date_gmt":"2021-10-12T21:43:21","guid":{"rendered":"https:\/\/www.hashtag.al\/?p=478165"},"modified":"2021-10-12T23:45:08","modified_gmt":"2021-10-12T21:45:08","slug":"beqiraj-rritja-e-cmimit-te-energjise-elektrike-do-rrise-inflacionin","status":"publish","type":"post","link":"https:\/\/www.hashtag.al\/index.php\/2021\/10\/12\/beqiraj-rritja-e-cmimit-te-energjise-elektrike-do-rrise-inflacionin\/","title":{"rendered":"Beqiraj: Rritja e \u00e7mimit t\u00eb energjis\u00eb elektrike do rris\u00eb inflacionin","gt_translate_keys":[{"key":"rendered","format":"text"}]},"content":{"rendered":"<p><span style=\"color: #000000;\"><img loading=\"lazy\" decoding=\"async\" class=\"aligncenter size-full wp-image-478166\" src=\"https:\/\/www.hashtag.al\/wp-content\/uploads\/2021\/10\/beqiraj.png\" alt=\"\" width=\"1082\" height=\"594\" srcset=\"https:\/\/www.hashtag.al\/wp-content\/uploads\/2021\/10\/beqiraj.png 1082w, https:\/\/www.hashtag.al\/wp-content\/uploads\/2021\/10\/beqiraj-300x165.png 300w, https:\/\/www.hashtag.al\/wp-content\/uploads\/2021\/10\/beqiraj-768x422.png 768w, https:\/\/www.hashtag.al\/wp-content\/uploads\/2021\/10\/beqiraj-1024x562.png 1024w\" sizes=\"auto, (max-width: 1082px) 100vw, 1082px\" \/><\/span><\/p>\n<p><span style=\"color: #000000;\">Ish-z\u00ebvend\u00ebs ministrja e Financave Irena Beqiraj, n\u00eb nj\u00eb intervist\u00eb n\u00eb A Show me moderatorin Adi Krasta foli p\u00ebr rritjen e \u00e7mimit t\u00eb energjis\u00eb elektrike.<\/span><\/p>\n<p><span style=\"color: #000000;\">\u201c<em>Rritja e energjis\u00eb elektrike do t\u00eb rris\u00eb inflacionin. Inflacioni do t\u00eb zgjas\u00eb besoj 2 deri n\u00eb 3 vjet. Shqiptar\u00ebt duhet t\u00eb p\u00ebrgatiten. Shqiptar\u00ebt do blen\u00eb m\u00eb pak gj\u00ebra me t\u00eb nj\u00ebjtat lek\u00eb q\u00eb kishin dikur. Do t\u00eb rritet kosto e kredis\u00eb dhe p\u00ebr investimet, do rritet kosto e borxhit t\u00eb qeveris\u00eb, q\u00eb \u00ebsht\u00eb sot 80 p\u00ebrqind, shum\u00eb i lart\u00eb p\u00ebr vendin ton\u00eb dhe p\u00ebr t\u00eb ardhmen<\/em>\u201d-tha Beqiraj.<\/span><\/p>\n","protected":false,"gt_translate_keys":[{"key":"rendered","format":"html"}]},"excerpt":{"rendered":"<p>Ish-z\u00ebvend\u00ebs ministrja e Financave Irena Beqiraj, n\u00eb nj\u00eb intervist\u00eb n\u00eb A Show me moderatorin Adi Krasta foli p\u00ebr rritjen e \u00e7mimit t\u00eb energjis\u00eb elektrike. \u201cRritja e energjis\u00eb elektrike do t\u00eb rris\u00eb inflacionin. Inflacioni do t\u00eb zgjas\u00eb besoj 2 deri n\u00eb 3 vjet. Shqiptar\u00ebt duhet t\u00eb p\u00ebrgatiten. Shqiptar\u00ebt do blen\u00eb m\u00eb pak gj\u00ebra me t\u00eb nj\u00ebjtat [&hellip;]<\/p>\n","protected":false,"gt_translate_keys":[{"key":"rendered","format":"html"}]},"author":32,"featured_media":478166,"comment_status":"closed","ping_status":"closed","sticky":false,"template":"","format":"standard","meta":{"footnotes":""},"categories":[65,13],"tags":[],"class_list":["post-478165","post","type-post","status-publish","format-standard","has-post-thumbnail","hentry","category-lajme","category-te-fundit"],"gt_translate_keys":[{"key":"link","format":"url"}],"_links":{"self":[{"href":"https:\/\/www.hashtag.al\/index.php\/wp-json\/wp\/v2\/posts\/478165","targetHints":{"allow":["GET"]}}],"collection":[{"href":"https:\/\/www.hashtag.al\/index.php\/wp-json\/wp\/v2\/posts"}],"about":[{"href":"https:\/\/www.hashtag.al\/index.php\/wp-json\/wp\/v2\/types\/post"}],"author":[{"embeddable":true,"href":"https:\/\/www.hashtag.al\/index.php\/wp-json\/wp\/v2\/users\/32"}],"replies":[{"embeddable":true,"href":"https:\/\/www.hashtag.al\/index.php\/wp-json\/wp\/v2\/comments?post=478165"}],"version-history":[{"count":0,"href":"https:\/\/www.hashtag.al\/index.php\/wp-json\/wp\/v2\/posts\/478165\/revisions"}],"wp:featuredmedia":[{"embeddable":true,"href":"https:\/\/www.hashtag.al\/index.php\/wp-json\/wp\/v2\/media\/478166"}],"wp:attachment":[{"href":"https:\/\/www.hashtag.al\/index.php\/wp-json\/wp\/v2\/media?parent=478165"}],"wp:term":[{"taxonomy":"category","embeddable":true,"href":"https:\/\/www.hashtag.al\/index.php\/wp-json\/wp\/v2\/categories?post=478165"},{"taxonomy":"post_tag","embeddable":true,"href":"https:\/\/www.hashtag.al\/index.php\/wp-json\/wp\/v2\/tags?post=478165"}],"curies":[{"name":"wp","href":"https:\/\/api.w.org\/{rel}","templated":true}]}}