{"id":477448,"date":"2021-10-09T08:00:27","date_gmt":"2021-10-09T06:00:27","guid":{"rendered":"https:\/\/www.hashtag.al\/?p=477448"},"modified":"2021-10-08T22:19:54","modified_gmt":"2021-10-08T20:19:54","slug":"papa-francesku-nuk-do-te-marre-pjese-ne-samitin-e-klimes-ne-skoci","status":"publish","type":"post","link":"https:\/\/www.hashtag.al\/index.php\/2021\/10\/09\/papa-francesku-nuk-do-te-marre-pjese-ne-samitin-e-klimes-ne-skoci\/","title":{"rendered":"Papa Fran\u00e7esku nuk do t\u00eb marr\u00eb pjes\u00eb n\u00eb samitin e klim\u00ebs n\u00eb Skoci","gt_translate_keys":[{"key":"rendered","format":"text"}]},"content":{"rendered":"<p><span style=\"color: #000000;\"><a href=\"https:\/\/www.hashtag.al\/wp-content\/uploads\/2021\/10\/Papa.jpg\"><img loading=\"lazy\" decoding=\"async\" class=\"aligncenter size-full wp-image-477452\" src=\"https:\/\/www.hashtag.al\/wp-content\/uploads\/2021\/10\/Papa.jpg\" alt=\"\" width=\"976\" height=\"649\" srcset=\"https:\/\/www.hashtag.al\/wp-content\/uploads\/2021\/10\/Papa.jpg 976w, https:\/\/www.hashtag.al\/wp-content\/uploads\/2021\/10\/Papa-300x199.jpg 300w, https:\/\/www.hashtag.al\/wp-content\/uploads\/2021\/10\/Papa-768x511.jpg 768w\" sizes=\"auto, (max-width: 976px) 100vw, 976px\" \/><\/a><\/span><\/p>\n<p><span style=\"color: #000000;\">Papa Fran\u00e7esku nuk do t\u00eb udh\u00ebtoj\u00eb n\u00eb Skoci p\u00ebr konferenc\u00ebn e OKB -s\u00eb p\u00ebr klim\u00ebn.<\/span><\/p>\n<p><span style=\"color: #000000;\">Kujtojm\u00eb se Papa 84-vje\u00e7ar m\u00eb par\u00eb kishte deklaruar se shpresonte t\u00eb merrte pjes\u00eb n\u00eb konferenc\u00ebn n\u00eb fjal\u00eb q\u00eb mbahet n\u00eb Glasgow muajin e ardhsh\u00ebm, por kjo do t\u00eb varej nga gjendja e tij sh\u00ebndet\u00ebsore.<\/span><\/p>\n<p><span style=\"color: #000000;\">T\u00eb Premten, Vatikani tha se delegacioni i tij do t\u00eb udh\u00ebhiqej n\u00eb vend t\u00eb Pap\u00ebs nga kardinali Parolin, sekretari i tij i shtetit.<\/span><\/p>\n<p><span style=\"color: #000000;\">Samiti i klim\u00ebs do t\u00eb mbahet n\u00eb Glasgow nga data 31 Tetor deri m\u00eb 12 N\u00ebntor. Si\u00e7 shkruan <span style=\"color: #0000ff;\"><a style=\"color: #0000ff;\" href=\"https:\/\/www.bbc.com\/news\/uk-scotland-58842535\">BBC<\/a><\/span>, Papa Fran\u00e7esku pritej t\u00eb ishte n\u00eb mesin e 120 udh\u00ebheq\u00ebsve bot\u00ebror\u00eb p\u00ebr t\u00eb marr\u00eb pjes\u00eb n\u00eb k\u00ebt\u00eb event, p\u00ebr t\u00eb paraqitur planet e tij p\u00ebr t\u00eb ulur emetimet q\u00eb shkaktojn\u00eb ndryshimin e klim\u00ebs.<\/span><\/p>\n<p><span style=\"color: #000000;\">Organizator\u00ebt kan\u00eb konfirmuar se n\u00eb samit do t\u00eb marr\u00eb pjes\u00eb edhe Mbret\u00ebresha e Britanis\u00eb Elisabeth II.<\/span><\/p>\n<p><span style=\"color: #000000;\">N\u00eb nj\u00eb intervist\u00eb me Vatican News t\u00eb botuar n\u00eb shtator, Papa Fran\u00e7esku shphehej se fjalimi q\u00eb ai do t\u00eb mbante ishte duke u p\u00ebrgatitur.<\/span><\/p>\n<p><span style=\"color: #000000;\">Ai i tha intervistuesit:<em> &#8220;N\u00eb parim, programi \u00ebsht\u00eb ai q\u00eb un\u00eb shkoj. E gjitha varet nga m\u00ebnyra sesi do t\u00eb ndihem n\u00eb at\u00eb koh\u00eb. Por n\u00eb fakt, fjalimi im tashm\u00eb \u00ebsht\u00eb duke u p\u00ebrgatitur dhe plani \u00ebsht\u00eb t\u00eb jem atje.&#8221;<\/em><\/span><\/p>\n<p><span style=\"color: #000000;\">N\u00eb korrik, ai iu n\u00ebnshtrua nj\u00eb operacioni t\u00eb suksessh\u00ebm p\u00ebr t\u00eb trajtuar nj\u00eb problem t\u00eb zorr\u00ebs s\u00eb trash\u00eb.<\/span><\/p>\n","protected":false,"gt_translate_keys":[{"key":"rendered","format":"html"}]},"excerpt":{"rendered":"<p>Papa Fran\u00e7esku nuk do t\u00eb udh\u00ebtoj\u00eb n\u00eb Skoci p\u00ebr konferenc\u00ebn e OKB -s\u00eb p\u00ebr klim\u00ebn. Kujtojm\u00eb se Papa 84-vje\u00e7ar m\u00eb par\u00eb kishte deklaruar se shpresonte t\u00eb merrte pjes\u00eb n\u00eb konferenc\u00ebn n\u00eb fjal\u00eb q\u00eb mbahet n\u00eb Glasgow muajin e ardhsh\u00ebm, por kjo do t\u00eb varej nga gjendja e tij sh\u00ebndet\u00ebsore. T\u00eb Premten, Vatikani tha se delegacioni [&hellip;]<\/p>\n","protected":false,"gt_translate_keys":[{"key":"rendered","format":"html"}]},"author":30,"featured_media":477452,"comment_status":"closed","ping_status":"closed","sticky":false,"template":"","format":"standard","meta":{"footnotes":""},"categories":[6,13],"tags":[],"class_list":["post-477448","post","type-post","status-publish","format-standard","has-post-thumbnail","hentry","category-nderkombetare","category-te-fundit"],"gt_translate_keys":[{"key":"link","format":"url"}],"_links":{"self":[{"href":"https:\/\/www.hashtag.al\/index.php\/wp-json\/wp\/v2\/posts\/477448","targetHints":{"allow":["GET"]}}],"collection":[{"href":"https:\/\/www.hashtag.al\/index.php\/wp-json\/wp\/v2\/posts"}],"about":[{"href":"https:\/\/www.hashtag.al\/index.php\/wp-json\/wp\/v2\/types\/post"}],"author":[{"embeddable":true,"href":"https:\/\/www.hashtag.al\/index.php\/wp-json\/wp\/v2\/users\/30"}],"replies":[{"embeddable":true,"href":"https:\/\/www.hashtag.al\/index.php\/wp-json\/wp\/v2\/comments?post=477448"}],"version-history":[{"count":0,"href":"https:\/\/www.hashtag.al\/index.php\/wp-json\/wp\/v2\/posts\/477448\/revisions"}],"wp:featuredmedia":[{"embeddable":true,"href":"https:\/\/www.hashtag.al\/index.php\/wp-json\/wp\/v2\/media\/477452"}],"wp:attachment":[{"href":"https:\/\/www.hashtag.al\/index.php\/wp-json\/wp\/v2\/media?parent=477448"}],"wp:term":[{"taxonomy":"category","embeddable":true,"href":"https:\/\/www.hashtag.al\/index.php\/wp-json\/wp\/v2\/categories?post=477448"},{"taxonomy":"post_tag","embeddable":true,"href":"https:\/\/www.hashtag.al\/index.php\/wp-json\/wp\/v2\/tags?post=477448"}],"curies":[{"name":"wp","href":"https:\/\/api.w.org\/{rel}","templated":true}]}}