{"id":477378,"date":"2021-10-08T16:33:26","date_gmt":"2021-10-08T14:33:26","guid":{"rendered":"https:\/\/www.hashtag.al\/?p=477378"},"modified":"2021-10-08T16:33:26","modified_gmt":"2021-10-08T14:33:26","slug":"kosova-merr-masa-mbrojtese-ndaj-kompanive-serbe-per-sa-i-perket-importit","status":"publish","type":"post","link":"https:\/\/www.hashtag.al\/index.php\/2021\/10\/08\/kosova-merr-masa-mbrojtese-ndaj-kompanive-serbe-per-sa-i-perket-importit\/","title":{"rendered":"Kosova merr masa mbrojt\u00ebse ndaj kompanive serbe p\u00ebr sa i p\u00ebrket importit","gt_translate_keys":[{"key":"rendered","format":"text"}]},"content":{"rendered":"<p><span style=\"color: #000000;\"><img loading=\"lazy\" decoding=\"async\" class=\"aligncenter size-full wp-image-477379\" src=\"https:\/\/www.hashtag.al\/wp-content\/uploads\/2021\/10\/rozetahajdari.jpg2_.jpg\" alt=\"\" width=\"1920\" height=\"1080\" srcset=\"https:\/\/www.hashtag.al\/wp-content\/uploads\/2021\/10\/rozetahajdari.jpg2_.jpg 1920w, https:\/\/www.hashtag.al\/wp-content\/uploads\/2021\/10\/rozetahajdari.jpg2_-300x169.jpg 300w, https:\/\/www.hashtag.al\/wp-content\/uploads\/2021\/10\/rozetahajdari.jpg2_-768x432.jpg 768w, https:\/\/www.hashtag.al\/wp-content\/uploads\/2021\/10\/rozetahajdari.jpg2_-1024x576.jpg 1024w\" sizes=\"auto, (max-width: 1920px) 100vw, 1920px\" \/><\/span><\/p>\n<p><span style=\"color: #000000;\">Ministrja e Industris\u00eb n\u00eb Kosov\u00eb, Rozeta Hajdari, ka njoftuar sot disa masa mbrojt\u00ebse t\u00eb qeveris\u00eb kund\u00ebr importeve nga Serbia. <\/span><\/p>\n<p><span style=\"color: #000000;\">Sipas saj, masat antidamping kan\u00eb t\u00eb b\u00ebjn\u00eb me hetimet e nisura nga autoritetet e vendit ndaj disa kompanis\u00eb serbe q\u00eb eksportojn\u00eb mallra n\u00eb Kosov\u00eb.<\/span><\/p>\n<p><span style=\"color: #000000;\"><em>\u201cP\u00ebr importin e koncentratit p\u00ebr shpez\u00eb dhe kafsh\u00eb nga Serbia dhe p\u00ebr blloka. T\u00eb dy vendimet jan\u00eb marre n\u00eb p\u00ebrputhje me Kushtetut\u00ebn, masat antidamping. Masat antidamping n\u00eb importin e bllokave \u00ebsht\u00eb marr\u00eb ndaj importit t\u00eb bllokave p\u00ebr kompanin\u00eb e p\u00ebrmendur n\u00eb vendim, kurse p\u00ebr koncentratin ndaj kompanive. Sot \u00ebsht\u00eb dita e 61 nga fillimi i hetimeve. N\u00eb caktimin e lart\u00ebsis\u00eb s\u00eb masave, jemi kujdesur qe prodhuesit vendor\u00eb t\u00eb mos rrisin \u00e7mimin p\u00ebr konsumator\u00ebt.\u201d<\/em> &#8211; tha ministrja n\u00eb nj\u00eb konferenc\u00ebs p\u00ebr shtyp.<\/span><\/p>\n<p><span style=\"color: #000000;\">Sipas vendimit, kat\u00ebr kompani serbe do t\u00eb detyrohen q\u00eb n\u00eb importin e t\u00eb gjitha llojeve t\u00eb koncentratit p\u00ebr shpez\u00eb dhe kafsh\u00eb, \u00e7mimi p\u00ebr kilogram t\u00eb jet\u00eb prej 3 cent\u00eb. Ministrja theksoi se ekziston mund\u00ebsia e nj\u00eb reciprociteti t\u00eb plot\u00eb m\u00eb Serbin\u00eb, shkruan <span style=\"color: #0000ff;\">Koha<\/span>.<\/span><\/p>\n<p><span style=\"color: #000000;\"><em>\u201cMinistria po vijon bashk\u00ebrendimin q\u00eb p\u00ebrpos dokumentimit te barrierave tregtare t\u00eb Serbis\u00eb te sigurohemi n\u00eb ngritjen e kapaciteteve institucionale sepse jan\u00eb edhe shume institucione tjera. Kryeministri ka p\u00ebrmendur dogan\u00ebn, agjencin\u00eb e ushqimit dhe t\u00eb tjera. Ndon\u00ebse rrethanat n\u00eb terren dhe ndjeshm\u00ebria e rastit nuk na lejon t\u00eb japim detaje, puna jon\u00eb do t\u00eb jet\u00eb n\u00eb mbrojtje t\u00eb nd\u00ebrmarr\u00ebsis\u00eb dhe tregtis\u00eb. N\u00ebse ju tregojm\u00eb p\u00ebr veprimet tona do t\u2019i d\u00ebmtojm\u00eb k\u00ebto veprime.\u201d <\/em>&#8211; shtoi ministrja Hajdari.<\/span><\/p>\n","protected":false,"gt_translate_keys":[{"key":"rendered","format":"html"}]},"excerpt":{"rendered":"<p>Ministrja e Industris\u00eb n\u00eb Kosov\u00eb, Rozeta Hajdari, ka njoftuar sot disa masa mbrojt\u00ebse t\u00eb qeveris\u00eb kund\u00ebr importeve nga Serbia. Sipas saj, masat antidamping kan\u00eb t\u00eb b\u00ebjn\u00eb me hetimet e nisura nga autoritetet e vendit ndaj disa kompanis\u00eb serbe q\u00eb eksportojn\u00eb mallra n\u00eb Kosov\u00eb. \u201cP\u00ebr importin e koncentratit p\u00ebr shpez\u00eb dhe kafsh\u00eb nga Serbia dhe p\u00ebr [&hellip;]<\/p>\n","protected":false,"gt_translate_keys":[{"key":"rendered","format":"html"}]},"author":51,"featured_media":477379,"comment_status":"closed","ping_status":"closed","sticky":false,"template":"","format":"standard","meta":{"footnotes":""},"categories":[149],"tags":[],"class_list":["post-477378","post","type-post","status-publish","format-standard","has-post-thumbnail","hentry","category-kosoverajon"],"gt_translate_keys":[{"key":"link","format":"url"}],"_links":{"self":[{"href":"https:\/\/www.hashtag.al\/index.php\/wp-json\/wp\/v2\/posts\/477378","targetHints":{"allow":["GET"]}}],"collection":[{"href":"https:\/\/www.hashtag.al\/index.php\/wp-json\/wp\/v2\/posts"}],"about":[{"href":"https:\/\/www.hashtag.al\/index.php\/wp-json\/wp\/v2\/types\/post"}],"author":[{"embeddable":true,"href":"https:\/\/www.hashtag.al\/index.php\/wp-json\/wp\/v2\/users\/51"}],"replies":[{"embeddable":true,"href":"https:\/\/www.hashtag.al\/index.php\/wp-json\/wp\/v2\/comments?post=477378"}],"version-history":[{"count":0,"href":"https:\/\/www.hashtag.al\/index.php\/wp-json\/wp\/v2\/posts\/477378\/revisions"}],"wp:featuredmedia":[{"embeddable":true,"href":"https:\/\/www.hashtag.al\/index.php\/wp-json\/wp\/v2\/media\/477379"}],"wp:attachment":[{"href":"https:\/\/www.hashtag.al\/index.php\/wp-json\/wp\/v2\/media?parent=477378"}],"wp:term":[{"taxonomy":"category","embeddable":true,"href":"https:\/\/www.hashtag.al\/index.php\/wp-json\/wp\/v2\/categories?post=477378"},{"taxonomy":"post_tag","embeddable":true,"href":"https:\/\/www.hashtag.al\/index.php\/wp-json\/wp\/v2\/tags?post=477378"}],"curies":[{"name":"wp","href":"https:\/\/api.w.org\/{rel}","templated":true}]}}