{"id":477357,"date":"2021-10-08T15:00:40","date_gmt":"2021-10-08T13:00:40","guid":{"rendered":"https:\/\/www.hashtag.al\/?p=477357"},"modified":"2021-10-08T15:00:40","modified_gmt":"2021-10-08T13:00:40","slug":"peleshi-thirrje-bashkive-nuk-kemi-rrezik-per-permbytje-por-merrni-masa-per-shirat-e-javes-se-ardhshme","status":"publish","type":"post","link":"https:\/\/www.hashtag.al\/index.php\/2021\/10\/08\/peleshi-thirrje-bashkive-nuk-kemi-rrezik-per-permbytje-por-merrni-masa-per-shirat-e-javes-se-ardhshme\/","title":{"rendered":"Peleshi thirrje bashkive: Nuk kemi rrezik p\u00ebr p\u00ebrmbytje, por merrni masa p\u00ebr shirat e jav\u00ebs s\u00eb ardhshme","gt_translate_keys":[{"key":"rendered","format":"text"}]},"content":{"rendered":"<p><span style=\"color: #000000;\"><a href=\"https:\/\/www.hashtag.al\/wp-content\/uploads\/2021\/10\/Peleshi.jpg\"><img loading=\"lazy\" decoding=\"async\" class=\"aligncenter size-full wp-image-477358\" src=\"https:\/\/www.hashtag.al\/wp-content\/uploads\/2021\/10\/Peleshi.jpg\" alt=\"\" width=\"1280\" height=\"853\" srcset=\"https:\/\/www.hashtag.al\/wp-content\/uploads\/2021\/10\/Peleshi.jpg 1280w, https:\/\/www.hashtag.al\/wp-content\/uploads\/2021\/10\/Peleshi-300x200.jpg 300w, https:\/\/www.hashtag.al\/wp-content\/uploads\/2021\/10\/Peleshi-768x512.jpg 768w, https:\/\/www.hashtag.al\/wp-content\/uploads\/2021\/10\/Peleshi-1024x682.jpg 1024w\" sizes=\"auto, (max-width: 1280px) 100vw, 1280px\" \/><\/a><\/span><\/p>\n<p><span style=\"color: #000000;\">Ministri i Mbrojtjes, Niko Peleshi u ka b\u00ebr\u00eb thirrje bashkive q\u00eb t\u00eb marrin masa p\u00ebr t\u00eb b\u00ebr\u00eb menaxhimin e \u00e7dolloj situate, n\u00eb nj\u00eb koh\u00eb kur sinoptikan\u00ebt parashikojn\u00eb reshje p\u00ebrgjat\u00eb jav\u00ebs s\u00eb ardhshme.<\/span><\/p>\n<p><em><span style=\"color: #000000;\">\u201cMinistria e Mbrojtjes dhe Agjencia Komb\u00ebtare e Mbrojtjes Civile gjejn\u00eb rastin p\u00ebr t\u2019u b\u00ebr\u00eb thirrje t\u00eb gjitha bashkive q\u00eb t\u00eb mbajn\u00eb n\u00eb gatishm\u00ebri strukturat dhe kapacitetet e tyre p\u00ebr t\u2019u ardhur n\u00eb ndihm\u00eb qytetar\u00ebve.<\/span><\/em><\/p>\n<p><span style=\"color: #000000;\"><em>Kjo situat\u00eb do t\u00eb vazhdoj\u00eb deri m\u00eb dat\u00eb 12 tetor kur do t\u00eb kemi reshje t\u00eb izoluara vet\u00ebm n\u00eb dy qarqe, Dib\u00ebr dhe Vlor\u00eb.<\/em>\u201d- shkruan ministri n\u00eb nj\u00eb postim n\u00eb \u201cFacebook\u201d.<\/span><\/p>\n<p><span style=\"color: #000000;\">Nd\u00ebrsa thekson se reshjet nuk paraqesin rrezik p\u00ebr p\u00ebrmbytje, ministri garanton se gjithsesi strukturat e sistemit t\u00eb mbrojtjes civile do t\u00eb jen\u00eb n\u00eb gatishm\u00ebri p\u00ebr t\u00eb menaxhuar \u00e7do situat\u00eb t\u00eb mundshme.<\/span><\/p>\n<p><em><span style=\"color: #000000;\">\u201cNga parashikimi i Sh\u00ebrbimit Meteorologjik n\u00eb Shqip\u00ebri, gjat\u00eb jav\u00ebs n\u00eb vazhdim n\u00eb t\u00eb gjith\u00eb vendin do t\u00eb ket\u00eb reshje mesatare dhe t\u00eb dendura.<\/span><\/em><\/p>\n<p><span style=\"color: #000000;\"><em>Reshjet q\u00eb priten gjat\u00eb jav\u00ebs, konsiderohen normale dhe nuk paraqesin rrezik p\u00ebr p\u00ebrmbytje, megjithat\u00eb, strukturat e sistemit t\u00eb mbrojtjes civile jan\u00eb n\u00eb gatishm\u00ebri p\u00ebr t\u00eb menaxhuar \u00e7do situat\u00eb t\u00eb mundshme.\u201d<\/em>&#8211; shkruan Peleshi.<\/span><\/p>\n","protected":false,"gt_translate_keys":[{"key":"rendered","format":"html"}]},"excerpt":{"rendered":"<p>Ministri i Mbrojtjes, Niko Peleshi u ka b\u00ebr\u00eb thirrje bashkive q\u00eb t\u00eb marrin masa p\u00ebr t\u00eb b\u00ebr\u00eb menaxhimin e \u00e7dolloj situate, n\u00eb nj\u00eb koh\u00eb kur sinoptikan\u00ebt parashikojn\u00eb reshje p\u00ebrgjat\u00eb jav\u00ebs s\u00eb ardhshme. \u201cMinistria e Mbrojtjes dhe Agjencia Komb\u00ebtare e Mbrojtjes Civile gjejn\u00eb rastin p\u00ebr t\u2019u b\u00ebr\u00eb thirrje t\u00eb gjitha bashkive q\u00eb t\u00eb mbajn\u00eb n\u00eb gatishm\u00ebri [&hellip;]<\/p>\n","protected":false,"gt_translate_keys":[{"key":"rendered","format":"html"}]},"author":30,"featured_media":477358,"comment_status":"closed","ping_status":"closed","sticky":false,"template":"","format":"standard","meta":{"footnotes":""},"categories":[65,13],"tags":[],"class_list":["post-477357","post","type-post","status-publish","format-standard","has-post-thumbnail","hentry","category-lajme","category-te-fundit"],"gt_translate_keys":[{"key":"link","format":"url"}],"_links":{"self":[{"href":"https:\/\/www.hashtag.al\/index.php\/wp-json\/wp\/v2\/posts\/477357","targetHints":{"allow":["GET"]}}],"collection":[{"href":"https:\/\/www.hashtag.al\/index.php\/wp-json\/wp\/v2\/posts"}],"about":[{"href":"https:\/\/www.hashtag.al\/index.php\/wp-json\/wp\/v2\/types\/post"}],"author":[{"embeddable":true,"href":"https:\/\/www.hashtag.al\/index.php\/wp-json\/wp\/v2\/users\/30"}],"replies":[{"embeddable":true,"href":"https:\/\/www.hashtag.al\/index.php\/wp-json\/wp\/v2\/comments?post=477357"}],"version-history":[{"count":0,"href":"https:\/\/www.hashtag.al\/index.php\/wp-json\/wp\/v2\/posts\/477357\/revisions"}],"wp:featuredmedia":[{"embeddable":true,"href":"https:\/\/www.hashtag.al\/index.php\/wp-json\/wp\/v2\/media\/477358"}],"wp:attachment":[{"href":"https:\/\/www.hashtag.al\/index.php\/wp-json\/wp\/v2\/media?parent=477357"}],"wp:term":[{"taxonomy":"category","embeddable":true,"href":"https:\/\/www.hashtag.al\/index.php\/wp-json\/wp\/v2\/categories?post=477357"},{"taxonomy":"post_tag","embeddable":true,"href":"https:\/\/www.hashtag.al\/index.php\/wp-json\/wp\/v2\/tags?post=477357"}],"curies":[{"name":"wp","href":"https:\/\/api.w.org\/{rel}","templated":true}]}}