{"id":477318,"date":"2021-10-08T12:57:08","date_gmt":"2021-10-08T10:57:08","guid":{"rendered":"https:\/\/www.hashtag.al\/?p=477318"},"modified":"2021-10-08T12:58:26","modified_gmt":"2021-10-08T10:58:26","slug":"protesta-ne-kurbin-nga-banoret-e-demtuar-nga-termeti-spo-na-japin-bonusin-e-qirase-kryebashkiakja-ka-ikur-ne-drejtim-te-paditur","status":"publish","type":"post","link":"https:\/\/www.hashtag.al\/index.php\/2021\/10\/08\/protesta-ne-kurbin-nga-banoret-e-demtuar-nga-termeti-spo-na-japin-bonusin-e-qirase-kryebashkiakja-ka-ikur-ne-drejtim-te-paditur\/","title":{"rendered":"Protesta n\u00eb Kurbin nga banor\u00ebt e d\u00ebmtuar nga t\u00ebrmeti: S\u2019po na japin bonusin e qiras\u00eb, kryebashkiakja ka ikur n\u00eb drejtim t\u00eb paditur","gt_translate_keys":[{"key":"rendered","format":"text"}]},"content":{"rendered":"<p><span style=\"color: #000000;\"><a href=\"https:\/\/www.hashtag.al\/wp-content\/uploads\/2021\/10\/kurbin.jpg\"><img loading=\"lazy\" decoding=\"async\" class=\"aligncenter size-full wp-image-477319\" src=\"https:\/\/www.hashtag.al\/wp-content\/uploads\/2021\/10\/kurbin.jpg\" alt=\"\" width=\"780\" height=\"440\" srcset=\"https:\/\/www.hashtag.al\/wp-content\/uploads\/2021\/10\/kurbin.jpg 780w, https:\/\/www.hashtag.al\/wp-content\/uploads\/2021\/10\/kurbin-300x169.jpg 300w, https:\/\/www.hashtag.al\/wp-content\/uploads\/2021\/10\/kurbin-768x433.jpg 768w\" sizes=\"auto, (max-width: 780px) 100vw, 780px\" \/><\/a><\/span><\/p>\n<p><span style=\"color: #000000;\">Vonesa n\u00eb rind\u00ebrtimin e sht\u00ebpive dhe vonesat e krijuara n\u00eb marrjen e bonusit t\u00eb qiras\u00eb ka ngritur n\u00eb protest\u00eb disa familje t\u00eb prekura nga t\u00ebrmeti i 26 n\u00ebntorit t\u00eb vitit 2019, n\u00eb Bashkin\u00eb e Kurbinit.<\/span><\/p>\n<p><span style=\"color: #000000;\">Ata shprehen se prej nj\u00eb muaji e gjysm\u00eb nuk kan\u00eb marr\u00eb bonusin e qiras\u00eb, nd\u00ebrsa ende procesi i Rind\u00ebrtimit nuk ka p\u00ebrfunduar.<\/span><\/p>\n<p><span style=\"color: #000000;\">Protestuesit shprehen se kan\u00eb 6 muaj q\u00eb k\u00ebrkojn\u00eb nj\u00eb takim me kryetaren e Bashkis\u00eb, Majlinda Car\u00ebn, p\u00ebr t\u00eb marr\u00eb nj\u00eb p\u00ebrgjigje n\u00eb lidhje me bonusin e qiras\u00eb dhe rind\u00ebrtimin e banesave t\u00eb tyre, por ajo nuk i \u00ebsht\u00eb p\u00ebrgjigjur.<\/span><\/p>\n<p><span style=\"color: #000000;\"><em>&#8220;Ne jemi t\u00eb pastreh\u00eb, sht\u00ebpit\u00eb i kemi t\u00eb d\u00ebmtuara. Nuk jemi takuar me kryetaren e Bashkis\u00eb, sa her\u00eb vijm\u00eb n\u00eb Bashki dhe k\u00ebrkojm\u00eb takim, kryetarja \u00ebsht\u00eb larguar n\u00eb drejtim t\u00eb paditur, nuk po dim\u00eb se kur do kthehet n\u00eb drejtim t\u00eb ditur. Kemi 6 muaj q\u00eb duam t atakojm\u00eb. Ne po protestojm\u00eb se bonusi e qiras\u00eb nuk na e kan\u00eb dh\u00ebn\u00eb, ndihm\u00ebn ekonomike jo, se \u00e7a do b\u00ebhet me sht\u00ebpin\u00eb nuk dim\u00eb gj\u00eb. Un\u00eb banoj akoma n\u00eb \u00e7ad\u00ebr.&#8221;<\/em>&#8211; shprehet nj\u00eb banor.<\/span><\/p>\n<p><span style=\"color: #000000;\">Nj\u00eb tjet\u00ebr shton: <em>&#8220;Ka nj\u00eb muaj e gjysm\u00eb q\u00eb nuk e kemi marr\u00eb dhe nuk na japin arsye. Vijm\u00eb k\u00ebtu e na sorollatin, nuk dim\u00eb nga t\u00eb shkojm\u00eb&#8221;.<\/em><\/span><\/p>\n<p><iframe loading=\"lazy\" title=\"\u201cKryetarja e bashkis\u00eb ka ikur n\u00eb drejtim t\u00eb paditur\u201d,banor\u00ebt e Kurbinit: Kemi 6 muaj me k\u00ebt\u00eb k\u00ebrkes\u00eb\" width=\"1170\" height=\"658\" src=\"https:\/\/www.youtube.com\/embed\/BuabedH0mEU?feature=oembed\" frameborder=\"0\" allow=\"accelerometer; autoplay; clipboard-write; encrypted-media; gyroscope; picture-in-picture\" allowfullscreen><\/iframe><\/p>\n","protected":false,"gt_translate_keys":[{"key":"rendered","format":"html"}]},"excerpt":{"rendered":"<p>Vonesa n\u00eb rind\u00ebrtimin e sht\u00ebpive dhe vonesat e krijuara n\u00eb marrjen e bonusit t\u00eb qiras\u00eb ka ngritur n\u00eb protest\u00eb disa familje t\u00eb prekura nga t\u00ebrmeti i 26 n\u00ebntorit t\u00eb vitit 2019, n\u00eb Bashkin\u00eb e Kurbinit. Ata shprehen se prej nj\u00eb muaji e gjysm\u00eb nuk kan\u00eb marr\u00eb bonusin e qiras\u00eb, nd\u00ebrsa ende procesi i Rind\u00ebrtimit nuk [&hellip;]<\/p>\n","protected":false,"gt_translate_keys":[{"key":"rendered","format":"html"}]},"author":30,"featured_media":477319,"comment_status":"closed","ping_status":"closed","sticky":false,"template":"","format":"standard","meta":{"footnotes":""},"categories":[65,13],"tags":[],"class_list":["post-477318","post","type-post","status-publish","format-standard","has-post-thumbnail","hentry","category-lajme","category-te-fundit"],"gt_translate_keys":[{"key":"link","format":"url"}],"_links":{"self":[{"href":"https:\/\/www.hashtag.al\/index.php\/wp-json\/wp\/v2\/posts\/477318","targetHints":{"allow":["GET"]}}],"collection":[{"href":"https:\/\/www.hashtag.al\/index.php\/wp-json\/wp\/v2\/posts"}],"about":[{"href":"https:\/\/www.hashtag.al\/index.php\/wp-json\/wp\/v2\/types\/post"}],"author":[{"embeddable":true,"href":"https:\/\/www.hashtag.al\/index.php\/wp-json\/wp\/v2\/users\/30"}],"replies":[{"embeddable":true,"href":"https:\/\/www.hashtag.al\/index.php\/wp-json\/wp\/v2\/comments?post=477318"}],"version-history":[{"count":0,"href":"https:\/\/www.hashtag.al\/index.php\/wp-json\/wp\/v2\/posts\/477318\/revisions"}],"wp:featuredmedia":[{"embeddable":true,"href":"https:\/\/www.hashtag.al\/index.php\/wp-json\/wp\/v2\/media\/477319"}],"wp:attachment":[{"href":"https:\/\/www.hashtag.al\/index.php\/wp-json\/wp\/v2\/media?parent=477318"}],"wp:term":[{"taxonomy":"category","embeddable":true,"href":"https:\/\/www.hashtag.al\/index.php\/wp-json\/wp\/v2\/categories?post=477318"},{"taxonomy":"post_tag","embeddable":true,"href":"https:\/\/www.hashtag.al\/index.php\/wp-json\/wp\/v2\/tags?post=477318"}],"curies":[{"name":"wp","href":"https:\/\/api.w.org\/{rel}","templated":true}]}}