{"id":476968,"date":"2021-10-06T19:13:26","date_gmt":"2021-10-06T17:13:26","guid":{"rendered":"https:\/\/www.hashtag.al\/?p=476968"},"modified":"2021-10-06T19:13:26","modified_gmt":"2021-10-06T17:13:26","slug":"rama-kritika-per-be-ne-politika-e-re-e-zgjerimit-i-ben-jehone-politikes-se-vjeter-te-kufizimit","status":"publish","type":"post","link":"https:\/\/www.hashtag.al\/index.php\/2021\/10\/06\/rama-kritika-per-be-ne-politika-e-re-e-zgjerimit-i-ben-jehone-politikes-se-vjeter-te-kufizimit\/","title":{"rendered":"Rama kritika p\u00ebr BE-n\u00eb: Politika e re e zgjerimit i b\u00ebn jehon\u00eb politik\u00ebs s\u00eb vjet\u00ebr t\u00eb kufizimit","gt_translate_keys":[{"key":"rendered","format":"text"}]},"content":{"rendered":"<p><span style=\"color: #000000;\"><img loading=\"lazy\" decoding=\"async\" class=\"aligncenter size-full wp-image-476969\" src=\"https:\/\/www.hashtag.al\/wp-content\/uploads\/2021\/10\/rama-3.jpg\" alt=\"\" width=\"1242\" height=\"986\" srcset=\"https:\/\/www.hashtag.al\/wp-content\/uploads\/2021\/10\/rama-3.jpg 1242w, https:\/\/www.hashtag.al\/wp-content\/uploads\/2021\/10\/rama-3-300x238.jpg 300w, https:\/\/www.hashtag.al\/wp-content\/uploads\/2021\/10\/rama-3-768x610.jpg 768w, https:\/\/www.hashtag.al\/wp-content\/uploads\/2021\/10\/rama-3-1024x813.jpg 1024w\" sizes=\"auto, (max-width: 1242px) 100vw, 1242px\" \/><\/span><\/p>\n<p><span style=\"color: #000000;\">Kreu i Qeveris\u00eb Edi Rama, ka publikuar fjal\u00ebn e plot\u00eb t\u00eb mbajtur n\u00eb samitin e BE-s\u00eb me vendet e Ballkanit Per\u00ebndimor.<\/span><\/p>\n<p><span style=\"color: #000000;\">Fjal\u00ebn e Ram\u00ebs e mban kryesisht kritika ndaj BE-s\u00eb dhe qasjes s\u00eb saj p\u00ebr t\u00eb zvarritur an\u00ebtar\u00ebsimin e vendeve t\u00eb Ballkanit Per\u00ebndimor.<\/span><\/p>\n<p><span style=\"color: #000000;\"><em>\u201cJa ku jemi. T\u00eb mbledhur 18 vjet pas samitit t\u00eb Bashkimit Europian me Ballkanin Per\u00ebndimor n\u00eb Selanik; koha q\u00eb i duhet nj\u00eb bebeje p\u00ebr t\u2019u b\u00ebr\u00eb votues, pjes\u00ebtar me t\u00eb drejta t\u00eb plota i nj\u00eb bashk\u00ebsie politike. N\u00ebse i krahasojm\u00eb sh\u00ebnimet mes dy samiteve, mund t\u00eb thuhet pa frik\u00eb se koha ka ndalur. Ngjashm\u00ebria mes fjal\u00ebve t\u00eb shkruara at\u00ebher\u00eb dhe atyre sot \u00ebsht\u00eb mbres\u00ebl\u00ebn\u00ebse. Me nj\u00eb p\u00ebrjashtim. 18 vjet m\u00eb par\u00eb fjala \u201czgjerim\u201d ishte kredoja ting\u00eblluese e t\u00eb ardhmes. Sot e nj\u00ebjta fjal\u00eb \u00ebsht\u00eb b\u00ebr\u00eb jehon\u00eb e ndrojtur e t\u00eb shkuar\u00ebs. Po nj\u00ebsoj, politika e re e zgjerimit duket sikur i b\u00ebn jehon\u00eb politik\u00ebs s\u00eb vjet\u00ebr t\u00eb kufizimit. Por, \u201c\u00ebsht\u00eb ajo q\u00eb \u00ebsht\u00eb\u201d, si\u00e7 do t\u00eb thoshte zot\u00ebruesi i m\u00ebparsh\u00ebm legjendar i Zyr\u00ebs Ovale. Dhe un\u00eb nuk do t\u00eb bezdis asnj\u00eb k\u00ebtu me liturgjin\u00eb e ankesave q\u00eb t\u00eb gjith\u00eb ju i dini mir\u00eb.<\/em><\/span><\/p>\n<p><span style=\"color: #000000;\"><em>P\u00ebrpjekjet e Maqedonis\u00eb s\u00eb Veriut p\u00ebr t\u00eb lar\u00eb hesapet me t\u00eb kaluar\u00ebn e qepur k\u00ebmba-k\u00ebmb\u00ebs pas saj, n\u00eb em\u00ebr t\u00eb nj\u00eb t\u00eb ardhmeje t\u00eb ndritur europiane, nis\u00ebn rreth 15 vjet m\u00eb par\u00eb me statusin e vendit kandidat. Vendi shkoi aq larg n\u00eb ato p\u00ebrpjekje, sa nd\u00ebrroi edhe emrin. Po prap\u00ebseprap\u00eb nuk mjaftoi p\u00ebr t\u00eb nisur as dhe nj\u00eb Konferenc\u00eb Nd\u00ebrqeveritare n\u00eb Zoom me BE-n\u00eb, drejt nj\u00eb procesi integrimi q\u00eb mund t\u00eb marr\u00eb edhe 18 vjet t\u00eb tjera, p\u00ebrpara se sa an\u00ebtar\u00ebsimi i plot\u00eb n\u00eb BE t\u00eb shfaqet si nj\u00eb fund i lumtur i mundsh\u00ebm (q\u00eb i bie n\u00eb total 33 vjet nga marrja e statusit t\u00eb vendit kandidat ose, me fjal\u00eb t\u00eb tjera, mosha e Jezu Krishtin t\u00eb gozhduar n\u00eb kryq)<\/em>\u201d \u00ebsht\u00eb shprehur kryeministri Edi Rama.<\/span><\/p>\n<p><span style=\"color: #000000;\">Kryeministri Edi Rama m\u00eb tej thot\u00eb se shqiptar\u00ebt jan\u00eb populli m\u00eb pro-evropian dhe p\u00ebr ta \u00ebsht\u00eb e dhimbshme q\u00eb t\u00eb d\u00ebgjojn\u00eb BE t\u00eb thot\u00eb se detyrat jan\u00eb b\u00ebr\u00eb, por duhet t\u00eb presim.<\/span><\/p>\n<p><span style=\"color: #000000;\">Kreu i qeveris\u00eb shqiptare u shpreh se e ka humbur besimin q\u00eb Bullgaria t\u00eb hap\u00eb rrug\u00ebn p\u00ebr \u00e7eljen e negociatave.<\/span><\/p>\n<p><span style=\"color: #000000;\"><em>\u201cUn\u00eb i kam ndar\u00eb tanim\u00eb disa mendime rreth k\u00ebsaj pune me bashk\u00ebqytetar\u00ebt e mi. Si\u00e7 ju mund ta kuptoni, kjo nuk \u00ebsht\u00eb dhe aq e leht\u00eb. Shqiptar\u00ebt jan\u00eb bashk\u00ebsia m\u00eb pro-europiane rretherrotull Europ\u00ebs, si rrjedhoj\u00eb e nj\u00eb t\u00eb kaluare t\u00eb zymt\u00eb izolimi ekstrem nga Imperializmi Amerikan dhe Social-Imperializmi Sovjetik. Pas r\u00ebnies s\u00eb komunizmit, ne mund\u00ebm m\u00eb n\u00eb fund t\u00eb zgjedhim lirisht p\u00ebr her\u00eb t\u00eb par\u00eb n\u00eb histori, se me k\u00eb donim t\u00eb bashkoheshim. Dhe zgjodh\u00ebm nj\u00ebz\u00ebri Bashkimin Evropian. \u00cbsht\u00eb disi e dhimbshme p\u00ebr shqiptar\u00ebt t\u00eb d\u00ebgjojn\u00eb prej Europ\u00ebs p\u00ebrs\u00ebri e p\u00ebrs\u00ebri q\u00eb, po, sigurisht, Shqip\u00ebria i ka b\u00ebr\u00eb detyrat e saj, por prap\u00ebseprap\u00eb t\u00eb se shohin BE-n\u00eb q\u00eb ata aq shum\u00eb e adhurojn\u00eb, fatkeq\u00ebsisht mund t\u00eb mos e mbaj\u00eb fjal\u00ebn e dh\u00ebn\u00eb. \u00cbsht\u00eb ajo q\u00eb \u00ebsht\u00eb.<\/em><\/span><\/p>\n<p><span style=\"color: #000000;\"><em>Ne ishim vendi i fundit q\u00eb u q\u00ebndruam idealeve t\u00eb komunizmit edhe pasi \u00e7do vend tjet\u00ebr n\u00eb Europ\u00eb i kishte braktisur ato. Mbase do t\u00eb jemi shteti i fundit q\u00eb do t\u2019i q\u00ebndrojm\u00eb idealeve t\u00eb BE-s\u00eb edhe kur, kushedi, an\u00ebtari i fundit i Unionit do t\u00eb ket\u00eb ndaluar s\u00eb besuari n\u00eb to. U kam th\u00ebn\u00eb bashk\u00ebqytetar\u00ebve t\u00eb mi q\u00eb ne duhet t\u00eb m\u00ebsohemi me premtimet tuaja t\u00eb pambajtura, pa e humbur pasionin, vullnetin, horizontin e transformimit t\u00eb Shqip\u00ebris\u00eb n\u00eb nj\u00eb shtet plot\u00ebsisht funksional, mbi parimet dhe standardet e Bashkimit Europian. K\u00ebt\u00eb ia kemi borxh f\u00ebmij\u00ebve tan\u00eb, jo Brukselit, jo Berlinit, jo Parisit.<\/em><\/span><\/p>\n<p><span style=\"color: #000000;\"><em>Natyrisht, shum\u00eb m\u00eb e leht\u00eb ta thuash se sa ta b\u00ebsh. Ja, provojeni p\u00ebr nj\u00eb \u00e7ast, si udh\u00ebheq\u00ebs t\u00eb zgjedhur nga njer\u00ebzit q\u00eb jeni t\u00eb gjith\u00eb, se sa kollaj mund t\u00eb mbijetohet politikisht n\u00eb rrethanat surreale q\u00eb ky proces, prej koh\u00ebsh totalisht i paparashikuesh\u00ebm, krijon \u2013 ku dalja n\u00eb prit\u00eb e Bullgaris\u00eb s\u00eb fundmi, sh\u00ebnon vet\u00ebm kthes\u00ebn m\u00eb t\u00eb re kreative n\u00eb k\u00ebt\u00eb film, jo t\u00eb vetmen.<\/em><\/span><\/p>\n<p><span style=\"color: #000000;\"><em>Me keqardhje e them q\u00eb un\u00eb e kam humbur besimin se Bullgaria do t\u00eb jet\u00eb n\u00eb gjendje ta liroj\u00eb rrug\u00ebn shpejt, sepse miqt\u00eb tan\u00eb bullgar\u00eb duken t\u00eb z\u00ebn\u00eb n\u00eb kurthin e zjarrit q\u00eb e ndez\u00ebn p\u00ebr t\u00eb ngrohur votuesit me flak\u00ebt e nj\u00eb t\u00eb kaluare plot lavdi. Ndoshta atyre votuesve as q\u00eb u b\u00ebhet von\u00eb q\u00eb kan\u00eb marr\u00eb peng dy shtete, t\u00eb cilat sipas t\u00eb t\u00ebra hesapeve jan\u00eb t\u00eb pafajshme dhe krejt n\u00eb rregull me detyrat. Por ama duhet t\u2019i b\u00ebhet von\u00eb BE-s\u00eb, sepse po humbet fytyr\u00ebn n\u00eb syt\u00eb e popujve t\u00eb gjasht\u00eb vendeve t\u00eb Ballkanit Per\u00ebndimor. Tanim\u00eb un\u00eb mundem vet\u00ebm t\u00eb shpresoj, q\u00eb kjo bllokad\u00eb pa sens t\u00eb mos kthehet n\u00eb nj\u00eb histori pa fund<\/em><\/span><\/p>\n","protected":false,"gt_translate_keys":[{"key":"rendered","format":"html"}]},"excerpt":{"rendered":"<p>Kreu i Qeveris\u00eb Edi Rama, ka publikuar fjal\u00ebn e plot\u00eb t\u00eb mbajtur n\u00eb samitin e BE-s\u00eb me vendet e Ballkanit Per\u00ebndimor. Fjal\u00ebn e Ram\u00ebs e mban kryesisht kritika ndaj BE-s\u00eb dhe qasjes s\u00eb saj p\u00ebr t\u00eb zvarritur an\u00ebtar\u00ebsimin e vendeve t\u00eb Ballkanit Per\u00ebndimor. \u201cJa ku jemi. T\u00eb mbledhur 18 vjet pas samitit t\u00eb Bashkimit Europian [&hellip;]<\/p>\n","protected":false,"gt_translate_keys":[{"key":"rendered","format":"html"}]},"author":32,"featured_media":476969,"comment_status":"closed","ping_status":"closed","sticky":false,"template":"","format":"standard","meta":{"footnotes":""},"categories":[65,13],"tags":[],"class_list":["post-476968","post","type-post","status-publish","format-standard","has-post-thumbnail","hentry","category-lajme","category-te-fundit"],"gt_translate_keys":[{"key":"link","format":"url"}],"_links":{"self":[{"href":"https:\/\/www.hashtag.al\/index.php\/wp-json\/wp\/v2\/posts\/476968","targetHints":{"allow":["GET"]}}],"collection":[{"href":"https:\/\/www.hashtag.al\/index.php\/wp-json\/wp\/v2\/posts"}],"about":[{"href":"https:\/\/www.hashtag.al\/index.php\/wp-json\/wp\/v2\/types\/post"}],"author":[{"embeddable":true,"href":"https:\/\/www.hashtag.al\/index.php\/wp-json\/wp\/v2\/users\/32"}],"replies":[{"embeddable":true,"href":"https:\/\/www.hashtag.al\/index.php\/wp-json\/wp\/v2\/comments?post=476968"}],"version-history":[{"count":0,"href":"https:\/\/www.hashtag.al\/index.php\/wp-json\/wp\/v2\/posts\/476968\/revisions"}],"wp:featuredmedia":[{"embeddable":true,"href":"https:\/\/www.hashtag.al\/index.php\/wp-json\/wp\/v2\/media\/476969"}],"wp:attachment":[{"href":"https:\/\/www.hashtag.al\/index.php\/wp-json\/wp\/v2\/media?parent=476968"}],"wp:term":[{"taxonomy":"category","embeddable":true,"href":"https:\/\/www.hashtag.al\/index.php\/wp-json\/wp\/v2\/categories?post=476968"},{"taxonomy":"post_tag","embeddable":true,"href":"https:\/\/www.hashtag.al\/index.php\/wp-json\/wp\/v2\/tags?post=476968"}],"curies":[{"name":"wp","href":"https:\/\/api.w.org\/{rel}","templated":true}]}}