{"id":476962,"date":"2021-10-06T18:33:54","date_gmt":"2021-10-06T16:33:54","guid":{"rendered":"https:\/\/www.hashtag.al\/?p=476962"},"modified":"2021-10-06T21:39:22","modified_gmt":"2021-10-06T19:39:22","slug":"albana-vokshi-i-bashkohet-protestes-kundra-rritjes-se-cmimeve","status":"publish","type":"post","link":"https:\/\/www.hashtag.al\/index.php\/2021\/10\/06\/albana-vokshi-i-bashkohet-protestes-kundra-rritjes-se-cmimeve\/","title":{"rendered":"Albana Vokshi i bashkohet protest\u00ebs kundra rritjes s\u00eb \u00e7mimeve","gt_translate_keys":[{"key":"rendered","format":"text"}]},"content":{"rendered":"<p><span style=\"color: #000000;\"><img loading=\"lazy\" decoding=\"async\" class=\"aligncenter size-full wp-image-476963\" src=\"https:\/\/www.hashtag.al\/wp-content\/uploads\/2021\/10\/Vokshi-proteste.jpeg\" alt=\"\" width=\"1200\" height=\"1600\" srcset=\"https:\/\/www.hashtag.al\/wp-content\/uploads\/2021\/10\/Vokshi-proteste.jpeg 1200w, https:\/\/www.hashtag.al\/wp-content\/uploads\/2021\/10\/Vokshi-proteste-225x300.jpeg 225w, https:\/\/www.hashtag.al\/wp-content\/uploads\/2021\/10\/Vokshi-proteste-768x1024.jpeg 768w\" sizes=\"auto, (max-width: 1200px) 100vw, 1200px\" \/><\/span><\/p>\n<p><span style=\"color: #000000;\">Qindra qytetar\u00eb u mblodh\u00ebn para kryeministris\u00eb n\u00eb protest\u00eb kund\u00ebr rritjes s\u00eb \u00e7mimeve.<\/span><\/p>\n<p><span style=\"color: #000000;\">Protesta u thirr nga qytetar\u00eb n\u00eb rrjetet sociale t\u00eb cil\u00ebt shpreh\u00ebn kund\u00ebrshtin\u00eb p\u00ebr rritjen e \u00e7mimeve.<\/span><\/p>\n<p><span style=\"color: #000000;\">Nd\u00ebrsa politika dhe ve\u00e7an\u00ebrisht opozita nuk b\u00ebri thirrje p\u00ebr tu bashkuar k\u00ebsaj proteste nuk ndaloi disa politikan\u00eb t\u00eb bashkoheshin n\u00eb protest\u00eb.<\/span><\/p>\n<p><span style=\"color: #000000;\">Ka qen\u00eb deputetja e Partis\u00eb Demokratike, Albana Vokshi e cila \u00ebsht\u00eb par\u00eb n\u00eb protest\u00eb p\u00ebrpara kryeministris\u00eb.<\/span><\/p>\n","protected":false,"gt_translate_keys":[{"key":"rendered","format":"html"}]},"excerpt":{"rendered":"<p>Qindra qytetar\u00eb u mblodh\u00ebn para kryeministris\u00eb n\u00eb protest\u00eb kund\u00ebr rritjes s\u00eb \u00e7mimeve. Protesta u thirr nga qytetar\u00eb n\u00eb rrjetet sociale t\u00eb cil\u00ebt shpreh\u00ebn kund\u00ebrshtin\u00eb p\u00ebr rritjen e \u00e7mimeve. Nd\u00ebrsa politika dhe ve\u00e7an\u00ebrisht opozita nuk b\u00ebri thirrje p\u00ebr tu bashkuar k\u00ebsaj proteste nuk ndaloi disa politikan\u00eb t\u00eb bashkoheshin n\u00eb protest\u00eb. Ka qen\u00eb deputetja e Partis\u00eb Demokratike, [&hellip;]<\/p>\n","protected":false,"gt_translate_keys":[{"key":"rendered","format":"html"}]},"author":32,"featured_media":476963,"comment_status":"closed","ping_status":"closed","sticky":false,"template":"","format":"standard","meta":{"footnotes":""},"categories":[65,13],"tags":[],"class_list":["post-476962","post","type-post","status-publish","format-standard","has-post-thumbnail","hentry","category-lajme","category-te-fundit"],"gt_translate_keys":[{"key":"link","format":"url"}],"_links":{"self":[{"href":"https:\/\/www.hashtag.al\/index.php\/wp-json\/wp\/v2\/posts\/476962","targetHints":{"allow":["GET"]}}],"collection":[{"href":"https:\/\/www.hashtag.al\/index.php\/wp-json\/wp\/v2\/posts"}],"about":[{"href":"https:\/\/www.hashtag.al\/index.php\/wp-json\/wp\/v2\/types\/post"}],"author":[{"embeddable":true,"href":"https:\/\/www.hashtag.al\/index.php\/wp-json\/wp\/v2\/users\/32"}],"replies":[{"embeddable":true,"href":"https:\/\/www.hashtag.al\/index.php\/wp-json\/wp\/v2\/comments?post=476962"}],"version-history":[{"count":0,"href":"https:\/\/www.hashtag.al\/index.php\/wp-json\/wp\/v2\/posts\/476962\/revisions"}],"wp:featuredmedia":[{"embeddable":true,"href":"https:\/\/www.hashtag.al\/index.php\/wp-json\/wp\/v2\/media\/476963"}],"wp:attachment":[{"href":"https:\/\/www.hashtag.al\/index.php\/wp-json\/wp\/v2\/media?parent=476962"}],"wp:term":[{"taxonomy":"category","embeddable":true,"href":"https:\/\/www.hashtag.al\/index.php\/wp-json\/wp\/v2\/categories?post=476962"},{"taxonomy":"post_tag","embeddable":true,"href":"https:\/\/www.hashtag.al\/index.php\/wp-json\/wp\/v2\/tags?post=476962"}],"curies":[{"name":"wp","href":"https:\/\/api.w.org\/{rel}","templated":true}]}}