{"id":476957,"date":"2021-10-06T18:12:00","date_gmt":"2021-10-06T16:12:00","guid":{"rendered":"https:\/\/www.hashtag.al\/?p=476957"},"modified":"2021-10-06T18:12:00","modified_gmt":"2021-10-06T16:12:00","slug":"pano-soko-po-rrisin-cmimet-te-mbulojne-vjedhjet-e-mbajne-popullin-te-varfer-se-ndryshe-se-kontrollojne-dot-me","status":"publish","type":"post","link":"https:\/\/www.hashtag.al\/index.php\/2021\/10\/06\/pano-soko-po-rrisin-cmimet-te-mbulojne-vjedhjet-e-mbajne-popullin-te-varfer-se-ndryshe-se-kontrollojne-dot-me\/","title":{"rendered":"Pano Soko: Po rrisin \u00e7mimet t\u00eb mbulojn\u00eb vjedhjet, e mbajn\u00eb popullin t\u00eb varf\u00ebr se ndryshe s\u2019e kontrollojn\u00eb dot m\u00eb","gt_translate_keys":[{"key":"rendered","format":"text"}]},"content":{"rendered":"<p><span style=\"color: #000000;\"><a href=\"https:\/\/www.hashtag.al\/wp-content\/uploads\/2021\/10\/Pano-Soko.jpg\"><img loading=\"lazy\" decoding=\"async\" class=\"aligncenter size-full wp-image-476958\" src=\"https:\/\/www.hashtag.al\/wp-content\/uploads\/2021\/10\/Pano-Soko.jpg\" alt=\"\" width=\"777\" height=\"412\" srcset=\"https:\/\/www.hashtag.al\/wp-content\/uploads\/2021\/10\/Pano-Soko.jpg 777w, https:\/\/www.hashtag.al\/wp-content\/uploads\/2021\/10\/Pano-Soko-300x159.jpg 300w, https:\/\/www.hashtag.al\/wp-content\/uploads\/2021\/10\/Pano-Soko-768x407.jpg 768w\" sizes=\"auto, (max-width: 777px) 100vw, 777px\" \/><\/a><\/span><\/p>\n<p><span style=\"color: #000000;\">Pano Soko i \u201cNism\u00ebs Thurje\u201d ishte n\u00eb protest\u00ebn e sotme p\u00ebrpara kryeministris\u00eb, ku ka deklaruaar se \u00e7mimi i energjis\u00eb elektrike rritet me q\u00ebllim p\u00ebr t\u00eb mbuluar vjedhjet qeveritar\u00ebt.<\/span><\/p>\n<p><span style=\"color: #000000;\">Ai theksoi se askush nga politikan\u00ebt n\u00eb qeveri, duke nisur nga kryeministri Edi Rama, nuk e vrasin fare mendjen p\u00ebr rritjen e \u00e7mimeve pasi vet\u00eb nuk kan\u00eb vajtur ndonj\u00ebher\u00eb n\u00eb dyqan.<\/span><\/p>\n<p><span style=\"color: #000000;\">Soko tha se qeveritar\u00ebt e mbajn\u00eb popullin t\u00eb varf\u00ebr, me q\u00ebllim q\u00eb ta kontrollojn\u00eb sepse n\u00eb t\u00eb kund\u00ebrt nuk e kontrollojn\u00eb dot.<\/span><\/p>\n<p><em><span style=\"color: #000000;\">\u201cUn\u00eb do flas pak se t\u00eb flas\u00ebsh shum\u00eb nuk \u00ebsht\u00eb se b\u00ebn diferenc\u00eb. D\u00ebgjoni, nuk e b\u00ebjn\u00eb sepse s\u2019munden, nuk po rrisin \u00e7mimet sepse s\u2019kan\u00eb mund\u00ebsin\u00eb ti mbajn\u00eb posht\u00eb sepse \u00ebsht\u00eb tregu si\u00e7 thon\u00eb.<\/span><\/em><\/p>\n<p><em><span style=\"color: #000000;\">Jo mor jo, e b\u00ebjn\u00eb sepse duan t\u00eb vjedhin, e rrisin \u00e7mimin e energjis\u00eb p\u00ebr t\u00eb mbuluar vjedhjet. Dhe ky \u00ebsht\u00eb realiteti. \u00c7do gj\u00eb q\u00eb flasin, q\u00eb d\u00ebgjoni n\u00ebp\u00ebr banaqet televizive, jo po tregu, jo po kriza. Jan\u00eb t\u00eb gjitha sajesa. E b\u00ebjn\u00eb p\u00ebr t\u00eb mbuluar vjedhjet e tyre, mos e harroni k\u00ebt\u00eb. Sa her\u00eb q\u00eb d\u00ebgjoni gj\u00ebra t\u00eb tjera, jan\u00eb g\u00ebnjeshtra, jan\u00eb mbulesa.<\/span><\/em><\/p>\n<p><em><span style=\"color: #000000;\">Ata duhet ta rrisin \u00e7mimin e energjis\u00eb sepse humbjet jan\u00eb katastrofike dhe si do i mbulojn\u00eb ata? Me lek\u00eb. Po ku do i gjejn\u00eb lek\u00ebt? Do na i marrin ne.<\/span><\/em><\/p>\n<p><em><span style=\"color: #000000;\">K\u00ebt\u00eb kan\u00eb b\u00ebr\u00eb gjithmon\u00eb dhe k\u00ebt\u00eb do vazhdojn\u00eb t\u00eb b\u00ebjn\u00eb.<\/span><\/em><\/p>\n<p><em><span style=\"color: #000000;\">Ju mendoni se k\u00ebta e vrasin mendjen shum\u00eb p\u00ebr \u00e7mimet?! Ju mendoni se e vrasin mendjen se u rrit vaji me 1 mij\u00eb e 500 lek\u00eb? \u00a0Apo se apo vajti domatja me 1 mij\u00eb e 500?! Ata s\u2019e vrasin mendjen fare.<\/span><\/em><\/p>\n<p><em><span style=\"color: #000000;\">As kan\u00eb vajtur ndonj\u00ebher\u00eb n\u00eb dyqan. Kush ble n\u00eb dyqan?<\/span><\/em><\/p>\n<p><em><span style=\"color: #000000;\">Ky?! Ky ka q\u00ebkur ka ardhur, ka qen\u00eb minist\u00ebr, ka qen\u00eb kryetar bashkie, ka qen\u00eb kryetar i opozit\u00ebs, sot \u00ebsht\u00eb kryeminist\u00ebr. Kur ka vajtur ndonj\u00ebher\u00eb n\u00eb dyqan ky p\u00ebr t\u00eb par\u00eb \u00e7mimet?! Asnj\u00ebher\u00eb!<\/span><\/em><\/p>\n<p><em><span style=\"color: #000000;\">E gjitha b\u00ebhet p\u00ebr t\u2019i hedhur hi syve njer\u00ebzve, p\u00ebr t\u2019i mbajtur njerezit t\u00eb varf\u00ebr sepse k\u00ebshtu i kontrollojn\u00eb. Po u b\u00ebt\u00eb ju t\u00eb pasur at\u00ebhere nuk ju kontrollojn\u00eb dot m\u00eb. Prandaj po ju mbajn\u00eb t\u00eb varf\u00ebr. Kjo \u00ebsht\u00eb.<\/span><\/em><\/p>\n<p><span style=\"color: #000000;\"><em>Prandaj duhet t\u00eb b\u00ebhemi bashk\u00eb p\u00ebrball\u00eb k\u00ebsaj, p\u00ebrball\u00eb k\u00ebtyre, p\u00ebrball\u00eb k\u00ebtij. Bashk\u00eb p\u00ebr t\u00eb treguar se k\u00ebtu \u00ebsht\u00eb limiti. Nuk kalon p\u00ebrtej k\u00ebsaj.\u201d<\/em> \u2013 tha Soko.<\/span><\/p>\n","protected":false,"gt_translate_keys":[{"key":"rendered","format":"html"}]},"excerpt":{"rendered":"<p>Pano Soko i \u201cNism\u00ebs Thurje\u201d ishte n\u00eb protest\u00ebn e sotme p\u00ebrpara kryeministris\u00eb, ku ka deklaruaar se \u00e7mimi i energjis\u00eb elektrike rritet me q\u00ebllim p\u00ebr t\u00eb mbuluar vjedhjet qeveritar\u00ebt. Ai theksoi se askush nga politikan\u00ebt n\u00eb qeveri, duke nisur nga kryeministri Edi Rama, nuk e vrasin fare mendjen p\u00ebr rritjen e \u00e7mimeve pasi vet\u00eb nuk kan\u00eb [&hellip;]<\/p>\n","protected":false,"gt_translate_keys":[{"key":"rendered","format":"html"}]},"author":30,"featured_media":476958,"comment_status":"closed","ping_status":"closed","sticky":false,"template":"","format":"standard","meta":{"footnotes":""},"categories":[65,13],"tags":[],"class_list":["post-476957","post","type-post","status-publish","format-standard","has-post-thumbnail","hentry","category-lajme","category-te-fundit"],"gt_translate_keys":[{"key":"link","format":"url"}],"_links":{"self":[{"href":"https:\/\/www.hashtag.al\/index.php\/wp-json\/wp\/v2\/posts\/476957","targetHints":{"allow":["GET"]}}],"collection":[{"href":"https:\/\/www.hashtag.al\/index.php\/wp-json\/wp\/v2\/posts"}],"about":[{"href":"https:\/\/www.hashtag.al\/index.php\/wp-json\/wp\/v2\/types\/post"}],"author":[{"embeddable":true,"href":"https:\/\/www.hashtag.al\/index.php\/wp-json\/wp\/v2\/users\/30"}],"replies":[{"embeddable":true,"href":"https:\/\/www.hashtag.al\/index.php\/wp-json\/wp\/v2\/comments?post=476957"}],"version-history":[{"count":0,"href":"https:\/\/www.hashtag.al\/index.php\/wp-json\/wp\/v2\/posts\/476957\/revisions"}],"wp:featuredmedia":[{"embeddable":true,"href":"https:\/\/www.hashtag.al\/index.php\/wp-json\/wp\/v2\/media\/476958"}],"wp:attachment":[{"href":"https:\/\/www.hashtag.al\/index.php\/wp-json\/wp\/v2\/media?parent=476957"}],"wp:term":[{"taxonomy":"category","embeddable":true,"href":"https:\/\/www.hashtag.al\/index.php\/wp-json\/wp\/v2\/categories?post=476957"},{"taxonomy":"post_tag","embeddable":true,"href":"https:\/\/www.hashtag.al\/index.php\/wp-json\/wp\/v2\/tags?post=476957"}],"curies":[{"name":"wp","href":"https:\/\/api.w.org\/{rel}","templated":true}]}}