{"id":476934,"date":"2021-10-06T17:13:11","date_gmt":"2021-10-06T15:13:11","guid":{"rendered":"https:\/\/www.hashtag.al\/?p=476934"},"modified":"2021-10-06T17:13:11","modified_gmt":"2021-10-06T15:13:11","slug":"deputetja-e-pd-se-mesuesit-ne-belsh-neser-dalin-ne-proteste-nga-shtatori-do-iu-mbahen-70-mije-leke-nga-paga","status":"publish","type":"post","link":"https:\/\/www.hashtag.al\/index.php\/2021\/10\/06\/deputetja-e-pd-se-mesuesit-ne-belsh-neser-dalin-ne-proteste-nga-shtatori-do-iu-mbahen-70-mije-leke-nga-paga\/","title":{"rendered":"Deputetja e PD-s\u00eb: M\u00ebsuesit n\u00eb Belsh nes\u00ebr dalin n\u00eb protest\u00eb, nga shtatori do iu mbahen 70 mij\u00eb lek\u00eb nga paga","gt_translate_keys":[{"key":"rendered","format":"text"}]},"content":{"rendered":"<p><span style=\"color: #000000;\"><a href=\"https:\/\/www.hashtag.al\/wp-content\/uploads\/2021\/10\/Zheni-gjergji-1-626x450.png\"><img loading=\"lazy\" decoding=\"async\" class=\"aligncenter size-full wp-image-476935\" src=\"https:\/\/www.hashtag.al\/wp-content\/uploads\/2021\/10\/Zheni-gjergji-1-626x450.png\" alt=\"\" width=\"626\" height=\"450\" srcset=\"https:\/\/www.hashtag.al\/wp-content\/uploads\/2021\/10\/Zheni-gjergji-1-626x450.png 626w, https:\/\/www.hashtag.al\/wp-content\/uploads\/2021\/10\/Zheni-gjergji-1-626x450-300x216.png 300w\" sizes=\"auto, (max-width: 626px) 100vw, 626px\" \/><\/a><\/span><\/p>\n<p><span style=\"color: #000000;\">Deputetja e Partis\u00eb Demokratike Zheni Gjergji, ka paralajm\u00ebruar se m\u00ebsuesit n\u00eb Belsh do t\u00eb dalin nes\u00ebr n\u00eb protest\u00eb.<\/span><\/p>\n<p><span style=\"color: #000000;\">Kjo p\u00ebr shkak se sipas saj, duke nisur nga muaji shtator atyre do t\u2019iu mbahen 70 mij\u00eb lek\u00eb nga paga me arsyetimin se nuk ka fonde mjaftuesh\u00ebm.<\/span><\/p>\n<p><em><span style=\"color: #000000;\">\u201cIronike apo jo? Nd\u00ebrkoh\u00eb q\u00eb n\u00eb Arsim flitet p\u00ebr rritje pagash, qeveria nuk ka fonde t\u00eb paguaj as ato aktualet\u203c<\/span><\/em><br \/>\n<em><span style=\"color: #000000;\">Prej koh\u00ebsh m\u00ebsuesit e ZVAP Belsh kan\u00eb probleme me pag\u00ebn, e sikur t\u00eb mos mjaftonte kjo:<\/span><\/em><\/p>\n<p><em><span style=\"color: #000000;\">\u2013 Nga muaji shtator do t\u2019iu mbahen 70 mij\u00eb lek\u00eb me motivacionin se nuk ka fonde mjaftuesh\u00ebm p\u00ebr t\u2019u paguar si\u00e7 duhet\u203c<\/span><\/em><br \/>\n<em><span style=\"color: #000000;\">\u2013 Kjo ZVAP ka pa likuiduar 3 muaj parat\u00eb e transportit p\u00ebr \u00e7do m\u00ebsues\u203c\ufe0f<\/span><\/em><\/p>\n<p><em><span style=\"color: #000000;\">Dit\u00ebn e nes\u00ebrme, m\u00ebsuesit e k\u00ebsaj ZVAP do t\u00eb protestojn\u00eb p\u00ebr t\u00eb drejt\u00ebn e tyre t\u00eb pag\u00ebs.<\/span><\/em><br \/>\n<em><span style=\"color: #000000;\">Do t\u00eb protestojn\u00eb p\u00ebr dinjitetin e tyre.<\/span><\/em><\/p>\n<p><em><span style=\"color: #000000;\">P\u00ebr k\u00ebt\u00eb do t\u00eb dor\u00ebzojn\u00eb dhe nj\u00eb k\u00ebrkes\u00eb pran\u00eb k\u00ebsaj zyre arsimore me q\u00ebllim sqarimin dhe zgjidhjen e k\u00ebsaj problematike.<\/span><\/em><br \/>\n<em><span style=\"color: #000000;\">Deri n\u00eb pritje t\u00eb p\u00ebrgjigjes, p\u00ebr ti vler\u00ebsuar denj\u00ebsisht m\u00ebsuesit, jo vet\u00ebm n\u00ebp\u00ebr rrjete sociale!<\/span><\/em><br \/>\n<span style=\"color: #000000;\"><em>Qeveria q\u00eb duam!\u201d<\/em>&#8211; shkruan deputetja e qarkut t\u00eb Elbasanit.<\/span><\/p>\n","protected":false,"gt_translate_keys":[{"key":"rendered","format":"html"}]},"excerpt":{"rendered":"<p>Deputetja e Partis\u00eb Demokratike Zheni Gjergji, ka paralajm\u00ebruar se m\u00ebsuesit n\u00eb Belsh do t\u00eb dalin nes\u00ebr n\u00eb protest\u00eb. Kjo p\u00ebr shkak se sipas saj, duke nisur nga muaji shtator atyre do t\u2019iu mbahen 70 mij\u00eb lek\u00eb nga paga me arsyetimin se nuk ka fonde mjaftuesh\u00ebm. \u201cIronike apo jo? Nd\u00ebrkoh\u00eb q\u00eb n\u00eb Arsim flitet p\u00ebr rritje [&hellip;]<\/p>\n","protected":false,"gt_translate_keys":[{"key":"rendered","format":"html"}]},"author":30,"featured_media":476935,"comment_status":"closed","ping_status":"closed","sticky":false,"template":"","format":"standard","meta":{"footnotes":""},"categories":[65,13],"tags":[],"class_list":["post-476934","post","type-post","status-publish","format-standard","has-post-thumbnail","hentry","category-lajme","category-te-fundit"],"gt_translate_keys":[{"key":"link","format":"url"}],"_links":{"self":[{"href":"https:\/\/www.hashtag.al\/index.php\/wp-json\/wp\/v2\/posts\/476934","targetHints":{"allow":["GET"]}}],"collection":[{"href":"https:\/\/www.hashtag.al\/index.php\/wp-json\/wp\/v2\/posts"}],"about":[{"href":"https:\/\/www.hashtag.al\/index.php\/wp-json\/wp\/v2\/types\/post"}],"author":[{"embeddable":true,"href":"https:\/\/www.hashtag.al\/index.php\/wp-json\/wp\/v2\/users\/30"}],"replies":[{"embeddable":true,"href":"https:\/\/www.hashtag.al\/index.php\/wp-json\/wp\/v2\/comments?post=476934"}],"version-history":[{"count":0,"href":"https:\/\/www.hashtag.al\/index.php\/wp-json\/wp\/v2\/posts\/476934\/revisions"}],"wp:featuredmedia":[{"embeddable":true,"href":"https:\/\/www.hashtag.al\/index.php\/wp-json\/wp\/v2\/media\/476935"}],"wp:attachment":[{"href":"https:\/\/www.hashtag.al\/index.php\/wp-json\/wp\/v2\/media?parent=476934"}],"wp:term":[{"taxonomy":"category","embeddable":true,"href":"https:\/\/www.hashtag.al\/index.php\/wp-json\/wp\/v2\/categories?post=476934"},{"taxonomy":"post_tag","embeddable":true,"href":"https:\/\/www.hashtag.al\/index.php\/wp-json\/wp\/v2\/tags?post=476934"}],"curies":[{"name":"wp","href":"https:\/\/api.w.org\/{rel}","templated":true}]}}