{"id":476678,"date":"2021-10-05T14:06:18","date_gmt":"2021-10-05T12:06:18","guid":{"rendered":"https:\/\/www.hashtag.al\/?p=476678"},"modified":"2021-10-05T14:06:18","modified_gmt":"2021-10-05T12:06:18","slug":"a-eshte-shkarkuar-ardi-veliu-cuci-do-e-merrni-vesh-kur-ti-mbaroje-kandili","status":"publish","type":"post","link":"https:\/\/www.hashtag.al\/index.php\/2021\/10\/05\/a-eshte-shkarkuar-ardi-veliu-cuci-do-e-merrni-vesh-kur-ti-mbaroje-kandili\/","title":{"rendered":"A \u00ebsht\u00eb shkarkuar Ardi Veliu? \u00c7u\u00e7i: Do e merrni vesh kur t\u2019i mbaroj\u00eb kandili","gt_translate_keys":[{"key":"rendered","format":"text"}]},"content":{"rendered":"<p><span style=\"color: #000000;\"><a href=\"https:\/\/www.hashtag.al\/wp-content\/uploads\/2021\/10\/cuci-bledi.jpg\"><img loading=\"lazy\" decoding=\"async\" class=\"aligncenter size-full wp-image-476679\" src=\"https:\/\/www.hashtag.al\/wp-content\/uploads\/2021\/10\/cuci-bledi.jpg\" alt=\"\" width=\"673\" height=\"361\" srcset=\"https:\/\/www.hashtag.al\/wp-content\/uploads\/2021\/10\/cuci-bledi.jpg 673w, https:\/\/www.hashtag.al\/wp-content\/uploads\/2021\/10\/cuci-bledi-300x161.jpg 300w\" sizes=\"auto, (max-width: 673px) 100vw, 673px\" \/><\/a><\/span><\/p>\n<p><span style=\"color: #000000;\">N\u00eb disa media ka qarkulluar lajmi se kryeministri Edi Rama ka shkarkuar nga detyra drejtorin e P\u00ebrgjithsh\u00ebm t\u00eb Policis\u00eb s\u00eb Shtetit, Ardi Veliun.<\/span><\/p>\n<p><span style=\"color: #000000;\">Kjo \u00e7\u00ebshtje u p\u00ebrmend edhe n\u00eb seanc\u00ebn e sotme d\u00ebgjimore, n\u00eb Komisionin e Siguris\u00eb Komb\u00ebtare.<\/span><\/p>\n<p><span style=\"color: #000000;\">Deputeti demokrat Luan Ba\u00e7i e pyeti ministrin \u00c7u\u00e7i, n\u00ebse \u00ebsht\u00eb e v\u00ebrtet\u00eb se \u00ebsht\u00eb shkarkuar Ardi Veliu apo jo.<\/span><\/p>\n<p><span style=\"color: #000000;\"><em>\u201cP\u00ebrfitoj nga rasti q\u00eb jemi me Ministrin e Brendsh\u00ebm ta pyes p\u00ebr nj\u00eb lajm q\u00eb po qarkullon n\u00eb media mbi shkarkimin e Drejtorit t\u00eb P\u00ebrgjithsh\u00ebm t\u00eb policis\u00eb Ardi Veliu. Megjioth\u00ebse nga kryeministri ajo pun\u00eb, a \u00ebsht\u00eb i v\u00ebrtet\u00eb lajmi apo jo?\u201d-<\/em> pyeti Ba\u00e7i.<\/span><\/p>\n<p><span style=\"color: #000000;\">Por ministri \u00c7u\u00e7i nuk dha nj\u00eb p\u00ebrgjigje p\u00ebr k\u00ebt\u00eb pyetje, duke th\u00ebn\u00eb vet\u00ebm<em>: \u201cDo e merrni vesh n\u00eb momentin e duhur. Kur t\u2018i mbaroj kandili.\u201d<\/em><\/span><\/p>\n","protected":false,"gt_translate_keys":[{"key":"rendered","format":"html"}]},"excerpt":{"rendered":"<p>N\u00eb disa media ka qarkulluar lajmi se kryeministri Edi Rama ka shkarkuar nga detyra drejtorin e P\u00ebrgjithsh\u00ebm t\u00eb Policis\u00eb s\u00eb Shtetit, Ardi Veliun. Kjo \u00e7\u00ebshtje u p\u00ebrmend edhe n\u00eb seanc\u00ebn e sotme d\u00ebgjimore, n\u00eb Komisionin e Siguris\u00eb Komb\u00ebtare. Deputeti demokrat Luan Ba\u00e7i e pyeti ministrin \u00c7u\u00e7i, n\u00ebse \u00ebsht\u00eb e v\u00ebrtet\u00eb se \u00ebsht\u00eb shkarkuar Ardi Veliu [&hellip;]<\/p>\n","protected":false,"gt_translate_keys":[{"key":"rendered","format":"html"}]},"author":30,"featured_media":476679,"comment_status":"closed","ping_status":"closed","sticky":false,"template":"","format":"standard","meta":{"footnotes":""},"categories":[65,13],"tags":[],"class_list":["post-476678","post","type-post","status-publish","format-standard","has-post-thumbnail","hentry","category-lajme","category-te-fundit"],"gt_translate_keys":[{"key":"link","format":"url"}],"_links":{"self":[{"href":"https:\/\/www.hashtag.al\/index.php\/wp-json\/wp\/v2\/posts\/476678","targetHints":{"allow":["GET"]}}],"collection":[{"href":"https:\/\/www.hashtag.al\/index.php\/wp-json\/wp\/v2\/posts"}],"about":[{"href":"https:\/\/www.hashtag.al\/index.php\/wp-json\/wp\/v2\/types\/post"}],"author":[{"embeddable":true,"href":"https:\/\/www.hashtag.al\/index.php\/wp-json\/wp\/v2\/users\/30"}],"replies":[{"embeddable":true,"href":"https:\/\/www.hashtag.al\/index.php\/wp-json\/wp\/v2\/comments?post=476678"}],"version-history":[{"count":0,"href":"https:\/\/www.hashtag.al\/index.php\/wp-json\/wp\/v2\/posts\/476678\/revisions"}],"wp:featuredmedia":[{"embeddable":true,"href":"https:\/\/www.hashtag.al\/index.php\/wp-json\/wp\/v2\/media\/476679"}],"wp:attachment":[{"href":"https:\/\/www.hashtag.al\/index.php\/wp-json\/wp\/v2\/media?parent=476678"}],"wp:term":[{"taxonomy":"category","embeddable":true,"href":"https:\/\/www.hashtag.al\/index.php\/wp-json\/wp\/v2\/categories?post=476678"},{"taxonomy":"post_tag","embeddable":true,"href":"https:\/\/www.hashtag.al\/index.php\/wp-json\/wp\/v2\/tags?post=476678"}],"curies":[{"name":"wp","href":"https:\/\/api.w.org\/{rel}","templated":true}]}}