{"id":476675,"date":"2021-10-05T13:55:30","date_gmt":"2021-10-05T11:55:30","guid":{"rendered":"https:\/\/www.hashtag.al\/?p=476675"},"modified":"2021-10-05T13:57:25","modified_gmt":"2021-10-05T11:57:25","slug":"cfare-kishte-ne-avionin-qe-u-rrezua-ne-kelmend-cuci-i-pergjigjet-alibeajt-sjam-zedhenes-i-policise","status":"publish","type":"post","link":"https:\/\/www.hashtag.al\/index.php\/2021\/10\/05\/cfare-kishte-ne-avionin-qe-u-rrezua-ne-kelmend-cuci-i-pergjigjet-alibeajt-sjam-zedhenes-i-policise\/","title":{"rendered":"\u00c7far\u00eb kishte n\u00eb avionin q\u00eb u rr\u00ebzua n\u00eb Kelmend? \u00c7u\u00e7i i p\u00ebrgjigjet Alibeajt: S\u2019jam z\u00ebdh\u00ebn\u00ebs i policis\u00eb","gt_translate_keys":[{"key":"rendered","format":"text"}]},"content":{"rendered":"<p><span style=\"color: #000000;\"><a href=\"https:\/\/www.hashtag.al\/wp-content\/uploads\/2021\/10\/Cuci-avioni.png\"><img loading=\"lazy\" decoding=\"async\" class=\"aligncenter size-full wp-image-476676\" src=\"https:\/\/www.hashtag.al\/wp-content\/uploads\/2021\/10\/Cuci-avioni.png\" alt=\"\" width=\"1504\" height=\"696\" srcset=\"https:\/\/www.hashtag.al\/wp-content\/uploads\/2021\/10\/Cuci-avioni.png 1504w, https:\/\/www.hashtag.al\/wp-content\/uploads\/2021\/10\/Cuci-avioni-300x139.png 300w, https:\/\/www.hashtag.al\/wp-content\/uploads\/2021\/10\/Cuci-avioni-768x355.png 768w, https:\/\/www.hashtag.al\/wp-content\/uploads\/2021\/10\/Cuci-avioni-1024x474.png 1024w\" sizes=\"auto, (max-width: 1504px) 100vw, 1504px\" \/><\/a><\/span><\/p>\n<p><span style=\"color: #000000;\">N\u00eb mbledhjen e sotme t\u00eb Komisionit t\u00eb Siguris\u00eb, ka patur diskutime mbi rr\u00ebzimin e avionit n\u00eb zon\u00ebn e Kelmendit nj\u00eb dit\u00eb m\u00eb par\u00eb.<\/span><\/p>\n<p><span style=\"color: #000000;\">Ka qen\u00eb deputeti demokrat, Enkelejd Alibeaj, ai q\u00eb e ka p\u00ebrmendur k\u00ebt\u00eb tem\u00eb, duke i drejtuar pyetje ministrit t\u00eb Brendsh\u00ebm, Bledi \u00c7u\u00e7i.\u00a0<\/span><\/p>\n<p><span style=\"color: #000000;\">Alibeaj e ka pyetur \u00c7u\u00e7in se si ka mund\u00ebsi q\u00eb policia nuk ka asnj\u00eb informacion mbi shtetasit q\u00eb po udh\u00ebtonin me avion apo se \u00e7far\u00eb po transportohej me t\u00eb.<\/span><\/p>\n<p><span style=\"color: #000000;\">Por \u00c7u\u00e7i iu p\u00ebrgjigj shkurt, duke i th\u00ebn\u00eb deputetit demokrat se ai nuk \u00ebsht\u00eb z\u00ebdh\u00ebn\u00ebs i Ministris\u00eb s\u00eb Brendshme.<\/span><\/p>\n<p><span style=\"color: #000000;\"><em>\u201cP\u00ebr aksidentin, p\u00ebr pilot\u00ebt nd\u00ebshkimin e ligjit deri n\u00eb fund, edhe p\u00ebr bashk\u00ebpun\u00ebtor\u00ebt e tyre. Nuk dua t\u00eb b\u00ebhem z\u00ebdh\u00ebn\u00ebsi i Policis\u00eb s\u00eb Shtetit, Policia e Shtetit e ka dh\u00ebn\u00eb nj\u00eb deklarat\u00eb p\u00ebr k\u00ebt\u00eb pun\u00eb. T\u00eb jeni t\u00eb sigurt q\u00eb nuk do t\u00eb ket\u00eb asnj\u00eb tolerim.\u201d-<\/em> u p\u00ebrgjigj ministri.<\/span><\/p>\n","protected":false,"gt_translate_keys":[{"key":"rendered","format":"html"}]},"excerpt":{"rendered":"<p>N\u00eb mbledhjen e sotme t\u00eb Komisionit t\u00eb Siguris\u00eb, ka patur diskutime mbi rr\u00ebzimin e avionit n\u00eb zon\u00ebn e Kelmendit nj\u00eb dit\u00eb m\u00eb par\u00eb. Ka qen\u00eb deputeti demokrat, Enkelejd Alibeaj, ai q\u00eb e ka p\u00ebrmendur k\u00ebt\u00eb tem\u00eb, duke i drejtuar pyetje ministrit t\u00eb Brendsh\u00ebm, Bledi \u00c7u\u00e7i.\u00a0 Alibeaj e ka pyetur \u00c7u\u00e7in se si ka mund\u00ebsi q\u00eb [&hellip;]<\/p>\n","protected":false,"gt_translate_keys":[{"key":"rendered","format":"html"}]},"author":30,"featured_media":476676,"comment_status":"closed","ping_status":"closed","sticky":false,"template":"","format":"standard","meta":{"footnotes":""},"categories":[65,13],"tags":[],"class_list":["post-476675","post","type-post","status-publish","format-standard","has-post-thumbnail","hentry","category-lajme","category-te-fundit"],"gt_translate_keys":[{"key":"link","format":"url"}],"_links":{"self":[{"href":"https:\/\/www.hashtag.al\/index.php\/wp-json\/wp\/v2\/posts\/476675","targetHints":{"allow":["GET"]}}],"collection":[{"href":"https:\/\/www.hashtag.al\/index.php\/wp-json\/wp\/v2\/posts"}],"about":[{"href":"https:\/\/www.hashtag.al\/index.php\/wp-json\/wp\/v2\/types\/post"}],"author":[{"embeddable":true,"href":"https:\/\/www.hashtag.al\/index.php\/wp-json\/wp\/v2\/users\/30"}],"replies":[{"embeddable":true,"href":"https:\/\/www.hashtag.al\/index.php\/wp-json\/wp\/v2\/comments?post=476675"}],"version-history":[{"count":0,"href":"https:\/\/www.hashtag.al\/index.php\/wp-json\/wp\/v2\/posts\/476675\/revisions"}],"wp:featuredmedia":[{"embeddable":true,"href":"https:\/\/www.hashtag.al\/index.php\/wp-json\/wp\/v2\/media\/476676"}],"wp:attachment":[{"href":"https:\/\/www.hashtag.al\/index.php\/wp-json\/wp\/v2\/media?parent=476675"}],"wp:term":[{"taxonomy":"category","embeddable":true,"href":"https:\/\/www.hashtag.al\/index.php\/wp-json\/wp\/v2\/categories?post=476675"},{"taxonomy":"post_tag","embeddable":true,"href":"https:\/\/www.hashtag.al\/index.php\/wp-json\/wp\/v2\/tags?post=476675"}],"curies":[{"name":"wp","href":"https:\/\/api.w.org\/{rel}","templated":true}]}}