{"id":476464,"date":"2021-10-04T12:28:58","date_gmt":"2021-10-04T10:28:58","guid":{"rendered":"https:\/\/www.hashtag.al\/?p=476464"},"modified":"2021-10-04T12:28:58","modified_gmt":"2021-10-04T10:28:58","slug":"open-balkan-projekt-i-beogradit-deputetet-e-pd-se-kerkojne-te-debatohet-ne-komision-nisma-e-rames-vucicit-e-zaevit","status":"publish","type":"post","link":"https:\/\/www.hashtag.al\/index.php\/2021\/10\/04\/open-balkan-projekt-i-beogradit-deputetet-e-pd-se-kerkojne-te-debatohet-ne-komision-nisma-e-rames-vucicit-e-zaevit\/","title":{"rendered":"\u201cOpen Balkan projekt i Beogradit\u201d &#8211; Deputet\u00ebt e PD-s\u00eb k\u00ebrkojn\u00eb t\u00eb debatohet n\u00eb komision nisma e Ram\u00ebs, Vu\u00e7i\u00e7it e Zaevit","gt_translate_keys":[{"key":"rendered","format":"text"}]},"content":{"rendered":"<p><span style=\"color: #000000;\"><img loading=\"lazy\" decoding=\"async\" class=\"aligncenter size-full wp-image-476465\" src=\"https:\/\/www.hashtag.al\/wp-content\/uploads\/2021\/10\/mimikodheli.jpg\" alt=\"\" width=\"1280\" height=\"720\" srcset=\"https:\/\/www.hashtag.al\/wp-content\/uploads\/2021\/10\/mimikodheli.jpg 1280w, https:\/\/www.hashtag.al\/wp-content\/uploads\/2021\/10\/mimikodheli-300x169.jpg 300w, https:\/\/www.hashtag.al\/wp-content\/uploads\/2021\/10\/mimikodheli-768x432.jpg 768w, https:\/\/www.hashtag.al\/wp-content\/uploads\/2021\/10\/mimikodheli-1024x576.jpg 1024w\" sizes=\"auto, (max-width: 1280px) 100vw, 1280px\" \/><\/span><\/p>\n<p><span style=\"color: #000000;\">Deputet\u00ebt e PD-s\u00eb kan\u00eb k\u00ebrkuar q\u00eb nisma \u2018Open Balkan\u2019 t\u00eb diskutohet n\u00eb Komisionin p\u00ebr Politik\u00ebn e Jashtme. Deputeti demokrat \u00c7ollaku ka th\u00ebn\u00eb se nisma n\u00eb fjal\u00eb \u00ebsht\u00eb projekt i Beogradit.<\/span><\/p>\n<p><span style=\"color: #000000;\"><em>\u201cOpen Balkan \u00ebsht\u00eb projekt i Beogradit, Rama e p\u00ebrqafon dhe e shet si shpikje t\u00eb tij. Si ka mund\u00ebsi t\u00eb ecet n\u00eb k\u00ebt\u00eb rrug\u00eb. Ne duhet t\u00eb bashkohemi drejt nj\u00eb q\u00ebndrimi. Erdhi presidentja e Kosov\u00ebs k\u00ebtu e na tha na e qani hallin. Si mundet t\u00eb favorizojm\u00eb Serbin\u00eb?!\u201d<\/em>, tha \u00c7ollaku.<\/span><\/p>\n<p><span style=\"color: #000000;\">Kryetarja e komisionit Kodheli u tha deputet\u00ebve t\u00eb PD-s\u00eb q\u00eb t\u00eb mbledhin firmat p\u00ebr t\u00eb thirrur n\u00eb komision ministren e Jashtme, Xha\u00e7ka.<\/span><\/p>\n<p><span style=\"color: #000000;\"><em>\u201cMblidhni firmat dhe k\u00ebrkoni ministrin n\u00eb Komision p\u00ebr t\u00eb diskutuar Open Balkan.\u201d<\/em> &#8211; tha Kodheli.<\/span><\/p>\n<p><span style=\"color: #000000;\">Nd\u00ebrkoh\u00eb ambasadori Zef Mazi e ka quajtur Open Balkan projektin m\u00eb t\u00eb madh politiko-ekonomik p\u00ebr Shqip\u00ebrin\u00eb.<\/span><\/p>\n","protected":false,"gt_translate_keys":[{"key":"rendered","format":"html"}]},"excerpt":{"rendered":"<p>Deputet\u00ebt e PD-s\u00eb kan\u00eb k\u00ebrkuar q\u00eb nisma \u2018Open Balkan\u2019 t\u00eb diskutohet n\u00eb Komisionin p\u00ebr Politik\u00ebn e Jashtme. Deputeti demokrat \u00c7ollaku ka th\u00ebn\u00eb se nisma n\u00eb fjal\u00eb \u00ebsht\u00eb projekt i Beogradit. \u201cOpen Balkan \u00ebsht\u00eb projekt i Beogradit, Rama e p\u00ebrqafon dhe e shet si shpikje t\u00eb tij. Si ka mund\u00ebsi t\u00eb ecet n\u00eb k\u00ebt\u00eb rrug\u00eb. Ne [&hellip;]<\/p>\n","protected":false,"gt_translate_keys":[{"key":"rendered","format":"html"}]},"author":51,"featured_media":476465,"comment_status":"closed","ping_status":"closed","sticky":false,"template":"","format":"standard","meta":{"footnotes":""},"categories":[65,13],"tags":[],"class_list":["post-476464","post","type-post","status-publish","format-standard","has-post-thumbnail","hentry","category-lajme","category-te-fundit"],"gt_translate_keys":[{"key":"link","format":"url"}],"_links":{"self":[{"href":"https:\/\/www.hashtag.al\/index.php\/wp-json\/wp\/v2\/posts\/476464","targetHints":{"allow":["GET"]}}],"collection":[{"href":"https:\/\/www.hashtag.al\/index.php\/wp-json\/wp\/v2\/posts"}],"about":[{"href":"https:\/\/www.hashtag.al\/index.php\/wp-json\/wp\/v2\/types\/post"}],"author":[{"embeddable":true,"href":"https:\/\/www.hashtag.al\/index.php\/wp-json\/wp\/v2\/users\/51"}],"replies":[{"embeddable":true,"href":"https:\/\/www.hashtag.al\/index.php\/wp-json\/wp\/v2\/comments?post=476464"}],"version-history":[{"count":0,"href":"https:\/\/www.hashtag.al\/index.php\/wp-json\/wp\/v2\/posts\/476464\/revisions"}],"wp:featuredmedia":[{"embeddable":true,"href":"https:\/\/www.hashtag.al\/index.php\/wp-json\/wp\/v2\/media\/476465"}],"wp:attachment":[{"href":"https:\/\/www.hashtag.al\/index.php\/wp-json\/wp\/v2\/media?parent=476464"}],"wp:term":[{"taxonomy":"category","embeddable":true,"href":"https:\/\/www.hashtag.al\/index.php\/wp-json\/wp\/v2\/categories?post=476464"},{"taxonomy":"post_tag","embeddable":true,"href":"https:\/\/www.hashtag.al\/index.php\/wp-json\/wp\/v2\/tags?post=476464"}],"curies":[{"name":"wp","href":"https:\/\/api.w.org\/{rel}","templated":true}]}}