{"id":476460,"date":"2021-10-04T12:18:18","date_gmt":"2021-10-04T10:18:18","guid":{"rendered":"https:\/\/www.hashtag.al\/?p=476460"},"modified":"2021-10-04T12:18:18","modified_gmt":"2021-10-04T10:18:18","slug":"pas-1-viti-ne-arrati-arrestohet-36-vjecari-ne-kavaje-i-akuzuar-per-tentative-vrasjeje","status":"publish","type":"post","link":"https:\/\/www.hashtag.al\/index.php\/2021\/10\/04\/pas-1-viti-ne-arrati-arrestohet-36-vjecari-ne-kavaje-i-akuzuar-per-tentative-vrasjeje\/","title":{"rendered":"Pas 1 viti n\u00eb arrati, arrestohet 36-vje\u00e7ari n\u00eb Kavaj\u00eb i akuzuar p\u00ebr \u201ctentativ\u00eb vrasjeje\u201d","gt_translate_keys":[{"key":"rendered","format":"text"}]},"content":{"rendered":"<p><span style=\"color: #000000;\"><a href=\"https:\/\/www.hashtag.al\/wp-content\/uploads\/2021\/09\/arrestime.jpg\"><img loading=\"lazy\" decoding=\"async\" class=\"aligncenter size-full wp-image-475677\" src=\"https:\/\/www.hashtag.al\/wp-content\/uploads\/2021\/09\/arrestime.jpg\" alt=\"\" width=\"1920\" height=\"1080\" \/><\/a><\/span><\/p>\n<p><span style=\"color: #000000;\">Policia n\u00eb Kavaj\u00eb ka v\u00ebn\u00eb sot n\u00eb pranga nj\u00eb 36-vje\u00e7ar, i cili rezulton i shpallur n\u00eb k\u00ebrkim p\u00ebr tentativ\u00eb vrasjeje.<\/span><\/p>\n<p><span style=\"color: #000000;\">I dyshuari me inicialet E.C., akuzohet p\u00ebr veprat penale \u201cVrasje me paramendim\u201d e mbetur n\u00eb tentativ\u00eb, e kryer n\u00eb bashk\u00ebpunim dhe \u201cArm\u00ebmbajtja pa leje\u201d.<\/span><\/p>\n<p><span style=\"color: #000000;\">M\u00ebsohet se Gjykata e Shkall\u00ebs s\u00eb Par\u00eb Kavaj\u00eb, ka vendosur n\u00eb munges\u00eb mas\u00ebn e siguris\u00eb \u201cArrest n\u00eb burg\u201d p\u00ebr 36-vje\u00e7arin e dyshuar.<\/span><\/p>\n<p><em><span style=\"color: #000000;\">\u201cSpecialist\u00ebt p\u00ebr Hetimin e Krimit n\u00eb Komisariatin e Policis\u00eb Kavaj\u00eb, n\u00eb vijim t\u00eb pun\u00ebs p\u00ebr kapjen e personave n\u00eb k\u00ebrkim dhe v\u00ebnien e tyre para p\u00ebrgjegj\u00ebsis\u00eb penale, ndaluan shtetasin E. C, 36 vje\u00e7, banues n\u00eb Kavaj\u00eb.<\/span><\/em><\/p>\n<p><span style=\"color: #000000;\"><em>Ky shtetas ishte shpallur n\u00eb k\u00ebrkim, pasi Gjykata e Shkall\u00ebs s\u00eb Par\u00eb Kavaj\u00eb, i ka vendosur n\u00eb munges\u00eb mas\u00ebn e siguris\u00eb \u2018Arrest n\u00eb burg\u2019, p\u00ebr veprat penale \u2018Vrasje me paramendim\u2019 e mbetur n\u00eb tentativ\u00eb, e kryer n\u00eb bashk\u00ebpunim dhe \u2018Arm\u00ebmbajtja pa leje\u2019.\u201d-<\/em> thuhet n\u00eb njoftimin e Policis\u00eb.<\/span><\/p>\n<p><span style=\"color: #000000;\">Ngjarja p\u00ebr t\u00eb cil\u00ebn akuzohet 36-vje\u00e7ari ka ndodhur me dat\u00eb 24 maj 2020, n\u00eb lagjen Nr.1, Kavaj\u00eb.<\/span><\/p>\n<p><span style=\"color: #000000;\">Ai dyshohet se ka plagosur me arm\u00eb zjarri shtetasin me inicialet M. Xh, 30 vje\u00e7.<\/span><\/p>\n","protected":false,"gt_translate_keys":[{"key":"rendered","format":"html"}]},"excerpt":{"rendered":"<p>Policia n\u00eb Kavaj\u00eb ka v\u00ebn\u00eb sot n\u00eb pranga nj\u00eb 36-vje\u00e7ar, i cili rezulton i shpallur n\u00eb k\u00ebrkim p\u00ebr tentativ\u00eb vrasjeje. I dyshuari me inicialet E.C., akuzohet p\u00ebr veprat penale \u201cVrasje me paramendim\u201d e mbetur n\u00eb tentativ\u00eb, e kryer n\u00eb bashk\u00ebpunim dhe \u201cArm\u00ebmbajtja pa leje\u201d. M\u00ebsohet se Gjykata e Shkall\u00ebs s\u00eb Par\u00eb Kavaj\u00eb, ka vendosur n\u00eb [&hellip;]<\/p>\n","protected":false,"gt_translate_keys":[{"key":"rendered","format":"html"}]},"author":30,"featured_media":0,"comment_status":"closed","ping_status":"closed","sticky":false,"template":"","format":"standard","meta":{"footnotes":""},"categories":[65,13],"tags":[],"class_list":["post-476460","post","type-post","status-publish","format-standard","hentry","category-lajme","category-te-fundit"],"gt_translate_keys":[{"key":"link","format":"url"}],"_links":{"self":[{"href":"https:\/\/www.hashtag.al\/index.php\/wp-json\/wp\/v2\/posts\/476460","targetHints":{"allow":["GET"]}}],"collection":[{"href":"https:\/\/www.hashtag.al\/index.php\/wp-json\/wp\/v2\/posts"}],"about":[{"href":"https:\/\/www.hashtag.al\/index.php\/wp-json\/wp\/v2\/types\/post"}],"author":[{"embeddable":true,"href":"https:\/\/www.hashtag.al\/index.php\/wp-json\/wp\/v2\/users\/30"}],"replies":[{"embeddable":true,"href":"https:\/\/www.hashtag.al\/index.php\/wp-json\/wp\/v2\/comments?post=476460"}],"version-history":[{"count":0,"href":"https:\/\/www.hashtag.al\/index.php\/wp-json\/wp\/v2\/posts\/476460\/revisions"}],"wp:attachment":[{"href":"https:\/\/www.hashtag.al\/index.php\/wp-json\/wp\/v2\/media?parent=476460"}],"wp:term":[{"taxonomy":"category","embeddable":true,"href":"https:\/\/www.hashtag.al\/index.php\/wp-json\/wp\/v2\/categories?post=476460"},{"taxonomy":"post_tag","embeddable":true,"href":"https:\/\/www.hashtag.al\/index.php\/wp-json\/wp\/v2\/tags?post=476460"}],"curies":[{"name":"wp","href":"https:\/\/api.w.org\/{rel}","templated":true}]}}