{"id":476430,"date":"2021-10-04T11:22:45","date_gmt":"2021-10-04T09:22:45","guid":{"rendered":"https:\/\/www.hashtag.al\/?p=476430"},"modified":"2021-10-04T11:22:45","modified_gmt":"2021-10-04T09:22:45","slug":"rushaj-pas-vendimit-per-komisionet-rikthyem-ligjshmerine-ngritja-e-3-komisioneve-kalon-ne-seancen-e-14-tetorit","status":"publish","type":"post","link":"https:\/\/www.hashtag.al\/index.php\/2021\/10\/04\/rushaj-pas-vendimit-per-komisionet-rikthyem-ligjshmerine-ngritja-e-3-komisioneve-kalon-ne-seancen-e-14-tetorit\/","title":{"rendered":"Rushaj pas vendimit p\u00ebr Komisionet: Rikthyem ligjshm\u00ebrin\u00eb, ngritja e 3 komisioneve kalon n\u00eb seanc\u00ebn e 14 tetorit","gt_translate_keys":[{"key":"rendered","format":"text"}]},"content":{"rendered":"<p><span style=\"color: #000000;\"><a href=\"https:\/\/www.hashtag.al\/wp-content\/uploads\/2021\/10\/Rushaj.jpg\"><img loading=\"lazy\" decoding=\"async\" class=\"aligncenter size-full wp-image-476431\" src=\"https:\/\/www.hashtag.al\/wp-content\/uploads\/2021\/10\/Rushaj.jpg\" alt=\"\" width=\"751\" height=\"384\" srcset=\"https:\/\/www.hashtag.al\/wp-content\/uploads\/2021\/10\/Rushaj.jpg 751w, https:\/\/www.hashtag.al\/wp-content\/uploads\/2021\/10\/Rushaj-300x153.jpg 300w, https:\/\/www.hashtag.al\/wp-content\/uploads\/2021\/10\/Rushaj-750x384.jpg 750w, https:\/\/www.hashtag.al\/wp-content\/uploads\/2021\/10\/Rushaj-568x290.jpg 568w\" sizes=\"auto, (max-width: 751px) 100vw, 751px\" \/><\/a><\/span><\/p>\n<p><span style=\"color: #000000;\">N\u00ebnkryetari i Partis\u00eb Demokratike, Alfred Rushaj, thot\u00eb se me vendimin e Konferenc\u00ebs s\u00eb Kryetar\u00ebve u rikthye ligjshm\u00ebria n\u00eb Kuvend.<\/span><\/p>\n<p><span style=\"color: #000000;\">Po ashtu ai shtoi se\u00a0n\u00eb Kryesin\u00eb e Kuvendit \u00ebsht\u00eb r\u00ebn\u00eb dakord q\u00eb tre komisionet hetimore, t\u00eb propozuara nga PD, t\u00eb kalojn\u00eb n\u00eb seanc\u00ebn plenare t\u00eb dat\u00ebs 14 tetor p\u00ebr diskutim dhe miratim. Sipas tij nuk kishte diskutime n\u00eb lidhje me kufizimin e objektit hetimor p\u00ebr ndonj\u00eb nga komisionet.<\/span><\/p>\n<p><span style=\"color: #000000;\"><em>\u201cVendimi q\u00eb u mor sot n\u00eb konferenc\u00ebn e kryetar\u00ebve kishte t\u00eb b\u00ebnte me kthimin e ligjshm\u00ebris\u00eb p\u00ebr sa i p\u00ebrket mbledhjes s\u00eb komisioneve parlamentar\u00eb. <\/em><\/span><\/p>\n<p><span style=\"color: #000000;\"><em>Pas k\u00ebrkes\u00ebs son\u00eb u ra dakord q\u00eb t\u00eb b\u00ebhen fizikisht. U diskutua dhe u ra dakord q\u00eb komisionet hetimore t\u00eb kalojn\u00eb n\u00eb seanc\u00ebn e dat\u00ebs 14 tetor p\u00ebr diskutim dhe miratim. <\/em><\/span><\/p>\n<p><span style=\"color: #000000;\"><em>E drejta e opozit\u00ebs p\u00ebr t\u00eb ngritur komisione hetimore \u00ebsht\u00eb e patjet\u00ebrsueshme. Nuk kishte diskutime n\u00eb lidhje me kufizimin e objektit hetimor p\u00ebr ndonj\u00eb nga komisionet. Ne nuk t\u00ebrhiqemi nga ajo q\u00eb kushtetuta ka vendosur n\u00eb raport me komisionet hetimore.\u201d-<\/em> tha Rushaj.<\/span><\/p>\n","protected":false,"gt_translate_keys":[{"key":"rendered","format":"html"}]},"excerpt":{"rendered":"<p>N\u00ebnkryetari i Partis\u00eb Demokratike, Alfred Rushaj, thot\u00eb se me vendimin e Konferenc\u00ebs s\u00eb Kryetar\u00ebve u rikthye ligjshm\u00ebria n\u00eb Kuvend. Po ashtu ai shtoi se\u00a0n\u00eb Kryesin\u00eb e Kuvendit \u00ebsht\u00eb r\u00ebn\u00eb dakord q\u00eb tre komisionet hetimore, t\u00eb propozuara nga PD, t\u00eb kalojn\u00eb n\u00eb seanc\u00ebn plenare t\u00eb dat\u00ebs 14 tetor p\u00ebr diskutim dhe miratim. Sipas tij nuk kishte [&hellip;]<\/p>\n","protected":false,"gt_translate_keys":[{"key":"rendered","format":"html"}]},"author":30,"featured_media":476431,"comment_status":"closed","ping_status":"closed","sticky":false,"template":"","format":"standard","meta":{"footnotes":""},"categories":[65,13],"tags":[],"class_list":["post-476430","post","type-post","status-publish","format-standard","has-post-thumbnail","hentry","category-lajme","category-te-fundit"],"gt_translate_keys":[{"key":"link","format":"url"}],"_links":{"self":[{"href":"https:\/\/www.hashtag.al\/index.php\/wp-json\/wp\/v2\/posts\/476430","targetHints":{"allow":["GET"]}}],"collection":[{"href":"https:\/\/www.hashtag.al\/index.php\/wp-json\/wp\/v2\/posts"}],"about":[{"href":"https:\/\/www.hashtag.al\/index.php\/wp-json\/wp\/v2\/types\/post"}],"author":[{"embeddable":true,"href":"https:\/\/www.hashtag.al\/index.php\/wp-json\/wp\/v2\/users\/30"}],"replies":[{"embeddable":true,"href":"https:\/\/www.hashtag.al\/index.php\/wp-json\/wp\/v2\/comments?post=476430"}],"version-history":[{"count":0,"href":"https:\/\/www.hashtag.al\/index.php\/wp-json\/wp\/v2\/posts\/476430\/revisions"}],"wp:featuredmedia":[{"embeddable":true,"href":"https:\/\/www.hashtag.al\/index.php\/wp-json\/wp\/v2\/media\/476431"}],"wp:attachment":[{"href":"https:\/\/www.hashtag.al\/index.php\/wp-json\/wp\/v2\/media?parent=476430"}],"wp:term":[{"taxonomy":"category","embeddable":true,"href":"https:\/\/www.hashtag.al\/index.php\/wp-json\/wp\/v2\/categories?post=476430"},{"taxonomy":"post_tag","embeddable":true,"href":"https:\/\/www.hashtag.al\/index.php\/wp-json\/wp\/v2\/tags?post=476430"}],"curies":[{"name":"wp","href":"https:\/\/api.w.org\/{rel}","templated":true}]}}