{"id":476089,"date":"2021-10-02T15:51:39","date_gmt":"2021-10-02T13:51:39","guid":{"rendered":"https:\/\/www.hashtag.al\/?p=476089"},"modified":"2021-10-02T15:51:39","modified_gmt":"2021-10-02T13:51:39","slug":"plas-debati-mes-spahos-dhe-salianjit-mitralozi-i-partise-mos-shaj-ne-telefon-se-qe-nga-babalja-regjistrohen-bisedat","status":"publish","type":"post","link":"https:\/\/www.hashtag.al\/index.php\/2021\/10\/02\/plas-debati-mes-spahos-dhe-salianjit-mitralozi-i-partise-mos-shaj-ne-telefon-se-qe-nga-babalja-regjistrohen-bisedat\/","title":{"rendered":"Plas debati mes Spahos dhe Salianjit: Mitralozi i Partis\u00eb, mos shaj n\u00eb telefon se q\u00eb nga \u201cBabalja\u201d regjistrohen bisedat","gt_translate_keys":[{"key":"rendered","format":"text"}]},"content":{"rendered":"<p><span style=\"color: #000000;\"><a href=\"https:\/\/www.hashtag.al\/wp-content\/uploads\/2021\/10\/salianji-spaho.jpg\"><img loading=\"lazy\" decoding=\"async\" class=\"aligncenter size-full wp-image-476091\" src=\"https:\/\/www.hashtag.al\/wp-content\/uploads\/2021\/10\/salianji-spaho.jpg\" alt=\"\" width=\"780\" height=\"440\" srcset=\"https:\/\/www.hashtag.al\/wp-content\/uploads\/2021\/10\/salianji-spaho.jpg 780w, https:\/\/www.hashtag.al\/wp-content\/uploads\/2021\/10\/salianji-spaho-300x169.jpg 300w, https:\/\/www.hashtag.al\/wp-content\/uploads\/2021\/10\/salianji-spaho-768x433.jpg 768w\" sizes=\"auto, (max-width: 780px) 100vw, 780px\" \/><\/a><\/span><\/p>\n<p><span style=\"color: #000000;\">Nj\u00eb debat n\u00eb distanc\u00eb ka nisur mes dy demokrat\u00ebve, Ervin Salianji dhe Edmond Spaho.<\/span><\/p>\n<p><span style=\"color: #000000;\">Dy deputet\u00ebt e PD-s\u00eb n\u00eb t\u00eb nj\u00ebjtin qark, Kor\u00e7\u00eb, jan\u00eb v\u00ebn\u00eb p\u00ebrball\u00eb nj\u00ebri-tjetrit p\u00ebr shkak t\u00eb konfliktit mes dy figurave kryesore brenda partis\u00eb, kryetarit Lulzim Basha dhe ish-liderit Sali Berisha.<\/span><\/p>\n<p><span style=\"color: #000000;\">Fillimisht ishte deputeti Ervin Salianji i cili ironizonte n\u00eb m\u00ebnyr\u00eb indirekte Edmond Spahon, duke i b\u00ebr\u00eb thirrje t\u00eb mos luaj\u00eb m\u00eb me emocionet dhe ndjeshm\u00ebrie e demokrat\u00ebve, duke i p\u00ebrmendur dhe \u201cofiqet dhe p\u00ebrfitimet\u201d q\u00eb ka marr\u00eb nga Partia Demokratike.<\/span><\/p>\n<p><span style=\"color: #000000;\"><em>\u201cDy fjal\u00eb p\u00ebr kund\u00ebrshtar\u00ebt e 25 prillit q\u00eb sot i shoh t\u00eb val\u00ebvisin flamurin e PD! Mos luani me emocionet dhe ndjeshm\u00ebrit\u00eb e demokrat\u00ebve! Ofiqet dhe p\u00ebrfitimet q\u00eb keni marr\u00eb nga kjo parti askush nuk po i kujton, por frym\u00ebn e p\u00ebr\u00e7arjes me pretekstin e rikthimit edhe nj\u00eb her\u00eb me t\u00eb nj\u00ebjtat turpe q\u00eb mbani mbi shpin\u00eb, nuk kan\u00eb p\u00ebr ta lejuar! Askush! Demokrat\u00ebt t\u00eb par\u00ebt!\u201d<\/em>&#8211; shkruan Salianji, nd\u00ebrsa publikon edhe deklarat\u00ebn e tij me video n\u00eb nj\u00eb intervist\u00eb televizive.<\/span><\/p>\n<div style=\"width: 640px;\" class=\"wp-video\"><video class=\"wp-video-shortcode\" id=\"video-476089-1\" width=\"640\" height=\"368\" preload=\"metadata\" controls=\"controls\"><source type=\"video\/mp4\" src=\"https:\/\/www.hashtag.al\/wp-content\/uploads\/2021\/10\/Salianji.mp4?_=1\" \/><a href=\"https:\/\/www.hashtag.al\/wp-content\/uploads\/2021\/10\/Salianji.mp4\">https:\/\/www.hashtag.al\/wp-content\/uploads\/2021\/10\/Salianji.mp4<\/a><\/video><\/div>\n<p><span style=\"color: #000000;\">Pas k\u00ebtij postimi n\u00eb rrjetet sociale t\u00eb Salianjit, ka reaguar sot Edmond Spaho i cili e quan Salianjin <em>\u201cmitralozin e partis\u00eb\u201d.<\/em><\/span><\/p>\n<p><span style=\"color: #000000;\">Ai kujton se vet\u00ebm disa dit\u00eb para mbledhjes s\u00eb fundit t\u00eb\u00a0K\u00ebshillit Komb\u00ebtar, kryetari Basha e ka thirrur n\u00eb zyr\u00eb dhe i ka ofruar dy pozicione n\u00eb Kuvend dhe Parti, por q\u00eb ai i ka refuzuar t\u00eb dyja. Ai ka edhe nj\u00eb k\u00ebshill\u00eb t\u00eb fundit p\u00ebr Salianjin, duk\u00eb i kujtuar \u201cBabalen\u201d.<\/span><\/p>\n<p><strong><span style=\"color: #000000;\">REAGIMI I SPAHOS<\/span><\/strong><\/p>\n<p><span style=\"color: #000000;\">Replik\u00eb e detyruar me Mitrolozin e Partis\u00eb.<\/span><\/p>\n<p><span style=\"color: #000000;\">N\u00eb Koh\u00ebn e monizmit n\u00eb vitet 60-70, n\u00eb Lidhjen e Shkrimtar\u00ebve dhe Artist\u00ebve ishte nj\u00eb kapterr gjoja shkrimtar, t\u00eb cilin Partia e nd\u00ebrsente sa her\u00eb deshte ti hante kok\u00ebn ndonj\u00ebrit. Kaq e madhe ishte paturp\u00ebsia, eg\u00ebrsia dhe zelli i tij, sa q\u00eb edhe Kadaren\u00eb mund ta nxirrte mediok\u00ebr dhe antiparti.<\/span><\/p>\n<p><span style=\"color: #000000;\">K\u00ebt\u00eb tipin Lazgush Poradeci e quante Mitrolozi i Partis\u00eb. Nj\u00eb mitroloz t\u00eb till\u00eb kemi edhe ne n\u00eb PD.<\/span><\/p>\n<p><span style=\"color: #000000;\">Dje publikova nj\u00eb status ku ngre shqet\u00ebsimin tim p\u00ebr gj\u00ebndjen katastrofike n\u00eb t\u00eb cil\u00ebn ndodhet PD. U shpreha q\u00eb PD \u00ebsht\u00eb bunkerizuar dhe p\u00ebr k\u00ebt\u00eb pranova edhe p\u00ebrgjegj\u00ebsit\u00eb e mia si nj\u00eb nga drejtuesit e saj k\u00ebto 8 vite, megjith\u00ebse nuk kam pasur hap\u00ebsir\u00eb p\u00ebr t\u00eb ndryshuar gj\u00eb.<\/span><\/p>\n<p><span style=\"color: #000000;\">PD ka nevoj\u00eb t\u00eb ndryshoj\u00eb rr\u00ebnj\u00ebsisht n\u00eb se d\u00ebshiron t\u00eb fitoj\u00eb zgjedhjet. Detyrimin p\u00ebr ndryshim dhe fitore e kemi n\u00eb rradh\u00eb t\u00eb par\u00eb p\u00ebr njer\u00ebzit n\u00eb baz\u00eb t\u00eb cil\u00ebt jan\u00eb pa pun\u00eb dhe buk\u00eb.<\/span><\/p>\n<p><span style=\"color: #000000;\">Mendimet e mia nuk ua imponoj askujt, kushdo q\u00eb i lexon t\u00eb gjykoj\u00eb sipas bindjeve t\u00eb tij. Kjo vlen edhe p\u00ebr koleg\u00ebt e Grupit Parlamentar. \u00c7donj\u00ebri prej tyre t\u00eb m\u00eb kritikoj\u00eb me argumenta, madje ashp\u00ebr, por pa fyerje dhe denigrime. Fjal\u00ebn e lir\u00eb dhe norma t\u00eb tjera demokratike po k\u00ebrkojm\u00eb t\u00eb vendosim n\u00eb PD.<\/span><\/p>\n<p><span style=\"color: #000000;\">\u00c7udit\u00ebrisht, dje n\u00eb mbr\u00ebmje n\u00eb nj\u00eb stacion televiziv, Mitrolozi i Partis\u00eb filloi t\u00eb mitraloj\u00eb duke u p\u00ebrpjekur t\u00eb m\u00eb ofendoj\u00eb dhe ulur n\u00eb syt\u00eb e opinionit publik.<\/span><\/p>\n<p><span style=\"color: #000000;\">\u201cCfar\u00eb do tjet\u00ebr Mondi, pyeti Mitrolozi i Partis\u00eb, n\u00eb 25 vite ka q\u00ebn\u00eb Minist\u00ebr, Kryetar i FSHF, N\u00ebnkryetar i Kuv\u00ebndit, Kryetar i Grupit Parlamentar?\u201d<\/span><\/p>\n<p><span style=\"color: #000000;\">Hajde e mos e quaj k\u00ebt\u00eb bunkerizim!!! Sipas Mitrolozit, ne nuk duhet t\u00eb flasim sepse kemi marr\u00eb karrige dhe duhet respektuar kodi i karrikekracis\u00eb!!!<\/span><\/p>\n<p><span style=\"color: #000000;\">Mitroloz, p\u00ebr t\u00eb gjitha arritjet kam investuar energji, profesionaliz\u00ebm, koh\u00eb dhe emocione dhe i kam arritur me konkurim dhe vot\u00eb. Ne vitin 1997, pasi lash\u00eb minist\u00ebrll\u00ebkun, rifillova n\u00eb PD si sekretar seksioni n\u00eb lagjen time. Un\u00eb vet\u00ebm t\u00eb ndenjurat kam t\u00eb miat, karriget jan\u00eb t\u00eb institucioneve.<\/span><\/p>\n<p><span style=\"color: #000000;\">Ty ta kuptoj hallin q\u00eb ke dhe pse mitralon. Kushedi t\u00eb ndihmon krahu tjet\u00ebr dhe t\u00eb zgjidhet halli.<\/span><\/p>\n<p><span style=\"color: #000000;\">P\u00ebr dijeni te opinionit dhe koleg\u00ebve t\u00eb mi n\u00eb Grupin Parlamentar, disa dit\u00eb para mbledhjes s\u00eb fundit t\u00eb\u00a0K\u00ebshillit Komb\u00ebtar, Z. Basha m\u00eb ka thirrur n\u00eb zyr\u00eb dhe m\u00eb ka ofruar dy pozicione n\u00eb Kuv\u00ebnd dhe Parti. N\u00ebp\u00ebrmjet tyre do t\u00eb isha edhe an\u00ebtar i Kryesis\u00eb s\u00eb Grupit Parlamentar edhe an\u00ebtar i Kryesis\u00eb s\u00eb PDSH.<\/span><\/p>\n<p><span style=\"color: #000000;\">I refuzova t\u00eb dyja duke i th\u00ebn\u00eb q\u00eb do t\u00eb q\u00ebndroj vet\u00ebm Deputet. K\u00ebrkes\u00ebs s\u00eb tij p\u00ebr t\u00eb konkuruar p\u00ebr an\u00ebtar t\u00eb Kryesis\u00eb t\u00eb PDSH i jam p\u00ebrgjigjur q\u00eb nuk e kam q\u00ebllim n\u00eb vetvete dhe nuk do konkurroj. K\u00ebt\u00eb e b\u00ebra edhe p\u00ebr t\u00eb marr\u00eb pak p\u00ebrgjegj\u00ebsi mbi vehte p\u00ebr ku kemi mb\u00ebrritur n\u00eb PD.<\/span><\/p>\n<p><span style=\"color: #000000;\">Edhe nj\u00eb k\u00ebshill\u00eb t\u00eb fundit p\u00ebr Mitrolozin. Mund ti vlej\u00eb edhe mitralier\u00ebve. Kujdes me fjal\u00ebt sepse nuk jan\u00eb si qent\u00eb q\u00eb ju f\u00ebrsh\u00ebllen dhe i kthen prapa. Mos shaj n\u00eb telefon, sepse q\u00eb kur ndodhi ajo historia me Babalen t\u00eb gjith\u00eb kan\u00eb filluar ti rregjistrojn\u00eb bisedat. Besoj m\u00eb kupton ku e kam fjal\u00ebn.<\/span><\/p>\n<p><span style=\"color: #000000;\">T\u00eb fala!<\/span><\/p>\n","protected":false,"gt_translate_keys":[{"key":"rendered","format":"html"}]},"excerpt":{"rendered":"<p>Nj\u00eb debat n\u00eb distanc\u00eb ka nisur mes dy demokrat\u00ebve, Ervin Salianji dhe Edmond Spaho. Dy deputet\u00ebt e PD-s\u00eb n\u00eb t\u00eb nj\u00ebjtin qark, Kor\u00e7\u00eb, jan\u00eb v\u00ebn\u00eb p\u00ebrball\u00eb nj\u00ebri-tjetrit p\u00ebr shkak t\u00eb konfliktit mes dy figurave kryesore brenda partis\u00eb, kryetarit Lulzim Basha dhe ish-liderit Sali Berisha. Fillimisht ishte deputeti Ervin Salianji i cili ironizonte n\u00eb m\u00ebnyr\u00eb indirekte [&hellip;]<\/p>\n","protected":false,"gt_translate_keys":[{"key":"rendered","format":"html"}]},"author":30,"featured_media":476091,"comment_status":"closed","ping_status":"closed","sticky":false,"template":"","format":"standard","meta":{"footnotes":""},"categories":[65,13],"tags":[],"class_list":["post-476089","post","type-post","status-publish","format-standard","has-post-thumbnail","hentry","category-lajme","category-te-fundit"],"gt_translate_keys":[{"key":"link","format":"url"}],"_links":{"self":[{"href":"https:\/\/www.hashtag.al\/index.php\/wp-json\/wp\/v2\/posts\/476089","targetHints":{"allow":["GET"]}}],"collection":[{"href":"https:\/\/www.hashtag.al\/index.php\/wp-json\/wp\/v2\/posts"}],"about":[{"href":"https:\/\/www.hashtag.al\/index.php\/wp-json\/wp\/v2\/types\/post"}],"author":[{"embeddable":true,"href":"https:\/\/www.hashtag.al\/index.php\/wp-json\/wp\/v2\/users\/30"}],"replies":[{"embeddable":true,"href":"https:\/\/www.hashtag.al\/index.php\/wp-json\/wp\/v2\/comments?post=476089"}],"version-history":[{"count":0,"href":"https:\/\/www.hashtag.al\/index.php\/wp-json\/wp\/v2\/posts\/476089\/revisions"}],"wp:featuredmedia":[{"embeddable":true,"href":"https:\/\/www.hashtag.al\/index.php\/wp-json\/wp\/v2\/media\/476091"}],"wp:attachment":[{"href":"https:\/\/www.hashtag.al\/index.php\/wp-json\/wp\/v2\/media?parent=476089"}],"wp:term":[{"taxonomy":"category","embeddable":true,"href":"https:\/\/www.hashtag.al\/index.php\/wp-json\/wp\/v2\/categories?post=476089"},{"taxonomy":"post_tag","embeddable":true,"href":"https:\/\/www.hashtag.al\/index.php\/wp-json\/wp\/v2\/tags?post=476089"}],"curies":[{"name":"wp","href":"https:\/\/api.w.org\/{rel}","templated":true}]}}