{"id":475503,"date":"2021-09-29T12:46:34","date_gmt":"2021-09-29T10:46:34","guid":{"rendered":"https:\/\/www.hashtag.al\/?p=475503"},"modified":"2021-09-29T13:40:04","modified_gmt":"2021-09-29T11:40:04","slug":"kurti-ia-thote-ne-sy-von-der-leyen-it-serbia-merr-donacione-nga-be-ja-e-blen-arme-ga-rusia-e-kina","status":"publish","type":"post","link":"https:\/\/www.hashtag.al\/index.php\/2021\/09\/29\/kurti-ia-thote-ne-sy-von-der-leyen-it-serbia-merr-donacione-nga-be-ja-e-blen-arme-ga-rusia-e-kina\/","title":{"rendered":"Kurti ia thot\u00eb n\u00eb sy Von der Leyen-it: Serbia merr donacione nga BE-ja e blen arm\u00eb nga Rusia e Kina","gt_translate_keys":[{"key":"rendered","format":"text"}]},"content":{"rendered":"<p><span style=\"color: #000000;\"><img loading=\"lazy\" decoding=\"async\" class=\"aligncenter size-full wp-image-475506\" src=\"https:\/\/www.hashtag.al\/wp-content\/uploads\/2021\/09\/kurtivonderleyen.jpg\" alt=\"\" width=\"900\" height=\"600\" srcset=\"https:\/\/www.hashtag.al\/wp-content\/uploads\/2021\/09\/kurtivonderleyen.jpg 900w, https:\/\/www.hashtag.al\/wp-content\/uploads\/2021\/09\/kurtivonderleyen-300x200.jpg 300w, https:\/\/www.hashtag.al\/wp-content\/uploads\/2021\/09\/kurtivonderleyen-768x512.jpg 768w\" sizes=\"auto, (max-width: 900px) 100vw, 900px\" \/><\/span><\/p>\n<p><span style=\"color: #000000;\">Kryeministri i Kosov\u00ebs i tha presidentes s\u00eb KE-s\u00eb, Von der Leyen se Serbia merr donacione e fonde nga Bashkimi Europian e furnizohet me arm\u00eb nga Rusia e Kina.<\/span><\/p>\n<p><span style=\"color: #000000;\"> Kurti e b\u00ebri deklarat\u00ebn gjat\u00eb konferenc\u00ebs s\u00eb p\u00ebrbashk\u00ebt p\u00ebr shtyp me zyrtaren e lart\u00eb europiane, n\u00eb qend\u00ebr t\u00eb s\u00eb cil\u00ebs ishte gjendja e tensionuar n\u00eb veriun e vendit. Ai theksoi gjithashtu se Prishtina po zbaton nj\u00eb vendim t\u00eb dakord\u00ebsuar m\u00eb par\u00eb mes pal\u00ebve lidhur me recipricitetin e targave.<\/span><\/p>\n<p><span style=\"color: #000000;\"><em>\u201cN\u00eb pikat kufitare B\u00ebrnjak dhe Jarinje ne nuk kemi marr\u00eb ndonj\u00eb vendim t\u00eb ri p\u00ebrve\u00e7se po e zbatojm\u00eb nj\u00eb dakordim t\u00eb vjet\u00ebr. Nd\u00ebrkoh\u00eb Serbia u p\u00ebrgjigj me forc\u00eb duke sjell\u00eb n\u00eb kufi tanket e aeroplanet luftarake q\u00eb i ka marr\u00eb nga Rusia. Fatkeq\u00ebsisht ndodhemi n\u00eb nj\u00eb situat\u00eb ku Serbia merr donacione nga BE-ja, dhe p\u00ebrkund\u00ebr q\u00eb i merr k\u00ebto donacione pa zbatuar vlera do t\u00eb duhej t\u00eb demokratizohet e jo t\u00eb militarizohet nga Rusia e Kina.\u201d<\/em> &#8211; tha Kurti.<\/span><\/p>\n","protected":false,"gt_translate_keys":[{"key":"rendered","format":"html"}]},"excerpt":{"rendered":"<p>Kryeministri i Kosov\u00ebs i tha presidentes s\u00eb KE-s\u00eb, Von der Leyen se Serbia merr donacione e fonde nga Bashkimi Europian e furnizohet me arm\u00eb nga Rusia e Kina. Kurti e b\u00ebri deklarat\u00ebn gjat\u00eb konferenc\u00ebs s\u00eb p\u00ebrbashk\u00ebt p\u00ebr shtyp me zyrtaren e lart\u00eb europiane, n\u00eb qend\u00ebr t\u00eb s\u00eb cil\u00ebs ishte gjendja e tensionuar n\u00eb veriun e [&hellip;]<\/p>\n","protected":false,"gt_translate_keys":[{"key":"rendered","format":"html"}]},"author":51,"featured_media":475506,"comment_status":"closed","ping_status":"closed","sticky":false,"template":"","format":"standard","meta":{"footnotes":""},"categories":[149],"tags":[],"class_list":["post-475503","post","type-post","status-publish","format-standard","has-post-thumbnail","hentry","category-kosoverajon"],"gt_translate_keys":[{"key":"link","format":"url"}],"_links":{"self":[{"href":"https:\/\/www.hashtag.al\/index.php\/wp-json\/wp\/v2\/posts\/475503","targetHints":{"allow":["GET"]}}],"collection":[{"href":"https:\/\/www.hashtag.al\/index.php\/wp-json\/wp\/v2\/posts"}],"about":[{"href":"https:\/\/www.hashtag.al\/index.php\/wp-json\/wp\/v2\/types\/post"}],"author":[{"embeddable":true,"href":"https:\/\/www.hashtag.al\/index.php\/wp-json\/wp\/v2\/users\/51"}],"replies":[{"embeddable":true,"href":"https:\/\/www.hashtag.al\/index.php\/wp-json\/wp\/v2\/comments?post=475503"}],"version-history":[{"count":0,"href":"https:\/\/www.hashtag.al\/index.php\/wp-json\/wp\/v2\/posts\/475503\/revisions"}],"wp:featuredmedia":[{"embeddable":true,"href":"https:\/\/www.hashtag.al\/index.php\/wp-json\/wp\/v2\/media\/475506"}],"wp:attachment":[{"href":"https:\/\/www.hashtag.al\/index.php\/wp-json\/wp\/v2\/media?parent=475503"}],"wp:term":[{"taxonomy":"category","embeddable":true,"href":"https:\/\/www.hashtag.al\/index.php\/wp-json\/wp\/v2\/categories?post=475503"},{"taxonomy":"post_tag","embeddable":true,"href":"https:\/\/www.hashtag.al\/index.php\/wp-json\/wp\/v2\/tags?post=475503"}],"curies":[{"name":"wp","href":"https:\/\/api.w.org\/{rel}","templated":true}]}}