{"id":475485,"date":"2021-09-29T11:47:49","date_gmt":"2021-09-29T09:47:49","guid":{"rendered":"https:\/\/www.hashtag.al\/?p=475485"},"modified":"2021-09-29T11:47:49","modified_gmt":"2021-09-29T09:47:49","slug":"balla-mesazh-pd-se-mbledhjet-do-behen-fizikisht-me-certifikate-vaksinimi-te-ecim-para-me-punet-e-rendesishme-qe-ka-parlamenti","status":"publish","type":"post","link":"https:\/\/www.hashtag.al\/index.php\/2021\/09\/29\/balla-mesazh-pd-se-mbledhjet-do-behen-fizikisht-me-certifikate-vaksinimi-te-ecim-para-me-punet-e-rendesishme-qe-ka-parlamenti\/","title":{"rendered":"Balla mesazh PD-s\u00eb: Mbledhjet do b\u00ebhen fizikisht me certifikat\u00eb vaksinimi, t\u00eb ecim para me pun\u00ebt e r\u00ebnd\u00ebsishme q\u00eb ka Parlamenti","gt_translate_keys":[{"key":"rendered","format":"text"}]},"content":{"rendered":"<p><span style=\"color: #000000;\"><img loading=\"lazy\" decoding=\"async\" class=\"aligncenter size-full wp-image-475486\" src=\"https:\/\/www.hashtag.al\/wp-content\/uploads\/2021\/09\/balla.jpeg\" alt=\"\" width=\"768\" height=\"522\" srcset=\"https:\/\/www.hashtag.al\/wp-content\/uploads\/2021\/09\/balla.jpeg 768w, https:\/\/www.hashtag.al\/wp-content\/uploads\/2021\/09\/balla-300x204.jpeg 300w\" sizes=\"auto, (max-width: 768px) 100vw, 768px\" \/><\/span><\/p>\n<p><span style=\"color: #000000;\">Kreu i grupit parlamentar t\u00eb PS-s\u00eb, Balla, ka th\u00ebn\u00eb sot se do propozoj\u00eb q\u00eb mbedhjet e Komisioneve Parlamentare t\u00eb b\u00ebhen fizikisht duke respektuar distanc\u00ebn sociale nd\u00ebrsa ka b\u00ebr\u00eb thirrje q\u00eb deputet\u00ebt t\u00eb vaksinohen. <\/span><\/p>\n<p><span style=\"color: #000000;\">Ai tha gjithashtu se mbledhjet q\u00eb nuk jan\u00eb t\u00eb r\u00ebnd\u00ebsive t\u00eb ve\u00e7anta t\u00eb b\u00ebhen online nd\u00ebrsat\u00eb tjerat me prani fizike.<\/span><\/p>\n<p><span style=\"color: #000000;\"><em>\u201cDo i propozojm\u00eb konferenc\u00ebs s\u00eb kryetar\u00ebve q\u00eb mbledhjet t\u00eb zhvillohen duke respektuar distancat. Deputet\u00ebt t\u00eb deklarojn\u00eb certifikat\u00ebn e vaksinimit. Edhe n\u00eb parlamentin italian nuk merr pjes\u00eb n\u00eb mbledhje komisioni pa b\u00ebr\u00eb vaksin\u00ebn. Koha e fituar gjat\u00eb k\u00ebsaj jave, ishte nj\u00eb koh\u00eb p\u00ebr shkak se agjenda parlamentare ishte e till\u00eb q\u00eb t\u00eb k\u00ebrkonte mir\u00ebkuptim nga ana e Partis\u00eb Demokratike. Praktika e mbledhjeve t\u00eb komisioneve online do t\u00eb vijoj\u00eb, p\u00ebr aq koh\u00eb sa b\u00ebhet fjal\u00eb p\u00ebr \u00e7\u00ebshtje q\u00eb nuk jan\u00eb t\u00eb r\u00ebnd\u00ebsie t\u00eb ve\u00e7ant\u00eb, por p\u00ebr \u00e7\u00ebshtje me debat t\u00eb zgjeruar, aot do b\u00ebhen me prani fizike. Do i b\u00ebja thirrje shpirtrave t\u00eb trazuar n\u00eb PD, se kjo \u00e7\u00ebshtje \u00ebsht\u00eb e qart\u00eb.\u201d<\/em> &#8211; tha Balla.<\/span><\/p>\n<p><span style=\"color: #000000;\">Ai b\u00ebri thirrje q\u00eb deputet q\u00eb nuk jan\u00eb vaksinuar ende ta b\u00ebjn\u00eb k\u00ebt\u00eb. <\/span><\/p>\n<p><span style=\"color: #000000;\">Nd\u00ebrsa shtoi se PS d\u00ebshiron q\u00eb legjistatura e re t\u00eb nis\u00eb pun\u00ebn normalisht duke u b\u00ebr\u00eb thirrje deputet\u00ebve t\u00eb PD-s\u00eb q\u00eb t\u00eb b\u00ebjn\u00eb detyr\u00ebn n\u00eb m\u00ebnyr\u00eb q\u00eb Parlamenti t\u00eb ec\u00eb p\u00ebrpara me detyra e r\u00ebnd\u00ebsishme q\u00eb ka.<\/span><\/p>\n<p><span style=\"color: #000000;\">&#8220;<em>I b\u00ebj thirrje deputet\u00ebve, atyre q\u00eb ende nuk kan\u00eb ushtruar at\u00eb detyrim q\u00eb kan\u00eb p\u00ebr t\u00eb kryer detyrimin q\u00eb kan\u00eb qytetar\u00ebt e p\u00ebrgjegjsh\u00ebm p\u00ebr t\u2019u vaksinuar me dy doza. E prej jav\u00ebs tjet\u00ebr, konferenca e kryetar\u00ebve do i japi drit\u00ebn jeshile kalimit t\u00eb nj\u00eb m\u00ebnyre tradicionale zhvillimit t\u00eb komisionit. Nga \u00e7far\u00eb \u00ebsht\u00eb diskutuar, kemi r\u00ebn\u00eb dakord, n\u00eb kuptimin e atij komunikimi q\u00eb pjes\u00ebmarrja duhet t\u00eb jet\u00eb me certifikate vaksinimi, ka raste kur mjek\u00ebt nuk rekomandojn\u00eb vaksinimin, por duhet t\u00eb jesh i pajisur me nj\u00eb test PCR, rregull ky normal kur udh\u00ebton me avion dhe udh\u00ebton n\u00eb nj\u00eb vend t\u00eb Evrop\u00ebs. D\u00ebshira jon\u00eb \u00ebsht\u00eb q\u00eb kjo legjislatur\u00eb e re t\u00eb filloj\u00eb pun\u00eb mbar\u00eb dhe natyrsh\u00ebm ajo historia e tjerrur dje se ne paskemi frik\u00eb nga debati, k\u00ebto historira do k\u00ebrkoja t\u2019i linim mbrapa e t\u00eb ecnim p\u00ebrpara me detyra shum\u00eb t\u00eb r\u00ebnd\u00ebsishme q\u00eb ka parlamenti. T\u00eb mos harrojm\u00eb rolin q\u00eb ka Kuvendi.\u201d<\/em> &#8211; tha Balla.<\/span><\/p>\n","protected":false,"gt_translate_keys":[{"key":"rendered","format":"html"}]},"excerpt":{"rendered":"<p>Kreu i grupit parlamentar t\u00eb PS-s\u00eb, Balla, ka th\u00ebn\u00eb sot se do propozoj\u00eb q\u00eb mbedhjet e Komisioneve Parlamentare t\u00eb b\u00ebhen fizikisht duke respektuar distanc\u00ebn sociale nd\u00ebrsa ka b\u00ebr\u00eb thirrje q\u00eb deputet\u00ebt t\u00eb vaksinohen. Ai tha gjithashtu se mbledhjet q\u00eb nuk jan\u00eb t\u00eb r\u00ebnd\u00ebsive t\u00eb ve\u00e7anta t\u00eb b\u00ebhen online nd\u00ebrsat\u00eb tjerat me prani fizike. \u201cDo i [&hellip;]<\/p>\n","protected":false,"gt_translate_keys":[{"key":"rendered","format":"html"}]},"author":51,"featured_media":475486,"comment_status":"closed","ping_status":"closed","sticky":false,"template":"","format":"standard","meta":{"footnotes":""},"categories":[65,13],"tags":[],"class_list":["post-475485","post","type-post","status-publish","format-standard","has-post-thumbnail","hentry","category-lajme","category-te-fundit"],"gt_translate_keys":[{"key":"link","format":"url"}],"_links":{"self":[{"href":"https:\/\/www.hashtag.al\/index.php\/wp-json\/wp\/v2\/posts\/475485","targetHints":{"allow":["GET"]}}],"collection":[{"href":"https:\/\/www.hashtag.al\/index.php\/wp-json\/wp\/v2\/posts"}],"about":[{"href":"https:\/\/www.hashtag.al\/index.php\/wp-json\/wp\/v2\/types\/post"}],"author":[{"embeddable":true,"href":"https:\/\/www.hashtag.al\/index.php\/wp-json\/wp\/v2\/users\/51"}],"replies":[{"embeddable":true,"href":"https:\/\/www.hashtag.al\/index.php\/wp-json\/wp\/v2\/comments?post=475485"}],"version-history":[{"count":0,"href":"https:\/\/www.hashtag.al\/index.php\/wp-json\/wp\/v2\/posts\/475485\/revisions"}],"wp:featuredmedia":[{"embeddable":true,"href":"https:\/\/www.hashtag.al\/index.php\/wp-json\/wp\/v2\/media\/475486"}],"wp:attachment":[{"href":"https:\/\/www.hashtag.al\/index.php\/wp-json\/wp\/v2\/media?parent=475485"}],"wp:term":[{"taxonomy":"category","embeddable":true,"href":"https:\/\/www.hashtag.al\/index.php\/wp-json\/wp\/v2\/categories?post=475485"},{"taxonomy":"post_tag","embeddable":true,"href":"https:\/\/www.hashtag.al\/index.php\/wp-json\/wp\/v2\/tags?post=475485"}],"curies":[{"name":"wp","href":"https:\/\/api.w.org\/{rel}","templated":true}]}}