{"id":475363,"date":"2021-09-28T18:19:47","date_gmt":"2021-09-28T16:19:47","guid":{"rendered":"https:\/\/www.hashtag.al\/?p=475363"},"modified":"2021-09-28T18:19:47","modified_gmt":"2021-09-28T16:19:47","slug":"kushi-vendimi-per-mesimin-me-dy-turne-nuk-eshte-perfundimtar-asnje-mesues-nuk-ka-refuzuar-vaksinimin-ndryshe-duhet-te-paraqese-test-pcr","status":"publish","type":"post","link":"https:\/\/www.hashtag.al\/index.php\/2021\/09\/28\/kushi-vendimi-per-mesimin-me-dy-turne-nuk-eshte-perfundimtar-asnje-mesues-nuk-ka-refuzuar-vaksinimin-ndryshe-duhet-te-paraqese-test-pcr\/","title":{"rendered":"Kushi: Vendimi p\u00ebr m\u00ebsimin me dy turne nuk \u00ebsht\u00eb p\u00ebrfundimtar, asnj\u00eb m\u00ebsues nuk ka refuzuar vaksinimin, ndryshe duhet t\u00eb paraqes\u00eb test PCR","gt_translate_keys":[{"key":"rendered","format":"text"}]},"content":{"rendered":"<p><span style=\"color: #000000;\"><img loading=\"lazy\" decoding=\"async\" class=\"aligncenter size-full wp-image-475364\" src=\"https:\/\/www.hashtag.al\/wp-content\/uploads\/2021\/09\/evis-kushi1.jpg\" alt=\"\" width=\"1250\" height=\"669\" \/><\/span><\/p>\n<p><span style=\"color: #000000;\">Ministrja e Arsimit dhe Sportit Evis Kushi n\u00eb nj\u00eb intervist\u00eb p\u00ebr News 24 deklaroi se vendimi p\u00ebr ndjekjen e m\u00ebsimit me dy turne nuk \u00ebsht\u00eb p\u00ebrfundimtar pasi b\u00ebhet vler\u00ebsimi i situat\u00ebs pandemike n\u00eb vend.<\/span><\/p>\n<p><span style=\"color: #000000;\">Ajo tha m\u00ebsimi \u00ebsht\u00eb i ngarkuar kryesisht n\u00eb shkollat e qendrave t\u00eb m\u00ebdha urbane nd\u00ebrsa n\u00eb ato rurale \u00e7do gj\u00eb vazhdon normalisht. Po ashtu ministrja b\u00ebri me dije se sipas shifrave t\u00eb fundit 87% e m\u00ebsuesve jan\u00eb t\u00eb vaksinuar, 71% prej tyre kan\u00eb marr\u00eb dy doza.<\/span><\/p>\n<p><span style=\"color: #000000;\">\u201c<em>\u00cbsht\u00eb udh\u00ebzuesi i ministris\u00eb baza ku ne marrim t\u00eb gjitha vendimet. Un\u00eb e mir\u00ebkuptoj shqet\u00ebsimin p\u00ebr koh\u00ebzgjatjen dhe m\u00ebsimin me dy turne, por duhet t\u00eb kuptojm\u00eb se jemi n\u00eb koh\u00eb pandemie. Jemi d\u00ebshmitar\u00eb q\u00eb koh\u00ebt e fundit kemi pasur rritje t\u00eb rasteve t\u00eb reja. Ky vendim nuk \u00ebsht\u00eb p\u00ebrfundimtar p\u00ebr t\u00eb gjith\u00eb vitin shkollor. Ky vendim nuk \u00ebsht\u00eb standard p\u00ebr t\u00eb gjitha. N\u00eb ato klasa ku hapsira \u00ebsht\u00eb e vog\u00ebl b\u00ebhet me turne, kryesisht n\u00eb qytetet e m\u00ebdha. Nd\u00ebrsa n\u00eb periferi e zonat rurale m\u00ebsimi zhvillohet normalisht.\u00a0 Tek shkollat e d\u00ebmtuar nga t\u00ebrmeti ka edhe m\u00ebsim me 4 turne dhe n\u00eb k\u00ebto raste jemi t\u00eb detyruar ta b\u00ebjm\u00eb m\u00ebsimin p\u00ebr 30 minuta.\u00a0 Vitet e fundit ne aplikojm\u00eb 6 or\u00eb p\u00ebr 3 l\u00ebnd\u00eb. Shpresoj q\u00eb prind\u00ebrit t\u00eb na mir\u00ebkuptojn\u00eb p\u00ebr vendimet q\u00eb kemi marr\u00eb. Procesi i vaksinimit t\u00eb m\u00ebsuesve po shkon shum\u00eb mir\u00eb. Sot 87% e m\u00ebsuesve jan\u00eb vaksinuar, nga k\u00ebta 71% kan\u00eb marr\u00eb dy doza<\/em>\u201d- tha Kushi.<\/span><\/p>\n<p><span style=\"color: #000000;\">Lidhur me skenar\u00eb t\u00eb tjer\u00eb t\u00eb p\u00ebrkeq\u00ebsimit t\u00eb situat\u00ebs, ministrja Kushi tha se ne dim\u00eb t\u2019u p\u00ebrgjigjemi \u00e7do skenari t\u00eb mundsh\u00ebm dhe se konsultohemi p\u00ebr \u00e7do vendim q\u00eb marrim. Ajo tha se asnj\u00eb m\u00ebsues deri tani nuk ka refuzuar t\u00eb marr\u00eb vaksin\u00ebn dhe n\u00ebse ndodh nj\u00eb gj\u00eb e till\u00eb ai duhet t\u00eb paraqes\u00eb test PCR \u00e7do jav\u00eb.<\/span><\/p>\n<p><span style=\"color: #000000;\">\u201c<em>Ne kemi parashikuar t\u00eb gjith\u00eb skenar\u00ebt dhe dim\u00eb t\u2019i p\u00ebrgjigjemi t\u00eb gjith\u00eb skenar\u00ebve.\u00a0 Shpresoj q\u00eb me vaksinimin nuk do t\u00eb shkojm\u00eb n\u00eb ekstremin e m\u00ebsimit online, por jemi t\u00eb p\u00ebrgatitur. Edhe Komiteti i Ekspert\u00ebve ka nj\u00eb eksperienc\u00eb. Nuk marrim asnj\u00ebher\u00eb nj\u00eb vendim sipas gjykimit ton\u00eb. Konsultohemi mir\u00eb pai jan\u00eb vendime t\u00eb v\u00ebshtira. P\u00ebr ne \u00ebsht\u00eb p\u00ebrgjegj\u00ebsi e lart\u00eb t\u00eb marrim nj\u00eb vendim q\u00eb do t\u00eb d\u00ebmtonte cil\u00ebsin\u00eb e arsimit. P\u00ebrpiqemi t\u00eb gjejm\u00eb balanc\u00ebn m\u00eb t\u00eb mir\u00eb mes sh\u00ebndetit dhe m\u00ebsimit. Nuk kam par\u00eb rast t\u00eb m\u00ebsuesve q\u00eb refuzojn\u00eb t\u00eb vaksinohen. Rastet e tyre q\u00eb nuk jan\u00eb vaksinuar jan\u00eb ata q\u00eb e kan\u00eb kaluar Covid pak koh\u00eb m\u00eb par\u00eb ose kan\u00eb s\u00ebmundje t\u00eb tjera. N\u00eb rastet q\u00eb m\u00ebsuesit refuzojn\u00eb vaksin\u00ebn duhet test PCR \u00e7do jav\u00eb. Ky \u00ebsht\u00eb nj\u00eb urdh\u00ebr nga MSH<\/em>\u201d- deklaroi Ministrja.<\/span><\/p>\n<p>&nbsp;<\/p>\n","protected":false,"gt_translate_keys":[{"key":"rendered","format":"html"}]},"excerpt":{"rendered":"<p>Ministrja e Arsimit dhe Sportit Evis Kushi n\u00eb nj\u00eb intervist\u00eb p\u00ebr News 24 deklaroi se vendimi p\u00ebr ndjekjen e m\u00ebsimit me dy turne nuk \u00ebsht\u00eb p\u00ebrfundimtar pasi b\u00ebhet vler\u00ebsimi i situat\u00ebs pandemike n\u00eb vend. Ajo tha m\u00ebsimi \u00ebsht\u00eb i ngarkuar kryesisht n\u00eb shkollat e qendrave t\u00eb m\u00ebdha urbane nd\u00ebrsa n\u00eb ato rurale \u00e7do gj\u00eb vazhdon [&hellip;]<\/p>\n","protected":false,"gt_translate_keys":[{"key":"rendered","format":"html"}]},"author":32,"featured_media":475364,"comment_status":"closed","ping_status":"closed","sticky":false,"template":"","format":"standard","meta":{"footnotes":""},"categories":[65,13],"tags":[],"class_list":["post-475363","post","type-post","status-publish","format-standard","has-post-thumbnail","hentry","category-lajme","category-te-fundit"],"gt_translate_keys":[{"key":"link","format":"url"}],"_links":{"self":[{"href":"https:\/\/www.hashtag.al\/index.php\/wp-json\/wp\/v2\/posts\/475363","targetHints":{"allow":["GET"]}}],"collection":[{"href":"https:\/\/www.hashtag.al\/index.php\/wp-json\/wp\/v2\/posts"}],"about":[{"href":"https:\/\/www.hashtag.al\/index.php\/wp-json\/wp\/v2\/types\/post"}],"author":[{"embeddable":true,"href":"https:\/\/www.hashtag.al\/index.php\/wp-json\/wp\/v2\/users\/32"}],"replies":[{"embeddable":true,"href":"https:\/\/www.hashtag.al\/index.php\/wp-json\/wp\/v2\/comments?post=475363"}],"version-history":[{"count":0,"href":"https:\/\/www.hashtag.al\/index.php\/wp-json\/wp\/v2\/posts\/475363\/revisions"}],"wp:featuredmedia":[{"embeddable":true,"href":"https:\/\/www.hashtag.al\/index.php\/wp-json\/wp\/v2\/media\/475364"}],"wp:attachment":[{"href":"https:\/\/www.hashtag.al\/index.php\/wp-json\/wp\/v2\/media?parent=475363"}],"wp:term":[{"taxonomy":"category","embeddable":true,"href":"https:\/\/www.hashtag.al\/index.php\/wp-json\/wp\/v2\/categories?post=475363"},{"taxonomy":"post_tag","embeddable":true,"href":"https:\/\/www.hashtag.al\/index.php\/wp-json\/wp\/v2\/tags?post=475363"}],"curies":[{"name":"wp","href":"https:\/\/api.w.org\/{rel}","templated":true}]}}