{"id":475085,"date":"2021-09-28T07:54:18","date_gmt":"2021-09-28T05:54:18","guid":{"rendered":"https:\/\/www.hashtag.al\/?p=475085"},"modified":"2021-09-28T07:54:56","modified_gmt":"2021-09-28T05:54:56","slug":"frike-per-rrembimin-e-kryeministrit-holandez-shtohen-ndjeshem-masat-e-sigurise-per-rutte","status":"publish","type":"post","link":"https:\/\/www.hashtag.al\/index.php\/2021\/09\/28\/frike-per-rrembimin-e-kryeministrit-holandez-shtohen-ndjeshem-masat-e-sigurise-per-rutte\/","title":{"rendered":"Frik\u00eb p\u00ebr rr\u00ebmbimin e kryeministrit holandez, shtohen ndjesh\u00ebm masat e siguris\u00eb p\u00ebr Rutte","gt_translate_keys":[{"key":"rendered","format":"text"}]},"content":{"rendered":"<p><span style=\"color: #000000;\"><img loading=\"lazy\" decoding=\"async\" class=\"aligncenter size-full wp-image-475086\" src=\"https:\/\/www.hashtag.al\/wp-content\/uploads\/2021\/09\/rutte.jpg\" alt=\"\" width=\"864\" height=\"486\" srcset=\"https:\/\/www.hashtag.al\/wp-content\/uploads\/2021\/09\/rutte.jpg 864w, https:\/\/www.hashtag.al\/wp-content\/uploads\/2021\/09\/rutte-300x169.jpg 300w, https:\/\/www.hashtag.al\/wp-content\/uploads\/2021\/09\/rutte-768x432.jpg 768w\" sizes=\"auto, (max-width: 864px) 100vw, 864px\" \/><\/span><\/p>\n<p><span style=\"color: #000000;\">Autoritetet holandeze kan\u00eb shtuar masat e siguris\u00eb p\u00ebr kryeministrin e vendit pas shqet\u00ebsimeve t\u00eb agjencive t\u00eb inteligjenc\u00ebs se grupet kriminale mund t\u00eb planifikojn\u00eb t\u00eb rr\u00ebmbejn\u00eb kryeministrin, njoftuan mediat vendase t\u00eb h\u00ebn\u00ebn.<\/span><\/p>\n<p><span style=\"color: #000000;\">Masat e siguris\u00eb q\u00eb mbrojn\u00eb Mark Rutte po zgjerohen me polic\u00eb t\u00eb st\u00ebrvitur posa\u00e7\u00ebrisht nga sh\u00ebrbimi i siguris\u00eb mbret\u00ebrore dhe diplomatike t\u00eb vendit, than\u00eb raportet.<\/span><\/p>\n<p><span style=\"color: #000000;\">Mediat than\u00eb se informacioni mbi k\u00ebrc\u00ebnimin ishte marr\u00eb n\u00eb fillim t\u00eb k\u00ebtij muaji, pasi t\u00eb ashtuquajturit \u2018vrojtues\u2019 t\u00eb bandave t\u00eb organizuara kriminale u zbuluan rreth kryeministrit n\u00eb periudha t\u00eb ndryshme.<\/span><\/p>\n<p><span style=\"color: #000000;\">Autoritetet ende nuk kan\u00eb b\u00ebr\u00eb nj\u00eb deklarat\u00eb p\u00ebr k\u00ebt\u00eb \u00e7\u00ebshtje, shtohen raportet.<\/span><\/p>\n","protected":false,"gt_translate_keys":[{"key":"rendered","format":"html"}]},"excerpt":{"rendered":"<p>Autoritetet holandeze kan\u00eb shtuar masat e siguris\u00eb p\u00ebr kryeministrin e vendit pas shqet\u00ebsimeve t\u00eb agjencive t\u00eb inteligjenc\u00ebs se grupet kriminale mund t\u00eb planifikojn\u00eb t\u00eb rr\u00ebmbejn\u00eb kryeministrin, njoftuan mediat vendase t\u00eb h\u00ebn\u00ebn. Masat e siguris\u00eb q\u00eb mbrojn\u00eb Mark Rutte po zgjerohen me polic\u00eb t\u00eb st\u00ebrvitur posa\u00e7\u00ebrisht nga sh\u00ebrbimi i siguris\u00eb mbret\u00ebrore dhe diplomatike t\u00eb vendit, than\u00eb [&hellip;]<\/p>\n","protected":false,"gt_translate_keys":[{"key":"rendered","format":"html"}]},"author":51,"featured_media":475086,"comment_status":"closed","ping_status":"closed","sticky":false,"template":"","format":"standard","meta":{"footnotes":""},"categories":[6],"tags":[],"class_list":["post-475085","post","type-post","status-publish","format-standard","has-post-thumbnail","hentry","category-nderkombetare"],"gt_translate_keys":[{"key":"link","format":"url"}],"_links":{"self":[{"href":"https:\/\/www.hashtag.al\/index.php\/wp-json\/wp\/v2\/posts\/475085","targetHints":{"allow":["GET"]}}],"collection":[{"href":"https:\/\/www.hashtag.al\/index.php\/wp-json\/wp\/v2\/posts"}],"about":[{"href":"https:\/\/www.hashtag.al\/index.php\/wp-json\/wp\/v2\/types\/post"}],"author":[{"embeddable":true,"href":"https:\/\/www.hashtag.al\/index.php\/wp-json\/wp\/v2\/users\/51"}],"replies":[{"embeddable":true,"href":"https:\/\/www.hashtag.al\/index.php\/wp-json\/wp\/v2\/comments?post=475085"}],"version-history":[{"count":0,"href":"https:\/\/www.hashtag.al\/index.php\/wp-json\/wp\/v2\/posts\/475085\/revisions"}],"wp:featuredmedia":[{"embeddable":true,"href":"https:\/\/www.hashtag.al\/index.php\/wp-json\/wp\/v2\/media\/475086"}],"wp:attachment":[{"href":"https:\/\/www.hashtag.al\/index.php\/wp-json\/wp\/v2\/media?parent=475085"}],"wp:term":[{"taxonomy":"category","embeddable":true,"href":"https:\/\/www.hashtag.al\/index.php\/wp-json\/wp\/v2\/categories?post=475085"},{"taxonomy":"post_tag","embeddable":true,"href":"https:\/\/www.hashtag.al\/index.php\/wp-json\/wp\/v2\/tags?post=475085"}],"curies":[{"name":"wp","href":"https:\/\/api.w.org\/{rel}","templated":true}]}}