{"id":475009,"date":"2021-09-27T15:41:40","date_gmt":"2021-09-27T13:41:40","guid":{"rendered":"https:\/\/www.hashtag.al\/?p=475009"},"modified":"2021-09-27T15:41:40","modified_gmt":"2021-09-27T13:41:40","slug":"akuza-se-mori-para-ne-kembim-te-lejeve-te-legalizimit-denohet-me-1-vit-e-6-muaj-burg-ish-kreu-i-kadastres-se-beratit","status":"publish","type":"post","link":"https:\/\/www.hashtag.al\/index.php\/2021\/09\/27\/akuza-se-mori-para-ne-kembim-te-lejeve-te-legalizimit-denohet-me-1-vit-e-6-muaj-burg-ish-kreu-i-kadastres-se-beratit\/","title":{"rendered":"Akuza se mori para n\u00eb k\u00ebmbim t\u00eb lejeve t\u00eb legalizimit, d\u00ebnohet me 1 vit e 6 muaj burg ish-kreu i Kadastr\u00ebs s\u00eb Beratit","gt_translate_keys":[{"key":"rendered","format":"text"}]},"content":{"rendered":"<p><a href=\"https:\/\/www.hashtag.al\/wp-content\/uploads\/2021\/09\/nelaj.jpg\"><img loading=\"lazy\" decoding=\"async\" class=\"aligncenter size-full wp-image-475010\" src=\"https:\/\/www.hashtag.al\/wp-content\/uploads\/2021\/09\/nelaj.jpg\" alt=\"\" width=\"700\" height=\"396\" srcset=\"https:\/\/www.hashtag.al\/wp-content\/uploads\/2021\/09\/nelaj.jpg 700w, https:\/\/www.hashtag.al\/wp-content\/uploads\/2021\/09\/nelaj-300x170.jpg 300w\" sizes=\"auto, (max-width: 700px) 100vw, 700px\" \/><\/a><\/p>\n<p><span style=\"color: #000000;\">Ish-kreu i Kadastr\u00ebs s\u00eb Beratit, Ervin Nelaj \u00ebsht\u00eb d\u00ebnuar sot me 1 vit e gjasht\u00eb muaj burgim p\u00ebr korrupsion.<\/span><\/p>\n<p><span style=\"color: #000000;\">Vendimi u mor sot nga Gjykata e Posa\u00e7me Kund\u00ebr Korrupsionit dhe Krimit t\u00eb Organizuar.<\/span><\/p>\n<p><span style=\"color: #000000;\">SPAK kishte k\u00ebrkuar p\u00ebr Nelajn 3 vite burg. Ai ishte hetuar p\u00ebr 9 muaj nga SPAK dhe Policia e Beratit, pas dyshimeve se n\u00eb bashk\u00ebpunim me punonj\u00ebs t\u00eb tjer\u00eb n\u00eb Kadast\u00ebr, kan\u00eb marr\u00eb n\u00eb disa raste p\u00ebrfitime monetare t\u00eb parregullta, p\u00ebr legalizimin e objekteve informale dhe regjistrimin e titujve t\u00eb pron\u00ebsis\u00eb.<\/span><\/p>\n<p><span style=\"color: #000000;\">GJKKO ka vendosur gjithashtu d\u00ebnimin me1 vit e 4 muaj p\u00ebr zonj\u00ebn Xhekisa Toto, e cila ishte e pandehur bashk\u00eb me Nelajn.<\/span><\/p>\n","protected":false,"gt_translate_keys":[{"key":"rendered","format":"html"}]},"excerpt":{"rendered":"<p>Ish-kreu i Kadastr\u00ebs s\u00eb Beratit, Ervin Nelaj \u00ebsht\u00eb d\u00ebnuar sot me 1 vit e gjasht\u00eb muaj burgim p\u00ebr korrupsion. Vendimi u mor sot nga Gjykata e Posa\u00e7me Kund\u00ebr Korrupsionit dhe Krimit t\u00eb Organizuar. SPAK kishte k\u00ebrkuar p\u00ebr Nelajn 3 vite burg. Ai ishte hetuar p\u00ebr 9 muaj nga SPAK dhe Policia e Beratit, pas dyshimeve [&hellip;]<\/p>\n","protected":false,"gt_translate_keys":[{"key":"rendered","format":"html"}]},"author":30,"featured_media":475010,"comment_status":"closed","ping_status":"closed","sticky":false,"template":"","format":"standard","meta":{"footnotes":""},"categories":[65,13],"tags":[],"class_list":["post-475009","post","type-post","status-publish","format-standard","has-post-thumbnail","hentry","category-lajme","category-te-fundit"],"gt_translate_keys":[{"key":"link","format":"url"}],"_links":{"self":[{"href":"https:\/\/www.hashtag.al\/index.php\/wp-json\/wp\/v2\/posts\/475009","targetHints":{"allow":["GET"]}}],"collection":[{"href":"https:\/\/www.hashtag.al\/index.php\/wp-json\/wp\/v2\/posts"}],"about":[{"href":"https:\/\/www.hashtag.al\/index.php\/wp-json\/wp\/v2\/types\/post"}],"author":[{"embeddable":true,"href":"https:\/\/www.hashtag.al\/index.php\/wp-json\/wp\/v2\/users\/30"}],"replies":[{"embeddable":true,"href":"https:\/\/www.hashtag.al\/index.php\/wp-json\/wp\/v2\/comments?post=475009"}],"version-history":[{"count":0,"href":"https:\/\/www.hashtag.al\/index.php\/wp-json\/wp\/v2\/posts\/475009\/revisions"}],"wp:featuredmedia":[{"embeddable":true,"href":"https:\/\/www.hashtag.al\/index.php\/wp-json\/wp\/v2\/media\/475010"}],"wp:attachment":[{"href":"https:\/\/www.hashtag.al\/index.php\/wp-json\/wp\/v2\/media?parent=475009"}],"wp:term":[{"taxonomy":"category","embeddable":true,"href":"https:\/\/www.hashtag.al\/index.php\/wp-json\/wp\/v2\/categories?post=475009"},{"taxonomy":"post_tag","embeddable":true,"href":"https:\/\/www.hashtag.al\/index.php\/wp-json\/wp\/v2\/tags?post=475009"}],"curies":[{"name":"wp","href":"https:\/\/api.w.org\/{rel}","templated":true}]}}