{"id":474944,"date":"2021-09-27T12:08:01","date_gmt":"2021-09-27T10:08:01","guid":{"rendered":"https:\/\/www.hashtag.al\/?p=474944"},"modified":"2021-09-27T12:08:09","modified_gmt":"2021-09-27T10:08:09","slug":"ne-takim-nuk-u-permend-fare-ballkani-apo-serbia-rames-si-pelqen-deklarata-e-kurtit-ketu-ka-nje-ngaterrese","status":"publish","type":"post","link":"https:\/\/www.hashtag.al\/index.php\/2021\/09\/27\/ne-takim-nuk-u-permend-fare-ballkani-apo-serbia-rames-si-pelqen-deklarata-e-kurtit-ketu-ka-nje-ngaterrese\/","title":{"rendered":"\u201cN\u00eb takim nuk u p\u00ebrmend fare Ballkani apo Serbia\u201d- Ram\u00ebs s\u2019i p\u00eblqen deklarata e Kurtit: K\u00ebtu ka nj\u00eb ngat\u00ebrres\u00eb","gt_translate_keys":[{"key":"rendered","format":"text"}]},"content":{"rendered":"<p><a href=\"https:\/\/www.hashtag.al\/wp-content\/uploads\/2021\/09\/Rama-Kurti.jpg\"><img loading=\"lazy\" decoding=\"async\" class=\"aligncenter size-full wp-image-474946\" src=\"https:\/\/www.hashtag.al\/wp-content\/uploads\/2021\/09\/Rama-Kurti.jpg\" alt=\"\" width=\"761\" height=\"381\" srcset=\"https:\/\/www.hashtag.al\/wp-content\/uploads\/2021\/09\/Rama-Kurti.jpg 761w, https:\/\/www.hashtag.al\/wp-content\/uploads\/2021\/09\/Rama-Kurti-300x150.jpg 300w, https:\/\/www.hashtag.al\/wp-content\/uploads\/2021\/09\/Rama-Kurti-760x381.jpg 760w\" sizes=\"auto, (max-width: 761px) 100vw, 761px\" \/><\/a><\/p>\n<p><span style=\"color: #000000;\">N\u00eb Konferenc\u00ebn e p\u00ebrbashk\u00ebt t\u00eb kryeministrave t\u00eb Shqip\u00ebris\u00eb e Kosov\u00ebs, Edi Rama dhe Albin Kurti, ky i fundit tha para gazetar\u00ebve se do t\u00eb jap\u00eb nj\u00eb njoftim t\u00eb r\u00ebnd\u00ebsish\u00ebm.<\/span><\/p>\n<p><span style=\"color: #000000;\">Sipas tij, gjat\u00eb takimit me kryeministrin Edi Rama, nuk \u00ebsht\u00eb p\u00ebrmendur fare fjala Ballkan apo Serbi, por vet\u00ebm Kosov\u00eb dhe Shqip\u00ebri.<\/span><\/p>\n<p><span style=\"color: #000000;\"><em>\u201cM\u00eb lejoni q\u00eb n\u00eb fund t\u00eb ndaj me ju nj\u00eb njoftim t\u00eb r\u00ebnd\u00ebsish\u00ebm.<\/em><\/span><\/p>\n<p><span style=\"color: #000000;\"><em>Ky \u00ebsht\u00eb q\u00eb, gjat\u00eb takimit nj\u00eb or\u00eb e gjys\u00ebm q\u00eb kryeministri Rama kishte e ardhur me pothuajse gjysm\u00ebn e K\u00ebshillit t\u00eb Ministrave dhe un\u00eb po thuajse me gjysm\u00ebn e kabinetit qeveris\u00ebs, m\u00eb shum\u00eb kan\u00eb diskutuar ministrat tan\u00eb se sa ne t\u00eb dy. Diskutimi ka qen\u00eb me qasje zhvillimor, p\u00ebr m\u00eb shum\u00eb se 1 or\u00eb e gjys\u00ebm nuk jan\u00eb p\u00ebrmendur as fjala Ballkan, as fjala Serbi, por vet\u00ebm fjala Shqip\u00ebri dhe Kosov\u00eb. Mos t\u00eb krijohet p\u00ebrshtypja se ne kur takohemi flasim vet\u00ebm p\u00ebr politik\u00eb nd\u00ebrkomb\u00ebtare. Kemi aq shum\u00eb pun\u00eb p\u00ebr t\u00eb b\u00ebr\u00eb n\u00eb aspektin e financave, ekonomis\u00eb dhe financave, tregtis\u00eb, infrastruktur\u00ebs dhe k\u00ebshtu me radh\u00eb<\/em>.\u201d- u shpreh kryeministri Kurti.<\/span><\/p>\n<p><span style=\"color: #000000;\">Pas k\u00ebtyre fjal\u00ebve, nd\u00ebrhyri kryeministri Rama duke e korrigjuar Kurtin. Ai u shpreh me humor se kjo gj\u00eb mund t\u00eb keqkuptohet n\u00eb mediadhe \u00a0mund t\u00eb thuhet se dy kryeministrat nuk flasin me nj\u00ebri tjetrin, e prandaj kan\u00eb folur vet\u00ebm ministrat.<\/span><\/p>\n<p><span style=\"color: #000000;\"><em>\u201cK\u00ebtu ka nj\u00eb ngat\u00ebrres\u00eb se k\u00ebta do thon\u00eb se k\u00ebta nuk paskan fol me nj\u00ebri tjetrin, kan\u00eb folur vet\u00ebm ministrat se k\u00ebta nuk flasin me nj\u00ebri tjetrin. Por n\u00eb fakt flasim shum\u00eb m\u00eb tep\u00ebr.\u201d-<\/em> deklaroi Rama.<\/span><\/p>\n","protected":false,"gt_translate_keys":[{"key":"rendered","format":"html"}]},"excerpt":{"rendered":"<p>N\u00eb Konferenc\u00ebn e p\u00ebrbashk\u00ebt t\u00eb kryeministrave t\u00eb Shqip\u00ebris\u00eb e Kosov\u00ebs, Edi Rama dhe Albin Kurti, ky i fundit tha para gazetar\u00ebve se do t\u00eb jap\u00eb nj\u00eb njoftim t\u00eb r\u00ebnd\u00ebsish\u00ebm. Sipas tij, gjat\u00eb takimit me kryeministrin Edi Rama, nuk \u00ebsht\u00eb p\u00ebrmendur fare fjala Ballkan apo Serbi, por vet\u00ebm Kosov\u00eb dhe Shqip\u00ebri. \u201cM\u00eb lejoni q\u00eb n\u00eb fund [&hellip;]<\/p>\n","protected":false,"gt_translate_keys":[{"key":"rendered","format":"html"}]},"author":30,"featured_media":474946,"comment_status":"closed","ping_status":"closed","sticky":false,"template":"","format":"standard","meta":{"footnotes":""},"categories":[149,65,13],"tags":[],"class_list":["post-474944","post","type-post","status-publish","format-standard","has-post-thumbnail","hentry","category-kosoverajon","category-lajme","category-te-fundit"],"gt_translate_keys":[{"key":"link","format":"url"}],"_links":{"self":[{"href":"https:\/\/www.hashtag.al\/index.php\/wp-json\/wp\/v2\/posts\/474944","targetHints":{"allow":["GET"]}}],"collection":[{"href":"https:\/\/www.hashtag.al\/index.php\/wp-json\/wp\/v2\/posts"}],"about":[{"href":"https:\/\/www.hashtag.al\/index.php\/wp-json\/wp\/v2\/types\/post"}],"author":[{"embeddable":true,"href":"https:\/\/www.hashtag.al\/index.php\/wp-json\/wp\/v2\/users\/30"}],"replies":[{"embeddable":true,"href":"https:\/\/www.hashtag.al\/index.php\/wp-json\/wp\/v2\/comments?post=474944"}],"version-history":[{"count":0,"href":"https:\/\/www.hashtag.al\/index.php\/wp-json\/wp\/v2\/posts\/474944\/revisions"}],"wp:featuredmedia":[{"embeddable":true,"href":"https:\/\/www.hashtag.al\/index.php\/wp-json\/wp\/v2\/media\/474946"}],"wp:attachment":[{"href":"https:\/\/www.hashtag.al\/index.php\/wp-json\/wp\/v2\/media?parent=474944"}],"wp:term":[{"taxonomy":"category","embeddable":true,"href":"https:\/\/www.hashtag.al\/index.php\/wp-json\/wp\/v2\/categories?post=474944"},{"taxonomy":"post_tag","embeddable":true,"href":"https:\/\/www.hashtag.al\/index.php\/wp-json\/wp\/v2\/tags?post=474944"}],"curies":[{"name":"wp","href":"https:\/\/api.w.org\/{rel}","templated":true}]}}