{"id":474883,"date":"2021-09-26T23:10:24","date_gmt":"2021-09-26T21:10:24","guid":{"rendered":"https:\/\/www.hashtag.al\/?p=474883"},"modified":"2021-09-26T23:11:14","modified_gmt":"2021-09-26T21:11:14","slug":"ende-pa-perfunduar-numerimi-taulant-balla-nxiton-te-uroj-spd-ne-per-fitoren-ne-gjermani","status":"publish","type":"post","link":"https:\/\/www.hashtag.al\/index.php\/2021\/09\/26\/ende-pa-perfunduar-numerimi-taulant-balla-nxiton-te-uroj-spd-ne-per-fitoren-ne-gjermani\/","title":{"rendered":"Ende pa p\u00ebrfunduar num\u00ebrimi, Taulant Balla nxiton t\u00eb uroj\u00eb SPD-n\u00eb p\u00ebr fitoren n\u00eb Gjermani","gt_translate_keys":[{"key":"rendered","format":"text"}]},"content":{"rendered":"<p><span style=\"color: #000000;\"><img loading=\"lazy\" decoding=\"async\" class=\"aligncenter size-full wp-image-474885\" src=\"https:\/\/www.hashtag.al\/wp-content\/uploads\/2021\/09\/balla-3.jpg\" alt=\"\" width=\"1280\" height=\"853\" srcset=\"https:\/\/www.hashtag.al\/wp-content\/uploads\/2021\/09\/balla-3.jpg 1280w, https:\/\/www.hashtag.al\/wp-content\/uploads\/2021\/09\/balla-3-300x200.jpg 300w, https:\/\/www.hashtag.al\/wp-content\/uploads\/2021\/09\/balla-3-768x512.jpg 768w, https:\/\/www.hashtag.al\/wp-content\/uploads\/2021\/09\/balla-3-1024x682.jpg 1024w\" sizes=\"auto, (max-width: 1280px) 100vw, 1280px\" \/><\/span><\/p>\n<p><span style=\"color: #000000;\">Kreu i grupit parlamentar t\u00eb PS-s\u00eb, Taulant Balla, ka nxituar t\u00eb uroj\u00eb kreun e SPD-s\u00eb gjermane e kandidatin p\u00ebr kancelar Olaf Scholz n\u00eb zgjedhjet e sotme.<\/span><\/p>\n<p><span style=\"color: #000000;\"> Nd\u00ebrsa num\u00ebrimi nuk ka p\u00ebrfunduar ende dhe rezultatet bazohen n\u00eb pjes\u00ebn m\u00eb t\u00eb madhe mbi exit poll-et, Balla shkruan se gjerman\u00ebt zgjodh\u00ebn SPD-n\u00eb e kandidatin e saj Scholz me pgoramin e tij p\u00ebr vendin si zgjedhjen e par\u00eb.<\/span><\/p>\n<p><span style=\"color: #000000;\"><em>\u201cUrime Olaf Scholz dhe Partis\u00eb Socialdemokrate gjermane p\u00ebr rezultatin n\u00eb zgjedhjet e sotme federale. Kandidati i SPD p\u00ebr kancelar Olaf Scholz dhe programi elektoral \u201cPrej respektit p\u00ebr t\u00eb ardhmen tuaj\u201d mor\u00ebn besimin si zgjedhja e par\u00eb e votuesve gjerman\u00eb.\u201d<\/em> &#8211; shkruan Balla n\u00eb Facebook.<\/span><\/p>\n<p><span style=\"color: #000000;\">Deri tani nga sondazhet e mediave gjermane, CDU e SPD jan\u00eb kok\u00eb m\u00eb kok\u00eb me SPD-n\u00eb q\u00eb \u00ebsht\u00eb leht\u00ebsisht p\u00ebrpara. Kreu i CDU-s\u00eb ka th\u00ebn\u00eb m\u00eb her\u00ebt se deri n\u00eb fund t\u00eb num\u00ebrimit do jet\u00eb nj\u00eb nat\u00eb e gjat\u00eb zgjedhore.<\/span><\/p>\n<p><img loading=\"lazy\" decoding=\"async\" class=\"aligncenter size-full wp-image-474884\" src=\"https:\/\/www.hashtag.al\/wp-content\/uploads\/2021\/09\/balla-1.jpg\" alt=\"\" width=\"697\" height=\"621\" srcset=\"https:\/\/www.hashtag.al\/wp-content\/uploads\/2021\/09\/balla-1.jpg 697w, https:\/\/www.hashtag.al\/wp-content\/uploads\/2021\/09\/balla-1-300x267.jpg 300w\" sizes=\"auto, (max-width: 697px) 100vw, 697px\" \/><\/p>\n","protected":false,"gt_translate_keys":[{"key":"rendered","format":"html"}]},"excerpt":{"rendered":"<p>Kreu i grupit parlamentar t\u00eb PS-s\u00eb, Taulant Balla, ka nxituar t\u00eb uroj\u00eb kreun e SPD-s\u00eb gjermane e kandidatin p\u00ebr kancelar Olaf Scholz n\u00eb zgjedhjet e sotme. Nd\u00ebrsa num\u00ebrimi nuk ka p\u00ebrfunduar ende dhe rezultatet bazohen n\u00eb pjes\u00ebn m\u00eb t\u00eb madhe mbi exit poll-et, Balla shkruan se gjerman\u00ebt zgjodh\u00ebn SPD-n\u00eb e kandidatin e saj Scholz me [&hellip;]<\/p>\n","protected":false,"gt_translate_keys":[{"key":"rendered","format":"html"}]},"author":51,"featured_media":474885,"comment_status":"closed","ping_status":"closed","sticky":false,"template":"","format":"standard","meta":{"footnotes":""},"categories":[65,13],"tags":[],"class_list":["post-474883","post","type-post","status-publish","format-standard","has-post-thumbnail","hentry","category-lajme","category-te-fundit"],"gt_translate_keys":[{"key":"link","format":"url"}],"_links":{"self":[{"href":"https:\/\/www.hashtag.al\/index.php\/wp-json\/wp\/v2\/posts\/474883","targetHints":{"allow":["GET"]}}],"collection":[{"href":"https:\/\/www.hashtag.al\/index.php\/wp-json\/wp\/v2\/posts"}],"about":[{"href":"https:\/\/www.hashtag.al\/index.php\/wp-json\/wp\/v2\/types\/post"}],"author":[{"embeddable":true,"href":"https:\/\/www.hashtag.al\/index.php\/wp-json\/wp\/v2\/users\/51"}],"replies":[{"embeddable":true,"href":"https:\/\/www.hashtag.al\/index.php\/wp-json\/wp\/v2\/comments?post=474883"}],"version-history":[{"count":0,"href":"https:\/\/www.hashtag.al\/index.php\/wp-json\/wp\/v2\/posts\/474883\/revisions"}],"wp:featuredmedia":[{"embeddable":true,"href":"https:\/\/www.hashtag.al\/index.php\/wp-json\/wp\/v2\/media\/474885"}],"wp:attachment":[{"href":"https:\/\/www.hashtag.al\/index.php\/wp-json\/wp\/v2\/media?parent=474883"}],"wp:term":[{"taxonomy":"category","embeddable":true,"href":"https:\/\/www.hashtag.al\/index.php\/wp-json\/wp\/v2\/categories?post=474883"},{"taxonomy":"post_tag","embeddable":true,"href":"https:\/\/www.hashtag.al\/index.php\/wp-json\/wp\/v2\/tags?post=474883"}],"curies":[{"name":"wp","href":"https:\/\/api.w.org\/{rel}","templated":true}]}}