{"id":474711,"date":"2021-09-25T23:06:25","date_gmt":"2021-09-25T21:06:25","guid":{"rendered":"https:\/\/www.hashtag.al\/?p=474711"},"modified":"2021-09-25T23:10:23","modified_gmt":"2021-09-25T21:10:23","slug":"kurti-nxjerr-fotot-e-profilet-persona-me-vperitari-kriminale-e-pikepamje-ekstremiste-po-organizojne-bllokimin-e-rrugeve","status":"publish","type":"post","link":"https:\/\/www.hashtag.al\/index.php\/2021\/09\/25\/kurti-nxjerr-fotot-e-profilet-persona-me-vperitari-kriminale-e-pikepamje-ekstremiste-po-organizojne-bllokimin-e-rrugeve\/","title":{"rendered":"Kurti nxjerr fotot e profilet: Persona me veprimtari kriminale e pik\u00ebpamje ekstremiste po organizojn\u00eb bllokimin e rrug\u00ebve","gt_translate_keys":[{"key":"rendered","format":"text"}]},"content":{"rendered":"<p><span style=\"color: #000000;\"><img loading=\"lazy\" decoding=\"async\" class=\"aligncenter size-full wp-image-474712\" src=\"https:\/\/www.hashtag.al\/wp-content\/uploads\/2021\/09\/alinkurti.jpg\" alt=\"\" width=\"1600\" height=\"1200\" srcset=\"https:\/\/www.hashtag.al\/wp-content\/uploads\/2021\/09\/alinkurti.jpg 1600w, https:\/\/www.hashtag.al\/wp-content\/uploads\/2021\/09\/alinkurti-300x225.jpg 300w, https:\/\/www.hashtag.al\/wp-content\/uploads\/2021\/09\/alinkurti-768x576.jpg 768w, https:\/\/www.hashtag.al\/wp-content\/uploads\/2021\/09\/alinkurti-1024x768.jpg 1024w\" sizes=\"auto, (max-width: 1600px) 100vw, 1600px\" \/><\/span><\/p>\n<p><span style=\"color: #000000;\">Kryeministri i Kosov\u00ebs, Albin Kurti, ka deklaruar mbr\u00ebmjen e sotme se bllokimet e rrug\u00ebve q\u00eb \u00e7ojn\u00eb n\u00eb pikat kufitare n\u00eb Jarinj\u00eb e B\u00ebrnjak marrin pjes\u00eb individ\u00eb me veprimtari kriminale e pik\u00ebpamje ekstremiste. <\/span><\/p>\n<p><span style=\"color: #000000;\">Ai ka b\u00ebr\u00eb profilet e dy pej tyre, t\u00eb cil\u00ebt i ka postuar n\u00eb Facebook bashk\u00eb me fotot respektive. <\/span><\/p>\n<p><span style=\"color: #000000;\">Sipas p\u00ebrshkrimit t\u00eb kryeministrit t\u00eb Kosov\u00ebs b\u00ebhet fjal\u00eb p\u00ebr nj\u00eb Vladislav Dajkovic me shtet\u00ebsi t\u00eb dyfisht\u00eb, malazeze e serbe si dhe Igor Braunovic nj\u00eb gjeneral n\u00eb pension.<\/span><\/p>\n<p><span style=\"color: #000000;\"><em>\u201cN\u00eb bllokimet e rrug\u00ebve magjistrale q\u00eb shpiejn\u00eb n\u00eb drejtim t\u00eb vendkalimeve kufitare Jarinje dhe B\u00ebrnjak po marrin pjes\u00eb individ\u00eb t\u00eb d\u00ebshmuar me veprimtari kriminale e pik\u00ebpamje ekstremiste. N\u00eb vijim jan\u00eb dh\u00ebn\u00eb p\u00ebrshkrimet dhe fotografit\u00eb e dy prej tyre.<\/em><\/span><\/p>\n<p><span style=\"color: #000000;\"><em>&#8220;1. Vladislav Dajkovi\u0107, shtetas malazez, me dat\u00eb 22 shtator 2021, ka hyr\u00eb n\u00eb Kosov\u00eb p\u00ebrmes pik\u00ebs kufitare n\u00eb Jarinje ku edhe i \u00ebsht\u00eb bashkuar protestuesve. Ai ka edhe n\u00ebnshtet\u00ebsi t\u00eb Serbis\u00eb dhe \u00ebsht\u00eb i lindur m\u00eb 13 janar 1992. Njihet p\u00ebr bot\u00ebkuptimet proserbe e proruse dhe ka marr\u00eb pjes\u00eb n\u00eb t\u00eb gjitha organizimet kund\u00ebr orientimit per\u00ebndimor n\u00eb Mal t\u00eb Zi. Ai ka lidhje t\u00eb ngushta me agjentin propagandues serb, Boris Malagurski, si dhe me propaganduesin francez prorus, Arnaud Gouillon. Dajkovi\u0107, \u00ebsht\u00eb edhe an\u00ebtar i L\u00ebvizjes Imperialiste Ruse (me flamurin e s\u00eb cil\u00ebs shihet n\u00eb foto), q\u00eb \u00ebsht\u00eb shpallur organizat\u00eb terroriste nga ShBA-t\u00eb&#8221;, ka shkruar Kurti.<\/em><\/span><\/p>\n<p><span style=\"color: #000000;\"><em>&#8220;2. Igor Braunovi\u0107, drejtor i p\u00ebrgjithsh\u00ebm i \u201cSrbija\u0161ume\u201d, lavd\u00ebrohet publikisht nga z\u00ebvend\u00ebsi i tij Bratislav Diki\u0107 p\u00ebr pjes\u00ebmarrje n\u00eb bllokad\u00ebn n\u00eb Jarinje. Diki\u0107 \u00ebsht\u00eb gjeneral n\u00eb pension e dikur ishte kreu i xhandarmeris\u00eb serbe q\u00eb ka qen\u00eb i arrestuar si i p\u00ebrfshir\u00eb n\u00eb tentimin p\u00ebr grusht shtet n\u00eb Mal t\u00eb Zi n\u00eb vitin 2016. Diki\u0107 \u00ebsht\u00eb i af\u00ebrt me kryetarin e Kuvendit t\u00eb Serbis\u00eb, Ivica Da\u010di\u0107. P\u00ebr m\u00eb tep\u00ebr, Diki\u0107 ka qen\u00eb i involvuar n\u00eb thyerjen e kutive t\u00eb votimit n\u00eb komun\u00ebn veriore t\u00eb Mitrovic\u00ebs n\u00eb zgjedhjet lokale 2013, si dhe n\u00eb heqjen e p\u00ebrmendores s\u00eb U\u00c7PMB-s\u00eb n\u00eb Preshev\u00eb po ashtu n\u00eb vitin 2013. S\u00eb fundmi, pushteti e ka shp\u00ebrblyer at\u00eb me pozit\u00ebn e ndihm\u00ebs drejtorit t\u00eb nd\u00ebrmarrjes publike \u201cSrbija\u0161ume\u201d. Pra, ai ka dal\u00eb hapur n\u00eb rrjetet sociale n\u00eb p\u00ebrkrahje t\u00eb barrikadave dhe si p\u00ebrfaq\u00ebsues n\u00eb k\u00ebto barrikada e ka d\u00ebrguar me dat\u00eb 22 shtator 2021 pik\u00ebrisht Igor Braunovi\u0107, drejtorin e p\u00ebrgjithsh\u00ebm t\u00eb NP \u201cSrbija\u0161ume\u201d. Ai nuk ka ardhur vet personalisht n\u00eb barrikada meq\u00eb \u00ebsht\u00eb figur\u00eb e komprometuar si element rus gjat\u00eb tentimit p\u00ebr grusht shtet n\u00eb Mal t\u00eb Zi.&#8221;<\/em><\/span><\/p>\n<p><img loading=\"lazy\" decoding=\"async\" class=\"aligncenter size-full wp-image-474713\" src=\"https:\/\/www.hashtag.al\/wp-content\/uploads\/2021\/09\/242821919_1218937225272826_2058490503536484193_n.jpg\" alt=\"\" width=\"576\" height=\"1024\" srcset=\"https:\/\/www.hashtag.al\/wp-content\/uploads\/2021\/09\/242821919_1218937225272826_2058490503536484193_n.jpg 576w, https:\/\/www.hashtag.al\/wp-content\/uploads\/2021\/09\/242821919_1218937225272826_2058490503536484193_n-169x300.jpg 169w\" sizes=\"auto, (max-width: 576px) 100vw, 576px\" \/><img loading=\"lazy\" decoding=\"async\" class=\"aligncenter size-full wp-image-474714\" src=\"https:\/\/www.hashtag.al\/wp-content\/uploads\/2021\/09\/243148111_1218937288606153_1601456401324754888_n.jpg\" alt=\"\" width=\"778\" height=\"1600\" srcset=\"https:\/\/www.hashtag.al\/wp-content\/uploads\/2021\/09\/243148111_1218937288606153_1601456401324754888_n.jpg 778w, https:\/\/www.hashtag.al\/wp-content\/uploads\/2021\/09\/243148111_1218937288606153_1601456401324754888_n-146x300.jpg 146w, https:\/\/www.hashtag.al\/wp-content\/uploads\/2021\/09\/243148111_1218937288606153_1601456401324754888_n-768x1579.jpg 768w, https:\/\/www.hashtag.al\/wp-content\/uploads\/2021\/09\/243148111_1218937288606153_1601456401324754888_n-498x1024.jpg 498w\" sizes=\"auto, (max-width: 778px) 100vw, 778px\" \/><img loading=\"lazy\" decoding=\"async\" class=\"aligncenter size-full wp-image-474715\" src=\"https:\/\/www.hashtag.al\/wp-content\/uploads\/2021\/09\/242819902_1218937451939470_5780353033255551638_n.jpg\" alt=\"\" width=\"778\" height=\"1600\" srcset=\"https:\/\/www.hashtag.al\/wp-content\/uploads\/2021\/09\/242819902_1218937451939470_5780353033255551638_n.jpg 778w, https:\/\/www.hashtag.al\/wp-content\/uploads\/2021\/09\/242819902_1218937451939470_5780353033255551638_n-146x300.jpg 146w, https:\/\/www.hashtag.al\/wp-content\/uploads\/2021\/09\/242819902_1218937451939470_5780353033255551638_n-768x1579.jpg 768w, https:\/\/www.hashtag.al\/wp-content\/uploads\/2021\/09\/242819902_1218937451939470_5780353033255551638_n-498x1024.jpg 498w\" sizes=\"auto, (max-width: 778px) 100vw, 778px\" \/><img loading=\"lazy\" decoding=\"async\" class=\"aligncenter size-full wp-image-474716\" src=\"https:\/\/www.hashtag.al\/wp-content\/uploads\/2021\/09\/242885100_1218937395272809_2360861428118744283_n.jpg\" alt=\"\" width=\"1600\" height=\"1200\" srcset=\"https:\/\/www.hashtag.al\/wp-content\/uploads\/2021\/09\/242885100_1218937395272809_2360861428118744283_n.jpg 1600w, https:\/\/www.hashtag.al\/wp-content\/uploads\/2021\/09\/242885100_1218937395272809_2360861428118744283_n-300x225.jpg 300w, https:\/\/www.hashtag.al\/wp-content\/uploads\/2021\/09\/242885100_1218937395272809_2360861428118744283_n-768x576.jpg 768w, https:\/\/www.hashtag.al\/wp-content\/uploads\/2021\/09\/242885100_1218937395272809_2360861428118744283_n-1024x768.jpg 1024w\" sizes=\"auto, (max-width: 1600px) 100vw, 1600px\" \/><img loading=\"lazy\" decoding=\"async\" class=\"aligncenter size-full wp-image-474717\" src=\"https:\/\/www.hashtag.al\/wp-content\/uploads\/2021\/09\/242826492_1218937305272818_1651032904509864352_n.jpg\" alt=\"\" width=\"958\" height=\"1280\" srcset=\"https:\/\/www.hashtag.al\/wp-content\/uploads\/2021\/09\/242826492_1218937305272818_1651032904509864352_n.jpg 958w, https:\/\/www.hashtag.al\/wp-content\/uploads\/2021\/09\/242826492_1218937305272818_1651032904509864352_n-225x300.jpg 225w, https:\/\/www.hashtag.al\/wp-content\/uploads\/2021\/09\/242826492_1218937305272818_1651032904509864352_n-768x1026.jpg 768w, https:\/\/www.hashtag.al\/wp-content\/uploads\/2021\/09\/242826492_1218937305272818_1651032904509864352_n-766x1024.jpg 766w\" sizes=\"auto, (max-width: 958px) 100vw, 958px\" \/><img loading=\"lazy\" decoding=\"async\" class=\"aligncenter size-full wp-image-474718\" src=\"https:\/\/www.hashtag.al\/wp-content\/uploads\/2021\/09\/243040959_1218937361939479_3109933508489123786_n.jpg\" alt=\"\" width=\"1280\" height=\"958\" srcset=\"https:\/\/www.hashtag.al\/wp-content\/uploads\/2021\/09\/243040959_1218937361939479_3109933508489123786_n.jpg 1280w, https:\/\/www.hashtag.al\/wp-content\/uploads\/2021\/09\/243040959_1218937361939479_3109933508489123786_n-300x225.jpg 300w, https:\/\/www.hashtag.al\/wp-content\/uploads\/2021\/09\/243040959_1218937361939479_3109933508489123786_n-768x575.jpg 768w, https:\/\/www.hashtag.al\/wp-content\/uploads\/2021\/09\/243040959_1218937361939479_3109933508489123786_n-1024x766.jpg 1024w\" sizes=\"auto, (max-width: 1280px) 100vw, 1280px\" \/><img loading=\"lazy\" decoding=\"async\" class=\"aligncenter size-full wp-image-474719\" src=\"https:\/\/www.hashtag.al\/wp-content\/uploads\/2021\/09\/242792189_1218937548606127_5273281264498928078_n.jpg\" alt=\"\" width=\"1600\" height=\"1200\" srcset=\"https:\/\/www.hashtag.al\/wp-content\/uploads\/2021\/09\/242792189_1218937548606127_5273281264498928078_n.jpg 1600w, https:\/\/www.hashtag.al\/wp-content\/uploads\/2021\/09\/242792189_1218937548606127_5273281264498928078_n-300x225.jpg 300w, https:\/\/www.hashtag.al\/wp-content\/uploads\/2021\/09\/242792189_1218937548606127_5273281264498928078_n-768x576.jpg 768w, https:\/\/www.hashtag.al\/wp-content\/uploads\/2021\/09\/242792189_1218937548606127_5273281264498928078_n-1024x768.jpg 1024w\" sizes=\"auto, (max-width: 1600px) 100vw, 1600px\" \/><img loading=\"lazy\" decoding=\"async\" class=\"aligncenter size-full wp-image-474720\" src=\"https:\/\/www.hashtag.al\/wp-content\/uploads\/2021\/09\/243045357_1218937561939459_4029605039376979480_n.jpg\" alt=\"\" width=\"739\" height=\"1600\" srcset=\"https:\/\/www.hashtag.al\/wp-content\/uploads\/2021\/09\/243045357_1218937561939459_4029605039376979480_n.jpg 739w, https:\/\/www.hashtag.al\/wp-content\/uploads\/2021\/09\/243045357_1218937561939459_4029605039376979480_n-139x300.jpg 139w, https:\/\/www.hashtag.al\/wp-content\/uploads\/2021\/09\/243045357_1218937561939459_4029605039376979480_n-473x1024.jpg 473w\" sizes=\"auto, (max-width: 739px) 100vw, 739px\" \/><img loading=\"lazy\" decoding=\"async\" class=\"aligncenter size-full wp-image-474721\" src=\"https:\/\/www.hashtag.al\/wp-content\/uploads\/2021\/09\/243008002_1218937428606139_3771987562700632355_n.jpg\" alt=\"\" width=\"739\" height=\"1600\" srcset=\"https:\/\/www.hashtag.al\/wp-content\/uploads\/2021\/09\/243008002_1218937428606139_3771987562700632355_n.jpg 739w, https:\/\/www.hashtag.al\/wp-content\/uploads\/2021\/09\/243008002_1218937428606139_3771987562700632355_n-139x300.jpg 139w, https:\/\/www.hashtag.al\/wp-content\/uploads\/2021\/09\/243008002_1218937428606139_3771987562700632355_n-473x1024.jpg 473w\" sizes=\"auto, (max-width: 739px) 100vw, 739px\" \/><img loading=\"lazy\" decoding=\"async\" class=\"aligncenter size-full wp-image-474722\" src=\"https:\/\/www.hashtag.al\/wp-content\/uploads\/2021\/09\/242792189_1218937485272800_6034522471572622363_n.jpg\" alt=\"\" width=\"576\" height=\"1024\" srcset=\"https:\/\/www.hashtag.al\/wp-content\/uploads\/2021\/09\/242792189_1218937485272800_6034522471572622363_n.jpg 576w, https:\/\/www.hashtag.al\/wp-content\/uploads\/2021\/09\/242792189_1218937485272800_6034522471572622363_n-169x300.jpg 169w\" sizes=\"auto, (max-width: 576px) 100vw, 576px\" \/><\/p>\n","protected":false,"gt_translate_keys":[{"key":"rendered","format":"html"}]},"excerpt":{"rendered":"<p>Kryeministri i Kosov\u00ebs, Albin Kurti, ka deklaruar mbr\u00ebmjen e sotme se bllokimet e rrug\u00ebve q\u00eb \u00e7ojn\u00eb n\u00eb pikat kufitare n\u00eb Jarinj\u00eb e B\u00ebrnjak marrin pjes\u00eb individ\u00eb me veprimtari kriminale e pik\u00ebpamje ekstremiste. Ai ka b\u00ebr\u00eb profilet e dy pej tyre, t\u00eb cil\u00ebt i ka postuar n\u00eb Facebook bashk\u00eb me fotot respektive. Sipas p\u00ebrshkrimit t\u00eb kryeministrit [&hellip;]<\/p>\n","protected":false,"gt_translate_keys":[{"key":"rendered","format":"html"}]},"author":51,"featured_media":474712,"comment_status":"closed","ping_status":"closed","sticky":false,"template":"","format":"standard","meta":{"footnotes":""},"categories":[149],"tags":[],"class_list":["post-474711","post","type-post","status-publish","format-standard","has-post-thumbnail","hentry","category-kosoverajon"],"gt_translate_keys":[{"key":"link","format":"url"}],"_links":{"self":[{"href":"https:\/\/www.hashtag.al\/index.php\/wp-json\/wp\/v2\/posts\/474711","targetHints":{"allow":["GET"]}}],"collection":[{"href":"https:\/\/www.hashtag.al\/index.php\/wp-json\/wp\/v2\/posts"}],"about":[{"href":"https:\/\/www.hashtag.al\/index.php\/wp-json\/wp\/v2\/types\/post"}],"author":[{"embeddable":true,"href":"https:\/\/www.hashtag.al\/index.php\/wp-json\/wp\/v2\/users\/51"}],"replies":[{"embeddable":true,"href":"https:\/\/www.hashtag.al\/index.php\/wp-json\/wp\/v2\/comments?post=474711"}],"version-history":[{"count":0,"href":"https:\/\/www.hashtag.al\/index.php\/wp-json\/wp\/v2\/posts\/474711\/revisions"}],"wp:featuredmedia":[{"embeddable":true,"href":"https:\/\/www.hashtag.al\/index.php\/wp-json\/wp\/v2\/media\/474712"}],"wp:attachment":[{"href":"https:\/\/www.hashtag.al\/index.php\/wp-json\/wp\/v2\/media?parent=474711"}],"wp:term":[{"taxonomy":"category","embeddable":true,"href":"https:\/\/www.hashtag.al\/index.php\/wp-json\/wp\/v2\/categories?post=474711"},{"taxonomy":"post_tag","embeddable":true,"href":"https:\/\/www.hashtag.al\/index.php\/wp-json\/wp\/v2\/tags?post=474711"}],"curies":[{"name":"wp","href":"https:\/\/api.w.org\/{rel}","templated":true}]}}