{"id":474679,"date":"2021-09-25T21:33:16","date_gmt":"2021-09-25T19:33:16","guid":{"rendered":"https:\/\/www.hashtag.al\/?p=474679"},"modified":"2021-09-25T21:33:16","modified_gmt":"2021-09-25T19:33:16","slug":"u-fotografua-ne-kafe-me-kim-ne-tirane-kokalari-tregon-cfare-bisedoi-me-ambasadoren","status":"publish","type":"post","link":"https:\/\/www.hashtag.al\/index.php\/2021\/09\/25\/u-fotografua-ne-kafe-me-kim-ne-tirane-kokalari-tregon-cfare-bisedoi-me-ambasadoren\/","title":{"rendered":"U fotografua n\u00eb kafe me Kim n\u00eb Tiran\u00eb, Kokalari tregon \u00e7far\u00eb bisedoi me ambasadoren","gt_translate_keys":[{"key":"rendered","format":"text"}]},"content":{"rendered":"<p><span style=\"color: #000000;\"><img loading=\"lazy\" decoding=\"async\" class=\"aligncenter size-full wp-image-474680\" src=\"https:\/\/www.hashtag.al\/wp-content\/uploads\/2021\/09\/kokalarikim.jpg\" alt=\"\" width=\"778\" height=\"766\" srcset=\"https:\/\/www.hashtag.al\/wp-content\/uploads\/2021\/09\/kokalarikim.jpg 778w, https:\/\/www.hashtag.al\/wp-content\/uploads\/2021\/09\/kokalarikim-300x295.jpg 300w, https:\/\/www.hashtag.al\/wp-content\/uploads\/2021\/09\/kokalarikim-768x756.jpg 768w, https:\/\/www.hashtag.al\/wp-content\/uploads\/2021\/09\/kokalarikim-80x80.jpg 80w\" sizes=\"auto, (max-width: 778px) 100vw, 778px\" \/><\/span><\/p>\n<p><span style=\"color: #000000;\">Shqiptaro-amerikania Evi Kokalari, q\u00eb u pa pasditen e sotme n\u00eb krah t\u00eb ish-kryeministrit Berisha n\u00eb takimin e tij n\u00eb Vlor\u00eb, ka dh\u00ebn\u00eb holl\u00ebsi mbi takimin e saj me ambasadoren amerikane n\u00eb Tiran\u00eb Yuri Kim, paraditen e sotme.<\/span><\/p>\n<p><span style=\"color: #000000;\"> N\u00eb nj\u00eb deklarat\u00eb p\u00ebr Syri TV, Kokalari tha se e njeh Kim para ardhjes n\u00eb Tiran\u00eb dhe se e konsideron mikesh\u00eb. <\/span><\/p>\n<p><span style=\"color: #000000;\">Ajo shtoi se me ambasadoren ka diskutuar p\u00ebr zhvillimet politike n\u00eb Tiran\u00eb e SHBA.<\/span><\/p>\n<p><span style=\"color: #000000;\"><em>\u201cE para, m\u00eb b\u00ebri p\u00ebrshtypje sa shpejt gazetar\u00ebt marrin informacione p\u00ebr gj\u00ebra t\u00eb tilla, me t\u00eb th\u00ebn\u00eb t\u00eb v\u00ebrtet\u00ebn. S\u00eb dyti, un\u00eb e njoh ambasadoren Kim p\u00ebrpara se t\u00eb vinte n\u00eb Shqip\u00ebri n\u00eb 2020-\u00ebn dhe e konsideroj mikesh\u00eb. Ne fol\u00ebm si mikesha, diskutuam shum\u00eb gj\u00ebra si\u00e7 jan\u00eb ngjarjet n\u00eb Shqip\u00ebri, gj\u00ebrat q\u00eb po ndodhin n\u00eb PD, por edhe ngjarjet n\u00eb Amerik\u00eb. Un\u00eb jam individ q\u00eb besoj n\u00eb miq\u00ebsi, n\u00eb shoq\u00ebrit\u00eb e mira me njer\u00ebzit dhe n\u00eb dialogun. Dialogu \u00ebsht\u00eb shum\u00eb i r\u00ebnd\u00ebsish\u00ebm edhe n\u00ebse je n\u00eb dy an\u00eb t\u00eb kund\u00ebrta, ku ne nuk jemi, e di q\u00eb ka shum\u00eb kritika ndaj saj, por p\u00ebr mir\u00eb apo p\u00ebr keq un\u00eb e konsideroj mikesh\u00eb dhe do ta mbaj mikesh\u00eb derisa t\u00eb m\u00eb tregoj\u00eb q\u00eb mund t\u00eb mos jet\u00eb personi q\u00eb un\u00eb njoh. Por un\u00eb respektin e mbaj. Un\u00eb jam amerikane dhe ajo \u00ebsht\u00eb ambasadorja ime n\u00eb Shqip\u00ebri. K\u00ebshtu q\u00eb, ishte nj\u00eb takim miq\u00ebsor dhe shum\u00eb i mir\u00eb, kam iden\u00eb\u201d<\/em>, theksoi Kokalari.<\/span><\/p>\n","protected":false,"gt_translate_keys":[{"key":"rendered","format":"html"}]},"excerpt":{"rendered":"<p>Shqiptaro-amerikania Evi Kokalari, q\u00eb u pa pasditen e sotme n\u00eb krah t\u00eb ish-kryeministrit Berisha n\u00eb takimin e tij n\u00eb Vlor\u00eb, ka dh\u00ebn\u00eb holl\u00ebsi mbi takimin e saj me ambasadoren amerikane n\u00eb Tiran\u00eb Yuri Kim, paraditen e sotme. N\u00eb nj\u00eb deklarat\u00eb p\u00ebr Syri TV, Kokalari tha se e njeh Kim para ardhjes n\u00eb Tiran\u00eb dhe se [&hellip;]<\/p>\n","protected":false,"gt_translate_keys":[{"key":"rendered","format":"html"}]},"author":51,"featured_media":474680,"comment_status":"closed","ping_status":"closed","sticky":false,"template":"","format":"standard","meta":{"footnotes":""},"categories":[53],"tags":[],"class_list":["post-474679","post","type-post","status-publish","format-standard","has-post-thumbnail","hentry","category-fast-foodi"],"gt_translate_keys":[{"key":"link","format":"url"}],"_links":{"self":[{"href":"https:\/\/www.hashtag.al\/index.php\/wp-json\/wp\/v2\/posts\/474679","targetHints":{"allow":["GET"]}}],"collection":[{"href":"https:\/\/www.hashtag.al\/index.php\/wp-json\/wp\/v2\/posts"}],"about":[{"href":"https:\/\/www.hashtag.al\/index.php\/wp-json\/wp\/v2\/types\/post"}],"author":[{"embeddable":true,"href":"https:\/\/www.hashtag.al\/index.php\/wp-json\/wp\/v2\/users\/51"}],"replies":[{"embeddable":true,"href":"https:\/\/www.hashtag.al\/index.php\/wp-json\/wp\/v2\/comments?post=474679"}],"version-history":[{"count":0,"href":"https:\/\/www.hashtag.al\/index.php\/wp-json\/wp\/v2\/posts\/474679\/revisions"}],"wp:featuredmedia":[{"embeddable":true,"href":"https:\/\/www.hashtag.al\/index.php\/wp-json\/wp\/v2\/media\/474680"}],"wp:attachment":[{"href":"https:\/\/www.hashtag.al\/index.php\/wp-json\/wp\/v2\/media?parent=474679"}],"wp:term":[{"taxonomy":"category","embeddable":true,"href":"https:\/\/www.hashtag.al\/index.php\/wp-json\/wp\/v2\/categories?post=474679"},{"taxonomy":"post_tag","embeddable":true,"href":"https:\/\/www.hashtag.al\/index.php\/wp-json\/wp\/v2\/tags?post=474679"}],"curies":[{"name":"wp","href":"https:\/\/api.w.org\/{rel}","templated":true}]}}