{"id":474453,"date":"2021-09-24T21:21:26","date_gmt":"2021-09-24T19:21:26","guid":{"rendered":"https:\/\/www.hashtag.al\/?p=474453"},"modified":"2021-09-24T21:21:26","modified_gmt":"2021-09-24T19:21:26","slug":"shqiptaro-gjermanet-qe-garojne-te-dielen-per-nje-vend-ne-bundestag","status":"publish","type":"post","link":"https:\/\/www.hashtag.al\/index.php\/2021\/09\/24\/shqiptaro-gjermanet-qe-garojne-te-dielen-per-nje-vend-ne-bundestag\/","title":{"rendered":"Shqiptaro-gjerman\u00ebt q\u00eb garojn\u00eb t\u00eb diel\u00ebn p\u00ebr nj\u00eb vend n\u00eb Bundestag","gt_translate_keys":[{"key":"rendered","format":"text"}]},"content":{"rendered":"<p><span style=\"color: #000000;\"><img loading=\"lazy\" decoding=\"async\" class=\"aligncenter size-full wp-image-474454\" src=\"https:\/\/www.hashtag.al\/wp-content\/uploads\/2021\/09\/shqiptaret.jpg\" alt=\"\" width=\"700\" height=\"394\" srcset=\"https:\/\/www.hashtag.al\/wp-content\/uploads\/2021\/09\/shqiptaret.jpg 700w, https:\/\/www.hashtag.al\/wp-content\/uploads\/2021\/09\/shqiptaret-300x169.jpg 300w\" sizes=\"auto, (max-width: 700px) 100vw, 700px\" \/><\/span><\/p>\n<p><span style=\"color: #000000;\">Gjithsej jan\u00eb pes\u00eb shqiptaro-gjerman\u00eb pran\u00eb emrit t\u00eb t\u00eb cil\u00ebve votuesit mund t\u00eb v\u00ebn\u00eb nga nj\u00eb kryq te fleta e votimit k\u00ebt\u00eb t\u00eb diel\u00eb. Kat\u00ebr prej tyre rr\u00ebfejn\u00eb p\u00ebr DW p\u00ebr motivet dhe sfidat e tyre n\u00eb Gjermani.<\/span><\/p>\n<p><span style=\"color: #000000;\">K\u00ebto dit\u00eb Kastriot Krasniqi e ka kalendarin plot. Paradite n\u00eb pun\u00eb, n\u00eb nj\u00eb kompani\u00a0sigurimesh, pasdite n\u00eb fushat\u00eb. 29-vje\u00e7arit t\u00eb lindur n\u00eb Kosov\u00eb i duhet t\u00eb sqaroj\u00eb n\u00eb k\u00ebto takime jo vet\u00ebm politik\u00ebn q\u00eb p\u00ebrfaq\u00ebson, por shpesh edhe se si shqiptohet emri q\u00eb shihet k\u00ebto dit\u00eb n\u00eb posterat e qarkut Rheinisch-Bergisch. &#8220;Un\u00eb e them me shum\u00eb k\u00ebnaq\u00ebsi q\u00eb jam nga Kosova&#8221;, thot\u00eb Krasniqi n\u00eb nj\u00eb intervist\u00eb p\u00ebr DW. &#8220;\u00cbsht\u00eb pjes\u00eb e identitetit tim t\u00eb dyfisht\u00eb gjerman dhe kosovar&#8221;.<\/span><\/p>\n<p><span style=\"color: #000000;\">Krasniqi ka ardhur n\u00eb Gjermani n\u00eb mosh\u00ebn dyvje\u00e7are. &#8220;Ndoshta ka qen\u00eb pik\u00ebrisht p\u00ebrvoja si f\u00ebmij\u00eb refugjat\u00ebsh, n\u00eb vitet &#8217;90, ajo q\u00eb ma ka rritur ndjeshm\u00ebrin\u00eb p\u00ebr t&#8217;u angazhuar kund\u00ebr padrejt\u00ebsive&#8221;, hamend\u00ebson Krasniqi, teksa rr\u00ebfen p\u00ebr DW rrug\u00ebtimin e tij n\u00eb partin\u00eb socialdemokrate (SPD), ku ka hyr\u00eb n\u00eb mosh\u00ebn 14-vje\u00e7are dhe sot \u00ebsht\u00eb n\u00ebnkryetar i deg\u00ebs s\u00eb qytetit Bergisch Gladbach.<\/span><\/p>\n<div id=\"attachment_474455\" style=\"width: 710px\" class=\"wp-caption aligncenter\"><img loading=\"lazy\" decoding=\"async\" aria-describedby=\"caption-attachment-474455\" class=\"wp-image-474455 size-full\" src=\"https:\/\/www.hashtag.al\/wp-content\/uploads\/2021\/09\/59289838_401.jpg\" alt=\"\" width=\"700\" height=\"394\" srcset=\"https:\/\/www.hashtag.al\/wp-content\/uploads\/2021\/09\/59289838_401.jpg 700w, https:\/\/www.hashtag.al\/wp-content\/uploads\/2021\/09\/59289838_401-300x169.jpg 300w\" sizes=\"auto, (max-width: 700px) 100vw, 700px\" \/><p id=\"caption-attachment-474455\" class=\"wp-caption-text\">Kastriot Krasniqi, 29 vje\u00e7ar, kandidat i drejtp\u00ebrdrejt\u00eb i socialdemokrat\u00ebve n\u00eb zon\u00ebn Rheinisch Bergischer Kreis<\/p><\/div>\n<p><span style=\"color: #000000;\">Respekt, ky \u00ebsht\u00eb slogani me t\u00eb cilin, kandidati kryesor i k\u00ebsaj partie, Olaf Scholz, k\u00ebrkon vot\u00ebn e gjerman\u00ebve. Qarku i Krasniqit, i cili\u00a0ndodhet n\u00eb landin e kandidatit kryesor t\u00eb CDU-s\u00eb, Armin Laschet, \u00ebsht\u00eb nj\u00eb bastion i CDU-s\u00eb, prej vitit 1972. Por simpatia p\u00ebr k\u00ebt\u00eb parti vitet e fundit ka r\u00ebn\u00eb. Shanset q\u00eb Krasniqi t\u00eb dal\u00eb fitues kundrejt rivalit kristdemokrat, nj\u00eb profesor ekonomie q\u00eb \u00ebsht\u00eb deputet n\u00eb Bundestag, nuk jan\u00eb shum\u00eb t\u00eb m\u00ebdha. Por Krasniqi \u00ebsht\u00eb i qet\u00eb: 50 me 50 p\u00ebr qind thot\u00eb ai.\u00a0\u00a0N\u00ebse Krasniqi do t\u00eb dal\u00eb fitues, ai do\u00a0t\u00eb jet\u00eb\u00a0kosovari i par\u00eb, madje shqiptari i par\u00eb, q\u00eb hyn n\u00eb Bundestag si deputet.<\/span><\/p>\n<p><span style=\"color: #000000;\"><strong>&#8220;Uau, do guxosh v\u00ebrtet\u00eb?&#8221;<\/strong><\/span><\/p>\n<p><span style=\"color: #000000;\">Krasniqi \u00ebsht\u00eb nj\u00ebri nga gjithsej kat\u00ebr gjerman\u00ebt me prejardhje shqiptare q\u00eb DW zbuloi n\u00eb list\u00ebn e mbi 6000 kandidaturave\u00a0p\u00ebr Bundestagun e 20-t\u00eb. Tre t\u00eb tjer\u00ebt kandidojn\u00eb n\u00ebp\u00ebrmjet listave. Nj\u00ebri prej tyre, Kol\u00eb Gjoka, kandidon p\u00ebr her\u00eb t\u00eb dyt\u00eb. N\u00eb zgjedhjet e vitit 2017 ai kishte qen\u00eb shqiptari i par\u00eb q\u00eb kishte marr\u00eb guximin t\u00eb ofrohej p\u00ebr t\u00eb p\u00ebrfaq\u00ebsuar n\u00eb Berlin nj\u00eb elektorat gjerman.\u00a0<\/span><\/p>\n<div id=\"attachment_474456\" style=\"width: 710px\" class=\"wp-caption aligncenter\"><img loading=\"lazy\" decoding=\"async\" aria-describedby=\"caption-attachment-474456\" class=\"size-full wp-image-474456\" src=\"https:\/\/www.hashtag.al\/wp-content\/uploads\/2021\/09\/kole-gjoka.jpg\" alt=\"\" width=\"700\" height=\"394\" srcset=\"https:\/\/www.hashtag.al\/wp-content\/uploads\/2021\/09\/kole-gjoka.jpg 700w, https:\/\/www.hashtag.al\/wp-content\/uploads\/2021\/09\/kole-gjoka-300x169.jpg 300w\" sizes=\"auto, (max-width: 700px) 100vw, 700px\" \/><p id=\"caption-attachment-474456\" class=\"wp-caption-text\">Kol\u00eb Gjoka n\u00eb intervist\u00eb me DW<\/p><\/div>\n<p><span style=\"color: #000000;\">&#8220;Uau! v\u00ebrtet do guxosh?&#8221;, ishte reagimi i koleg\u00ebve t\u00eb partis\u00eb s\u00eb tij, Unionit Kristdemokrat,\u00a0kur ua prezantoi iden\u00eb. p\u00ebr her\u00eb t\u00eb par\u00eb. K\u00ebt\u00eb pyetje Kol\u00eb Gjoka e kishte d\u00ebgjuar edhe nj\u00eb her\u00eb tjet\u00ebr. Vite m\u00eb par\u00eb, kur donte t\u00eb blinte servisin e automjeteve, q\u00eb tani i p\u00ebrket atij. I lindur dhe i rritur n\u00eb Mirdit\u00eb, shkolluar si ushtarak dhe inxhinier n\u00eb Tiran\u00eb, 51-vje\u00e7ari e p\u00ebrshkruan veten\u00a0si dikush\u00a0q\u00eb po pati nj\u00eb ide, nuk e l\u00eb pa e realizuar.<\/span><\/p>\n<p><span style=\"color: #000000;\"><strong>Nj\u00eb shenj\u00eb p\u00ebr m\u00ebrgimtar\u00ebt<\/strong><\/span><\/p>\n<p><span style=\"color: #000000;\">T\u00eb guxosh t\u00eb dal\u00ebsh mbi koleg\u00ebt e partis\u00eb e t\u00eb garosh kund\u00ebr tyre, nuk \u00ebsht\u00eb di\u00e7ka e leht\u00eb. Por Kol\u00eb Gjoka nuk donte t\u00eb ishte nj\u00eb num\u00ebr n\u00eb parti, q\u00eb vet\u00ebm ngre dor\u00ebn dhe\u00a0 tund kok\u00ebn, kur t\u00eb tjer\u00ebt marrin vendime.\u00a0 Tani ai \u00ebsht\u00eb kryetar i deg\u00ebs s\u00eb CDU-s\u00eb n\u00eb Elmshorn dhe s\u00ebrish ka guxuar t\u00eb kandidoj\u00eb. Shanset q\u00eb\u00a0t\u00eb fitoj\u00eb k\u00ebt\u00eb radh\u00eb jan\u00eb edhe m\u00eb t\u00eb pakta: Kjo fal\u00eb r\u00ebnies\u00a0q\u00eb pritet t\u00eb p\u00ebsoj\u00eb CDU-ja pas largimit t\u00eb kancelares Mekel, por edhe sepse CDU-ja tani ka vendosur kuota p\u00ebr gra, \u00e7ka e zhvendosi Gjok\u00ebn n\u00eb numrin 33 nga 19 q\u00eb ishte n\u00eb zgjedhjet e m\u00ebparshme.<\/span><\/p>\n<div id=\"attachment_474457\" style=\"width: 710px\" class=\"wp-caption aligncenter\"><img loading=\"lazy\" decoding=\"async\" aria-describedby=\"caption-attachment-474457\" class=\"size-full wp-image-474457\" src=\"https:\/\/www.hashtag.al\/wp-content\/uploads\/2021\/09\/59290169_401.jpg\" alt=\"\" width=\"700\" height=\"394\" srcset=\"https:\/\/www.hashtag.al\/wp-content\/uploads\/2021\/09\/59290169_401.jpg 700w, https:\/\/www.hashtag.al\/wp-content\/uploads\/2021\/09\/59290169_401-300x169.jpg 300w\" sizes=\"auto, (max-width: 700px) 100vw, 700px\" \/><p id=\"caption-attachment-474457\" class=\"wp-caption-text\">Kol\u00eb Gjoka n\u00eb nj\u00eb bised\u00eb me kancelaren gjemrane Angela Merkel<\/p><\/div>\n<p><span style=\"color: #000000;\">Gjoka i njeh mir\u00eb sfidat q\u00eb i dalin p\u00ebrpara nj\u00eb m\u00ebrgimtari: &#8220;Kur erdha n\u00eb vitet &#8217;90 n\u00eb Gjermani, si refugjat, nuk kishte as skuadra mikpritjeje e as kurse integrimi p\u00ebr azilk\u00ebrkuesit&#8221;, kujton Kol\u00eb Gjoka, n\u00eb nj\u00eb intervist\u00eb me DW. Muajt e par\u00eb i kalova duke &#8220;trokitur der\u00eb m\u00eb der\u00eb te sip\u00ebrmarrjet e qytetit p\u00ebr t\u00eb k\u00ebrkuar pun\u00eb&#8221;. Dikur, nj\u00ebra nga k\u00ebto porta iu hap, n\u00eb kompanin\u00eb e servisit t\u00eb makinave, ku pas dy vjet\u00ebsh, do t\u00eb b\u00ebhej menaxher e m\u00eb pas pronar.\u00a0Sip\u00ebrmarr\u00ebsi shqiptaro-gjerman, i cili\u00a0tashm\u00eb \u00ebsht\u00eb em\u00ebruar prej Ambasad\u00ebs s\u00eb Shqip\u00ebris\u00eb edhe konsull nderi p\u00ebr Gjermanin\u00eb Veriore, angazhohet n\u00eb m\u00ebnyr\u00eb t\u00eb ve\u00e7ant\u00eb p\u00ebr komunitetin shqiptar edhe n\u00eb\u00a0kryesin\u00eb\u00a0e Shoqat\u00ebs Ekonomike Gjermano-Shqiptare.<\/span><\/p>\n<p><span style=\"color: #000000;\"><strong>P\u00ebrfaq\u00ebsimi m\u00eb i ul\u00ebt se realiteti<\/strong><\/span><\/p>\n<p><span style=\"color: #000000;\">Integrimi i migrant\u00ebve \u00ebsht\u00eb nj\u00eb tem\u00eb q\u00eb n\u00eb k\u00ebt\u00eb fushat\u00eb elektorale \u00ebsht\u00eb trajtuar shum\u00eb pak, megjith\u00ebse si \u00e7\u00ebshtje nuk \u00ebsht\u00eb kap\u00ebrcyer ende. Sipas censusit t\u00eb vitit 2019, mbi nj\u00eb e kat\u00ebrta e qytetar\u00ebve t\u00eb Gjermanis\u00eb kan\u00eb nj\u00eb sfond m\u00ebrgimi. Platforma informative MEDIENDIENST Integration, thot\u00eb se migrant\u00ebt p\u00ebrb\u00ebjn\u00eb 12 p\u00ebrqind t\u00eb elektoratit t\u00eb sot\u00ebm. Nj\u00eb p\u00ebrqindje kjo q\u00eb nuk pasqyrohet n\u00eb p\u00ebrb\u00ebrjen e parlamenteve aktuale.<\/span><\/p>\n<p><span style=\"color: #000000;\">N\u00eb Bundestagun e dal\u00eb prej vitit 2017 ishin\u00a0vet\u00ebm 8,2 p\u00ebrqind e deputet\u00ebve me sfond m\u00ebrgimi. Madje grupi parlamentar i CDU\/CSU-s\u00eb ku aspironte t\u00eb merrte pjes\u00eb Gjoka kishte pjes\u00ebmarrjen m\u00eb t\u00eb ul\u00ebt t\u00eb migrant\u00ebve, me\u00a02,3%. Madje, edhe grupi parlamentar i partis\u00eb s\u00eb djatht\u00eb populiste, AfD, Alternativa p\u00ebr Gjermanin\u00eb, kishte\u00a0me 8,7% nj\u00eb p\u00ebrfaq\u00ebsim mbi mesataren t\u00eb gjerman\u00ebve me sfond m\u00ebrgimi. T\u00eb majt\u00ebt z\u00ebn\u00eb vendin e par\u00eb (18,8%), pasuar nga t\u00eb Gjelbrit (14,9%) dhe socialdemokrat\u00ebt (9%). Liberal\u00ebt jan\u00eb t\u00eb parafundit me 6,7%.<\/span><\/p>\n<p><span style=\"color: #000000;\">Gjerman\u00ebt me sfond m\u00ebrgimi, jo vet\u00ebm q\u00eb jan\u00eb m\u00eb pak t\u00eb p\u00ebrfaq\u00ebsuar n\u00eb parlamente, por edhe pjes\u00ebmarrja e tyre n\u00eb votime \u00ebsht\u00eb m\u00eb e ul\u00ebt (65 p\u00ebrqind n\u00eb zgjedhjet e vitit 2017), n\u00eb krahasim me gjerman\u00ebt pa sfond m\u00ebrgimi (85,8 p\u00ebr qind). Kjo del n\u00eb pah nga nj\u00eb studim i K\u00ebshillit t\u00eb Ekspert\u00ebve t\u00eb Fondacioneve Gjermane p\u00ebr M\u00ebrgim dhe Integrim. (SVR)<\/span><\/p>\n<p><span style=\"color: #000000;\"><strong>Mungon tradita e angazhimit politik<\/strong><\/span><\/p>\n<p><span style=\"color: #000000;\">Por nuk \u00ebsht\u00eb rast\u00ebsi q\u00eb qytetar\u00ebt me sfond m\u00ebrgimi nuk p\u00ebrfaq\u00ebsohen n\u00eb parlamente. Konkurrenca \u00ebsht\u00eb shum\u00eb e madhe, dhe sa t\u00eb arrish t\u00eb fitosh nj\u00eb mandat t\u00eb drejtp\u00ebrdrejt\u00eb, ose nj\u00eb vend t\u00eb mir\u00eb n\u00eb listat e landeve, duhet t\u00eb kesh l\u00ebn\u00eb pas nj\u00eb rrug\u00eb t\u00eb gjat\u00eb aktivizimi.<\/span><\/p>\n<p><span style=\"color: #000000;\">\u00a0Af\u00ebrdita Suka e ka b\u00ebr\u00eb k\u00ebt\u00eb rrug\u00eb, para se t\u00eb b\u00ebheshe kandidate e drejtp\u00ebrdrejt\u00eb e t\u00eb gjelb\u00ebrve p\u00ebr zgjedhjet e landit n\u00eb Berlin.\u00a0&#8220;Merr koh\u00eb derisa t\u00eb krijosh nj\u00eb rrjet mb\u00ebshtet\u00ebs, dhe ve\u00e7 k\u00ebsaj, shum\u00eb migrant\u00eb nuk kan\u00eb aq vet\u00ebbesim edhe pse vet\u00eb mund t\u00eb jen\u00eb m\u00eb t\u00eb aft\u00eb se gjerman\u00ebt. pa sfond m\u00ebrgimi.\u00a0Sepse mungojn\u00eb shembujt frym\u00ebzues, thot\u00eb Suka. p\u00ebr DW teksa shp\u00ebrndan\u00a0 prospektet me fytyr\u00ebn e saj n\u00eb ballin\u00eb.<\/span><\/p>\n<div id=\"attachment_474460\" style=\"width: 710px\" class=\"wp-caption aligncenter\"><img loading=\"lazy\" decoding=\"async\" aria-describedby=\"caption-attachment-474460\" class=\"size-full wp-image-474460\" src=\"https:\/\/www.hashtag.al\/wp-content\/uploads\/2021\/09\/59291775_401-1.jpg\" alt=\"\" width=\"700\" height=\"394\" srcset=\"https:\/\/www.hashtag.al\/wp-content\/uploads\/2021\/09\/59291775_401-1.jpg 700w, https:\/\/www.hashtag.al\/wp-content\/uploads\/2021\/09\/59291775_401-1-300x169.jpg 300w\" sizes=\"auto, (max-width: 700px) 100vw, 700px\" \/><p id=\"caption-attachment-474460\" class=\"wp-caption-text\">Aferdita Suka, garon p\u00ebr t\u00eb Gjelbrit me mandat t\u00eb drejtp\u00ebrdrejt\u00eb si deputete n\u00eb Parlamentin e Berlinit duke shp\u00ebrndar\u00eb prospekte n\u00eb lagjen e saj Tempelhof.<\/p><\/div>\n<p><span style=\"color: #000000;\">Partia e Af\u00ebrdita Suk\u00ebs \u00ebsht\u00eb nga ato q\u00eb ua hap rrug\u00ebn migrant\u00ebve dhe nuk ngurron t&#8217;i v\u00ebr\u00eb edhe n\u00eb krye t\u00eb list\u00ebs. P\u00ebr nj\u00eb koh\u00eb t\u00eb gjat\u00eb ajo \u00ebsht\u00eb drejtuar nga nj\u00eb gjerman me prejardhje turke, Cem \u00d6zdemir. Nj\u00eb\u00a0nga p\u00ebrkrah\u00ebset m\u00eb t\u00eb forta t\u00eb Af\u00ebrdita Suk\u00ebs n\u00eb k\u00ebt\u00eb fushat\u00eb, \u00ebsht\u00eb ish-ministrja e konsumator\u00ebve n\u00eb qeverin\u00eb e\u00a0 m\u00ebparshme t\u00eb\u00a0socialdemokrat\u00ebve dhe t\u00eb gjelb\u00ebrve, Renate K\u00fcnast, e cila kandion n\u00eb t\u00eb nj\u00ebjt\u00ebn\u00a0zon\u00eb elektorale si\u00a0Af\u00ebrdita Suka, por p\u00ebr Parlamentin Federal. &#8220;P\u00ebr mua Af\u00ebrdita,\u00ebsht\u00eb Af\u00ebrdita, q\u00eb \u00ebsht\u00eb angazhuar prej vitesh n\u00eb politikat komunale t\u00eb t\u00eb Gjelb\u00ebrve&#8221;, thot\u00eb K\u00fcnast. e cila e ka mb\u00ebshtetur at\u00eb\u00a0edhe me programe mentorimi. P\u00ebr k\u00ebt\u00eb angazhim Af\u00ebrdita Suka u vler\u00ebsua n\u00eb vitin 2015 edhe me \u00e7mimin Helene Weber, nj\u00eb shp\u00ebrblim prej 10000 euro p\u00ebr grat\u00eb q\u00eb angazhohen n\u00eb politik\u00ebn komunale. &#8220;Por fakti q\u00eb ajo \u00ebsht\u00eb nga Kosova, \u00ebsht\u00eb i dor\u00ebs s\u00eb dyt\u00eb&#8221;,\u00a0thekson deputetja gjermane.<\/span><\/p>\n<div id=\"attachment_474459\" style=\"width: 710px\" class=\"wp-caption aligncenter\"><img loading=\"lazy\" decoding=\"async\" aria-describedby=\"caption-attachment-474459\" class=\"size-full wp-image-474459\" src=\"https:\/\/www.hashtag.al\/wp-content\/uploads\/2021\/09\/59291787_401.jpg\" alt=\"\" width=\"700\" height=\"394\" srcset=\"https:\/\/www.hashtag.al\/wp-content\/uploads\/2021\/09\/59291787_401.jpg 700w, https:\/\/www.hashtag.al\/wp-content\/uploads\/2021\/09\/59291787_401-300x169.jpg 300w\" sizes=\"auto, (max-width: 700px) 100vw, 700px\" \/><p id=\"caption-attachment-474459\" class=\"wp-caption-text\">Renate K\u00fcnast, ish ministrja e konsumator\u00ebve n\u00eb qeverin\u00eb e Schroederit \u00ebsht\u00eb mb\u00ebshtetese e Af\u00ebrdita Suk\u00ebs K\u00ebtu n\u00eb nj\u00eb takim elektoral n\u00eb nj\u00eb kop\u00ebsht m\u00ebsimor n\u00eb Berlin Tempelhof.<\/p><\/div>\n<p><span style=\"color: #000000;\"><strong>Model p\u00ebr m\u00ebrgat\u00ebn shqiptare<\/strong><\/span><\/p>\n<p><span style=\"color: #000000;\">Ndryshe e shohin k\u00ebt\u00eb shqiptar\u00ebt n\u00eb Berlin. Dr. Sahadete Limani-Beqa, komunikologe dhe menaxhere n\u00eb klinik\u00ebn kardiologjike Herzpraxis Berlin Hohensch\u00f6nhausen, sheh te Af\u00ebrdita Suka\u00a0nj\u00eb model p\u00ebr integrimin e shqiptar\u00ebve n\u00eb shoq\u00ebrin\u00eb gjermane. &#8220;Ajo na d\u00ebshmon se ne mund\u00a0t\u00eb jemi jo vet\u00ebm zbatues t\u00eb politikave, por edhe vendimmarr\u00ebs politikash n\u00ebse angazhohemi si qytetar\u00eb te k\u00ebtij vendi.&#8221;, thot\u00eb Dr. Limani-Beqa p\u00ebr DW. Ajo ka organizuar nj\u00eb s\u00ebr\u00eb aktivitetesh\u00a0 n\u00eb kuad\u00ebr t\u00eb fushat\u00ebs elektorale t\u00eb Af\u00ebrdita Suk\u00ebs. &#8220;Ne e mb\u00ebshtesim Af\u00ebrdit\u00ebn edhe si nj\u00eb grua dhe n\u00ebn\u00eb, sepse grat\u00eb nuk jan\u00eb ende t\u00eb p\u00ebrfaq\u00ebsuara si duhet n\u00eb poste udh\u00ebheq\u00ebse&#8221;, thot\u00eb Dr. Limani-Beqa.<\/span><\/p>\n<div id=\"attachment_474461\" style=\"width: 710px\" class=\"wp-caption aligncenter\"><img loading=\"lazy\" decoding=\"async\" aria-describedby=\"caption-attachment-474461\" class=\"size-full wp-image-474461\" src=\"https:\/\/www.hashtag.al\/wp-content\/uploads\/2021\/09\/59294479_401.jpg\" alt=\"\" width=\"700\" height=\"394\" srcset=\"https:\/\/www.hashtag.al\/wp-content\/uploads\/2021\/09\/59294479_401.jpg 700w, https:\/\/www.hashtag.al\/wp-content\/uploads\/2021\/09\/59294479_401-300x169.jpg 300w\" sizes=\"auto, (max-width: 700px) 100vw, 700px\" \/><p id=\"caption-attachment-474461\" class=\"wp-caption-text\">Dr. Sahadete Limani,-Beqa, e treta nga e majta, ka organizuar nj\u00eb s\u00ebr\u00eb aktivitestesh mb\u00ebshtete\u00ebse p\u00ebr Aff\u00ebrdita Suk\u00ebn. K\u00ebtu n\u00eb kuad\u00ebr t\u00eb nj\u00eb leximi nga libri i Liri Luonj\u00ebs &#8220;Larg dhe mes njer\u00ebzish&#8221;, Botimet PA, organizuar nga drejtoresha Feride Berisha (e para n\u00eb t\u00eb majt\u00eb).<\/p><\/div>\n<p><span style=\"color: #000000;\">Af\u00ebrdita Suka kandidon n\u00eb nj\u00eb lagje q\u00eb nuk \u00ebsht\u00eb shum\u00eb e banuar nga shqiptar\u00ebt. E prap\u00eb ajo u befasua me mb\u00ebshtetjen e madhe q\u00eb i erdhi nga komuniteti shqipta Af\u00ebrdita Suka, perve\u00e7se ka shanse reale t\u00eb fitoj\u00eb n\u00eb mandat t\u00eb drejtp\u00ebrdrejt\u00eb, ajo ka shanse shum\u00eb t\u00eb mira t\u00eb fitoj\u00eb edhe n\u00ebp\u00ebrmjet list\u00ebs, ku mban numrin 25.<\/span><\/p>\n<p><span style=\"color: #000000;\"><strong>Elektorat n\u00eb rritje\u00a0<\/strong><\/span><\/p>\n<p><span style=\"color: #000000;\">Nj\u00eb p\u00ebrkrahje e ngjashme n\u00eb Hamburg b\u00ebri q\u00eb n\u00eb zgjedhjet p\u00ebr senatin, n\u00eb shkurt 2020, gjermano-kosovari me prejardhje shqiptare, Sami Musa, t\u00eb ngjitej si me katapult\u00eb n\u00eb list\u00ebn e deputet\u00ebve t\u00eb senatit,\u00a0nd\u00ebr t\u00eb tjera fal\u00eb votave t\u00eb elektoratit shqiptar t\u00eb zon\u00ebs s\u00eb Harburgut. Pa t\u00eb, Musa nuk do t\u00eb kishte shans t\u00eb hynte n\u00eb parlament, sepse ishte i 56-ti n\u00eb list\u00eb. N\u00eb shtypin vendor, ngjitja e menj\u00ebhershme e Sami Mus\u00ebs, u konsiderua si surpriza m\u00eb e madhe e zgjedhjeve t\u00eb landit.\u00a0Shum\u00eb gjerman\u00eb me prejardhje shqiptare, asokohe mor\u00ebn pjes\u00eb p\u00ebr her\u00eb t\u00eb par\u00eb n\u00eb zgjedhje.<\/span><\/p>\n<p><span style=\"color: #000000;\">Sipas platform\u00ebs Mediendienst Integration, elektorati me sfond m\u00ebrgimi sa vjen e rritet, fal\u00eb edhe ndryshimi t\u00eb ligjit t\u00eb shtet\u00ebsis\u00eb q\u00eb hyri n\u00eb fuqi n\u00eb vitin 2000. Qeveria Federale e at\u00ebhershme e p\u00ebrb\u00ebr\u00eb nga socialdemokrat\u00ebt dhe t\u00eb gjelbrit, vendosi q\u00eb shtet\u00ebsia t\u00eb p\u00ebrcaktohej jo vet\u00ebm nga prejardhja e prind\u00ebrve, por edhe nga vendlindja. Pra, kush do t\u00eb lindej n\u00eb Gjermani nga viti 2000 e tutje do t\u00eb merrte automatikisht edhe shtet\u00ebsin\u00eb gjermane. Brezi i par\u00eb i k\u00ebtyre migrant\u00ebve t\u00eb shkall\u00ebs s\u00eb dyt\u00eb voton k\u00ebt\u00eb her\u00eb p\u00ebr her\u00eb t\u00eb par\u00eb.<\/span><\/p>\n<p><span style=\"color: #000000;\">Disa syresh madje kandidojn\u00eb.<\/span><\/p>\n<div id=\"attachment_474462\" style=\"width: 710px\" class=\"wp-caption aligncenter\"><img loading=\"lazy\" decoding=\"async\" aria-describedby=\"caption-attachment-474462\" class=\"size-full wp-image-474462\" src=\"https:\/\/www.hashtag.al\/wp-content\/uploads\/2021\/09\/59292666_401.jpg\" alt=\"\" width=\"700\" height=\"394\" srcset=\"https:\/\/www.hashtag.al\/wp-content\/uploads\/2021\/09\/59292666_401.jpg 700w, https:\/\/www.hashtag.al\/wp-content\/uploads\/2021\/09\/59292666_401-300x169.jpg 300w\" sizes=\"auto, (max-width: 700px) 100vw, 700px\" \/><p id=\"caption-attachment-474462\" class=\"wp-caption-text\">Dafina Berisha,21 vje\u00e7 \u00ebsht\u00eb kandidatja m\u00eb e re socialdemokrate n\u00eb list\u00ebn e Hamburgut<\/p><\/div>\n<p><span style=\"color: #000000;\">Dafina Berisha, p\u00ebr shembull, 21 vje\u00e7are nga Hamburgu, me t\u00eb dy prind\u00ebrit nga Kosova, tani kandidon p\u00ebr\u00a0 Bundestag, e zgjedhur nga socialist\u00ebt e rinj. N\u00eb vitin 2017, kur ishte ende nx\u00ebn\u00ebse gjimnazi, vendosi t\u00eb hynte n\u00eb Partin\u00eb Socialdemokrate, p\u00ebr t\u00eb vendosur nj\u00eb shenj\u00eb simbolike edhe kund\u00ebr hyrjes n\u00eb Bundestag t\u00eb partis\u00eb s\u00eb djatht\u00eb populiste,\u00a0Alternativ\u00eb p\u00ebr Gjermanin\u00eb (AfD). AfD-ja kishte arritur t\u00eb ishte forca e tret\u00eb n\u00eb parlament, duke b\u00ebr\u00eb fushat\u00eb kund\u00ebr refugjat\u00ebve t\u00eb ardhur n\u00eb vitin 2015 nga lufta e Siris\u00eb.<\/span><\/p>\n<p><span style=\"color: #000000;\">Dafina Berisha n\u00eb Hamburg \u00ebsht\u00eb e n\u00ebnta n\u00eb list\u00eb, dhe si\u00e7 i shpjegoi ajo DW, nuk do t\u00eb jet\u00eb e leht\u00eb t\u00eb hyj\u00eb n\u00eb parlament, sepse Hamburgu p\u00ebrfaq\u00ebsohet vet\u00ebm me gjasht\u00eb deputet\u00eb n\u00eb Bundestag. Por kandidatur\u00ebn e saj ajo e sheh edhe si nj\u00eb ftes\u00eb\u00a0ndaj migrant\u00ebve t\u00eb tjer\u00eb, e sidomos atyre shqiptar\u00eb, p\u00ebr t&#8217;u angazhuar n\u00eb vendin ku jetojn\u00eb. &#8220;Shum\u00eb shqiptar\u00eb me banim n\u00eb Gjermani jan\u00eb aktiv\u00eb n\u00eb partit\u00eb e\u00a0Kosov\u00ebs, por un\u00eb mendoj, se me pjes\u00ebmarrje t\u00eb drejtp\u00ebrdrejt\u00eb n\u00eb politik\u00ebn e k\u00ebtushme, ata mund t\u00eb ndikojn\u00eb m\u00eb s\u00eb miri edhe n\u00eb t\u00eb mir\u00eb t\u00eb Kosov\u00ebs&#8221;, thot\u00eb studentja e drejt\u00ebsis\u00eb.\u00a0Prandaj edhe ajo i \u00ebsht\u00eb drejtuar elektoratit shqiptaro-gjerman me nj\u00eb videoklip n\u00eb shqip\u00a0t\u00eb shp\u00ebrndar\u00eb\u00a0n\u00eb media sociale. Mesazhi i saj: &#8220;Votoni p\u00ebr socialdemokrat\u00ebt, sepse me ta do t\u00eb jet\u00eb m\u00eb e leht\u00eb rruga e Kosov\u00ebs drejt BE-s\u00eb&#8221;.<\/span><\/p>\n<p><span style=\"color: #000000;\">Pes\u00eb emra shqiptar\u00ebsh garojn\u00eb t\u00eb diel\u00ebn p\u00ebr t\u00eb p\u00ebrfaq\u00ebsuar zonat e tyre elektorale n\u00eb Berlin, n\u00eb Bundestag ose n\u00eb Parlamentin e Berlinit.\u00a0\u00a0Naim Krasniqi, i lindur n\u00eb Kosov\u00eb n\u00eb vitin 1987, me banim n\u00eb Mynih. \u00ebsht\u00eb kandidati i pest\u00eb. Ai angazhohet\u00a0p\u00ebr nj\u00eb parti prokristiane q\u00eb quhet B\u00fcndnis C (Aleanca C &#8211; T\u00eb krishter\u00eb p\u00ebr Gjermanin\u00eb), nj\u00eb\u00a0parti e vog\u00ebl, e krijuar qysh n\u00eb vitin 1989, por q\u00eb deri tani nuk e ka kaluar dot pragun e 5 p\u00ebrqind\u00ebshit q\u00eb nevojitet p\u00ebr t\u00eb hyr\u00eb n\u00eb parlamentet gjermane. Edhe n\u00ebse asnj\u00ebri prej k\u00ebtyre pes\u00eb emrave\u00a0\u00a0nuk do arrij\u00eb t\u00eb mbledh\u00eb votat e nevojshme p\u00ebr t\u00eb dal\u00eb fitues, nj\u00eb gj\u00eb mund t\u00eb thuhet me siguri: ata kan\u00eb hapur nj\u00eb kapitull t\u00eb ri n\u00eb historin\u00eb e diaspor\u00ebs shqiptare n\u00eb Gjermani, at\u00eb t\u00eb kalimit nga migranti pasiv n\u00eb nj\u00eb qytetari q\u00eb k\u00ebrkon pjes\u00ebmarrje aktive n\u00eb ligjv\u00ebnie.<\/span><\/p>\n<p><span style=\"color: #000000;\"><strong><span style=\"color: #ff0000;\">VINI RE:<\/span><\/strong> Ky material \u00ebsht\u00eb pron\u00ebsi intelektuale e <a href=\"https:\/\/www.dw.com\/sq\/nj%C3%AB-kapitull-i-ri-shqiptaro-gjerman%C3%ABt-q%C3%AB-garojn%C3%AB-t%C3%AB-diel%C3%ABn\/a-59292231\"><strong><span style=\"color: #0000ff;\">Deutsche Welle<\/span><\/strong><\/a><\/span><\/p>\n","protected":false,"gt_translate_keys":[{"key":"rendered","format":"html"}]},"excerpt":{"rendered":"<p>Gjithsej jan\u00eb pes\u00eb shqiptaro-gjerman\u00eb pran\u00eb emrit t\u00eb t\u00eb cil\u00ebve votuesit mund t\u00eb v\u00ebn\u00eb nga nj\u00eb kryq te fleta e votimit k\u00ebt\u00eb t\u00eb diel\u00eb. Kat\u00ebr prej tyre rr\u00ebfejn\u00eb p\u00ebr DW p\u00ebr motivet dhe sfidat e tyre n\u00eb Gjermani. K\u00ebto dit\u00eb Kastriot Krasniqi e ka kalendarin plot. Paradite n\u00eb pun\u00eb, n\u00eb nj\u00eb kompani\u00a0sigurimesh, pasdite n\u00eb fushat\u00eb. 29-vje\u00e7arit [&hellip;]<\/p>\n","protected":false,"gt_translate_keys":[{"key":"rendered","format":"html"}]},"author":32,"featured_media":474454,"comment_status":"closed","ping_status":"closed","sticky":false,"template":"","format":"standard","meta":{"footnotes":""},"categories":[65,13],"tags":[],"class_list":["post-474453","post","type-post","status-publish","format-standard","has-post-thumbnail","hentry","category-lajme","category-te-fundit"],"gt_translate_keys":[{"key":"link","format":"url"}],"_links":{"self":[{"href":"https:\/\/www.hashtag.al\/index.php\/wp-json\/wp\/v2\/posts\/474453","targetHints":{"allow":["GET"]}}],"collection":[{"href":"https:\/\/www.hashtag.al\/index.php\/wp-json\/wp\/v2\/posts"}],"about":[{"href":"https:\/\/www.hashtag.al\/index.php\/wp-json\/wp\/v2\/types\/post"}],"author":[{"embeddable":true,"href":"https:\/\/www.hashtag.al\/index.php\/wp-json\/wp\/v2\/users\/32"}],"replies":[{"embeddable":true,"href":"https:\/\/www.hashtag.al\/index.php\/wp-json\/wp\/v2\/comments?post=474453"}],"version-history":[{"count":0,"href":"https:\/\/www.hashtag.al\/index.php\/wp-json\/wp\/v2\/posts\/474453\/revisions"}],"wp:featuredmedia":[{"embeddable":true,"href":"https:\/\/www.hashtag.al\/index.php\/wp-json\/wp\/v2\/media\/474454"}],"wp:attachment":[{"href":"https:\/\/www.hashtag.al\/index.php\/wp-json\/wp\/v2\/media?parent=474453"}],"wp:term":[{"taxonomy":"category","embeddable":true,"href":"https:\/\/www.hashtag.al\/index.php\/wp-json\/wp\/v2\/categories?post=474453"},{"taxonomy":"post_tag","embeddable":true,"href":"https:\/\/www.hashtag.al\/index.php\/wp-json\/wp\/v2\/tags?post=474453"}],"curies":[{"name":"wp","href":"https:\/\/api.w.org\/{rel}","templated":true}]}}