{"id":474434,"date":"2021-09-24T19:13:04","date_gmt":"2021-09-24T17:13:04","guid":{"rendered":"https:\/\/www.hashtag.al\/?p=474434"},"modified":"2021-09-24T19:13:04","modified_gmt":"2021-09-24T17:13:04","slug":"marina-vannini-dhe-zamira-durda-guximi-i-nje-nene-qe-nuk-rresht-se-luftuari","status":"publish","type":"post","link":"https:\/\/www.hashtag.al\/index.php\/2021\/09\/24\/marina-vannini-dhe-zamira-durda-guximi-i-nje-nene-qe-nuk-rresht-se-luftuari\/","title":{"rendered":"Marina Vannini dhe Zamira Durda: Guximi i nj\u00eb n\u00ebne q\u00eb nuk rresht s\u00eb luftuari","gt_translate_keys":[{"key":"rendered","format":"text"}]},"content":{"rendered":"<p><span style=\"color: #000000;\"><strong><img loading=\"lazy\" decoding=\"async\" class=\"aligncenter size-full wp-image-474435\" src=\"https:\/\/www.hashtag.al\/wp-content\/uploads\/2021\/09\/ballina.jpg\" alt=\"\" width=\"3920\" height=\"1857\" srcset=\"https:\/\/www.hashtag.al\/wp-content\/uploads\/2021\/09\/ballina.jpg 3920w, https:\/\/www.hashtag.al\/wp-content\/uploads\/2021\/09\/ballina-300x142.jpg 300w, https:\/\/www.hashtag.al\/wp-content\/uploads\/2021\/09\/ballina-768x364.jpg 768w, https:\/\/www.hashtag.al\/wp-content\/uploads\/2021\/09\/ballina-1024x485.jpg 1024w\" sizes=\"auto, (max-width: 3920px) 100vw, 3920px\" \/><\/strong><\/span><\/p>\n<p><span style=\"color: #000000;\"><strong>Nga Mendrit Shehu<\/strong><\/span><\/p>\n<p><span style=\"color: #000000;\">N\u00eb nat\u00ebn midis 17 dhe 18 majit 2015, Marco Vannini vritet nga nj\u00eb e sht\u00ebn\u00eb me arm\u00eb n\u00eb sht\u00ebpin\u00eb e familjes s\u00eb t\u00eb dashur\u00ebs s\u00eb tij.<\/span><\/p>\n<p><span style=\"color: #000000;\">Pas nj\u00eb kalvari prej 300 seancash gjyq\u00ebsore dhe nj\u00eb vendimi penal q\u00eb liroi shumic\u00ebn e t\u00eb akuzuarve si p\u00ebrgjegj\u00ebs p\u00ebr vdekjen e t\u00eb birit, ajo pati ende forc\u00eb p\u00ebr t\u00eb luftuar, megjith\u00ebse shpresa se drejt\u00ebsia do t\u00eb vihej n\u00eb vend i venitej \u00e7do dit\u00eb q\u00eb kalonte.<\/span><\/p>\n<p><span style=\"color: #000000;\">Jav\u00ebt dhe muajt kalonin dhe mes thirrjeve t\u00eb d\u00ebshp\u00ebruara nga Marina Vannini dhe bashk\u00ebshorti i saj Valerio q\u00eb k\u00ebrkonin drejt\u00ebsi p\u00ebr djalin e tyre, mb\u00ebrrijm\u00eb n\u00eb maj 2021. Kan\u00eb kaluar gjasht\u00eb vjet dhe vet\u00ebm tani, fal\u00eb d\u00ebnimit p\u00ebrfundimtar nga ana e Gjykat\u00ebs s\u00eb Lart\u00eb, i riu nj\u00ebzet vje\u00e7ar nga Cerveteri do t\u00eb jet\u00eb n\u00eb gjendje t\u00eb prehet n\u00eb paqe.<\/span><\/p>\n<p><span style=\"color: #000000;\">M\u00eb 14 prill 2018, Antonio Ciontoli d\u00ebnohet me 14 vjet. Gjyqtar\u00ebt kishin v\u00ebrejtur se &#8221; Ciontoli ka shmangur me vet\u00ebdije dhe n\u00eb m\u00ebnyr\u00eb t\u00eb p\u00ebrs\u00ebritur dh\u00ebnien e ndihm\u00ebs s\u00eb shpejt\u00eb, p\u00ebr shkak se plumbi ishte q\u00eblluar nga arma e tij e sh\u00ebrbimit &#8220;. Duke qen\u00eb nj\u00eb marshall i Marin\u00ebs, Apeli vendos q\u00eb d\u00ebnimi t\u00eb ulet n\u00eb 5 vjet.<\/span><\/p>\n<p><span style=\"color: #000000;\">Nj\u00eb vendim q\u00eb nxit zem\u00ebrimin e prind\u00ebrve t\u00eb t\u00eb riut Vannini dhe q\u00eb apelohet nga Kryprokurori i Rom\u00ebs, i cili mb\u00ebshtet n\u00eb vend t\u00eb k\u00ebsaj tez\u00ebn e vrasjes.<\/span><\/p>\n<p><span style=\"color: #000000;\">Midis duartrokitjeve t\u00eb gjata n\u00eb sall\u00ebn e gjyqit dhe g\u00ebzimit p\u00ebr nj\u00eb drejt\u00ebsi q\u00eb u vu n\u00eb vend pas nj\u00eb kohe shum\u00eb t\u00eb gjat\u00eb, Gjykata e Lart\u00eb la n\u00eb fuqi vendimin e shkall\u00ebs s\u00eb par\u00eb, duke konfirmuar d\u00ebnimet p\u00ebr Antonio Ciontoli (ushtarak i lart\u00eb), gruas s\u00eb tij Maria Pezzillo dhe f\u00ebmij\u00ebve Federico dhe Martina.<\/span><\/p>\n<p><span style=\"color: #000000;\">Nj\u00eb \u00e7\u00ebshtje gjyq\u00ebsore komplekse dhe e dhimbshme q\u00eb nuk pati fitues, por vet\u00ebm humb\u00ebs. N\u00eb fund t\u00eb fundit, gjith\u00e7ka q\u00eb Marina k\u00ebrkoi n\u00eb k\u00ebto 6 vjet t\u00eb gjata, ishte vet\u00ebm e v\u00ebrteta dhe drejt\u00ebsia p\u00ebr djalin e saj, jeta e t\u00eb cilit u nd\u00ebrpre n\u00eb mes shum\u00eb shpejt.<\/span><\/p>\n<p><span style=\"color: #000000;\">Nj\u00eb n\u00ebn\u00eb q\u00eb po priste, ashtu si\u00e7 b\u00ebnte gjithmon\u00eb q\u00eb kur Markoja ishte fejuar me Martin\u00ebn, q\u00eb djali i saj t\u00eb kthehej n\u00eb sht\u00ebpi , ta p\u00ebrqafonte dhe puthte. E megjithat\u00eb ai nuk u kthye kurr\u00eb.<\/span><\/p>\n<p><span style=\"color: #000000;\">Kujtimi i fundit nga Marko lidhet me at\u00eb telefonat\u00eb, me at\u00eb k\u00ebrkes\u00eb t\u00eb dhimbshme p\u00ebr ndihm\u00eb. I riu po vdiste dhe asgj\u00eb nuk u b\u00eb p\u00ebr ta shp\u00ebtuar. Marina gjithashtu vdiq me t\u00eb, ose t\u00eb pakt\u00ebn pjesa m\u00eb e madhe e zemr\u00ebs s\u00eb daj.<\/span><\/p>\n<p><span style=\"color: #000000;\">Ishte nj\u00eb udh\u00ebtim shum\u00eb i gjat\u00eb dhe i dhimbsh\u00ebm q\u00eb vet\u00ebm sa shtonte dhimbjen p\u00ebr nj\u00eb humbje kaq t\u00eb r\u00ebnd\u00ebsishme n\u00eb jet\u00ebn e nj\u00eb gruaje. Dhe n\u00eb k\u00ebto vite q\u00eb kan\u00eb kaluar q\u00eb nga tragjedia, e cila preku familjen, por edhe gjith\u00eb Italin\u00eb, N\u00ebn\u00eb Marina nuk foli kurr\u00eb p\u00ebr hakmarrje, por vet\u00ebm p\u00ebr drejt\u00ebsi .<\/span><\/p>\n<p><span style=\"color: #000000;\">N\u00eb Shqip\u00ebri, Zamira Durda \u00ebsht\u00eb nj\u00eb grua q\u00eb ka humbur shum\u00eb beteja n\u00eb 13 vitet e fundit, q\u00eb kur shp\u00ebrthimi i depos s\u00eb demontimit t\u00eb municioneve n\u00eb fshatin G\u00ebrdec i mori jet\u00ebn djalit t\u00eb saj 6-vje\u00e7ar. Zamira vijon nj\u00eb betej\u00eb n\u00eb t\u00eb cil\u00ebn ka fare pak aleat\u00eb. T\u00eb tjer\u00ebt ndoshta duan t\u00eb harrojn\u00eb.<\/span><\/p>\n<p><span style=\"color: #000000;\">&#8221; K\u00ebrkimi i drejt\u00ebsis\u00eb p\u00ebr tim bir \u00ebsht\u00eb motivi i jet\u00ebs sime, arsyeja p\u00ebrse jetoj. Kur kalojn\u00eb f\u00ebmij\u00eb me bi\u00e7iklet\u00eb m\u00eb duket sikur vjen, sikur \u00ebsht\u00eb ai dhe dua t\u00eb th\u00ebrras. Un\u00eb do t\u00eb jem n\u00eb t\u00eb gjitha seancat n\u00ebse SPAK do e hap\u00eb. Shpresoj t\u00eb hapet dosja G\u00ebrdeci n\u00eb t\u00ebr\u00ebsi dhe t\u00eb hetohet dhe p\u00ebr korrupsion sepse nuk \u00ebsht\u00eb hetuar p\u00ebr korrupsion. Duhet t\u00eb shikohet n\u00eb t\u00ebr\u00ebsi kjo dosje sepse ka shum\u00eb prova brenda\u201d, deklaronte Durda.<\/span><\/p>\n<p><span style=\"color: #000000;\">13 vjet nga tragjedia e G\u00ebrdecit, Gjykata e posa\u00e7me e Apelit urdh\u00ebroi hapjen e dosjes ndaj ish- ministrit t\u00eb Mbrojtjes Fatmir Mediu, emri i t\u00eb cilit lidhet me shp\u00ebrthimin tragjik t\u00eb<\/span><\/p>\n<p><span style=\"color: #000000;\">G\u00ebrdecit, por q\u00eb p\u00ebr shkaqe proceduriale t\u00eb imunitetit ai shp\u00ebtoi pa u gjykuar prej vitit 2009.<\/span><\/p>\n<p><span style=\"color: #000000;\">2 histori t\u00eb ndryshme, por me nj\u00eb t\u00eb p\u00ebrbashk\u00ebt: Drejt\u00ebsia e munguar.<\/span><\/p>\n<p>&nbsp;<\/p>\n","protected":false,"gt_translate_keys":[{"key":"rendered","format":"html"}]},"excerpt":{"rendered":"<p>Nga Mendrit Shehu N\u00eb nat\u00ebn midis 17 dhe 18 majit 2015, Marco Vannini vritet nga nj\u00eb e sht\u00ebn\u00eb me arm\u00eb n\u00eb sht\u00ebpin\u00eb e familjes s\u00eb t\u00eb dashur\u00ebs s\u00eb tij. Pas nj\u00eb kalvari prej 300 seancash gjyq\u00ebsore dhe nj\u00eb vendimi penal q\u00eb liroi shumic\u00ebn e t\u00eb akuzuarve si p\u00ebrgjegj\u00ebs p\u00ebr vdekjen e t\u00eb birit, ajo pati [&hellip;]<\/p>\n","protected":false,"gt_translate_keys":[{"key":"rendered","format":"html"}]},"author":32,"featured_media":474435,"comment_status":"closed","ping_status":"closed","sticky":false,"template":"","format":"standard","meta":{"footnotes":""},"categories":[20,13],"tags":[],"class_list":["post-474434","post","type-post","status-publish","format-standard","has-post-thumbnail","hentry","category-blog","category-te-fundit"],"gt_translate_keys":[{"key":"link","format":"url"}],"_links":{"self":[{"href":"https:\/\/www.hashtag.al\/index.php\/wp-json\/wp\/v2\/posts\/474434","targetHints":{"allow":["GET"]}}],"collection":[{"href":"https:\/\/www.hashtag.al\/index.php\/wp-json\/wp\/v2\/posts"}],"about":[{"href":"https:\/\/www.hashtag.al\/index.php\/wp-json\/wp\/v2\/types\/post"}],"author":[{"embeddable":true,"href":"https:\/\/www.hashtag.al\/index.php\/wp-json\/wp\/v2\/users\/32"}],"replies":[{"embeddable":true,"href":"https:\/\/www.hashtag.al\/index.php\/wp-json\/wp\/v2\/comments?post=474434"}],"version-history":[{"count":0,"href":"https:\/\/www.hashtag.al\/index.php\/wp-json\/wp\/v2\/posts\/474434\/revisions"}],"wp:featuredmedia":[{"embeddable":true,"href":"https:\/\/www.hashtag.al\/index.php\/wp-json\/wp\/v2\/media\/474435"}],"wp:attachment":[{"href":"https:\/\/www.hashtag.al\/index.php\/wp-json\/wp\/v2\/media?parent=474434"}],"wp:term":[{"taxonomy":"category","embeddable":true,"href":"https:\/\/www.hashtag.al\/index.php\/wp-json\/wp\/v2\/categories?post=474434"},{"taxonomy":"post_tag","embeddable":true,"href":"https:\/\/www.hashtag.al\/index.php\/wp-json\/wp\/v2\/tags?post=474434"}],"curies":[{"name":"wp","href":"https:\/\/api.w.org\/{rel}","templated":true}]}}