{"id":474272,"date":"2021-09-23T21:55:50","date_gmt":"2021-09-23T19:55:50","guid":{"rendered":"https:\/\/www.hashtag.al\/?p=474272"},"modified":"2021-09-23T21:55:50","modified_gmt":"2021-09-23T19:55:50","slug":"marku-perplaset-me-shehajn-nje-matrapaz-nuk-duhet-te-behet-kryetar-partie","status":"publish","type":"post","link":"https:\/\/www.hashtag.al\/index.php\/2021\/09\/23\/marku-perplaset-me-shehajn-nje-matrapaz-nuk-duhet-te-behet-kryetar-partie\/","title":{"rendered":"Marku p\u00ebrplaset me Shehajn: Nj\u00eb matrapaz nuk duhet t\u00eb b\u00ebhet kryetar partie","gt_translate_keys":[{"key":"rendered","format":"text"}]},"content":{"rendered":"<p><span style=\"color: #000000;\"><img loading=\"lazy\" decoding=\"async\" class=\"aligncenter size-full wp-image-474275\" src=\"https:\/\/www.hashtag.al\/wp-content\/uploads\/2021\/09\/debati-marku-shehaj.png\" alt=\"\" width=\"770\" height=\"433\" srcset=\"https:\/\/www.hashtag.al\/wp-content\/uploads\/2021\/09\/debati-marku-shehaj.png 770w, https:\/\/www.hashtag.al\/wp-content\/uploads\/2021\/09\/debati-marku-shehaj-300x169.png 300w, https:\/\/www.hashtag.al\/wp-content\/uploads\/2021\/09\/debati-marku-shehaj-768x432.png 768w\" sizes=\"auto, (max-width: 770px) 100vw, 770px\" \/><\/span><\/p>\n<p><span style=\"color: #000000;\">Nj\u00eb debat ka ndodhur mes Mark Markut dhe deputetit Agron Shehaj n\u00eb emisionin \u201cOpinion\u201d teksa flitej p\u00ebr situat\u00ebn brenda PD-s\u00eb.<\/span><\/p>\n<p><span style=\"color: #000000;\">Marku i tha Shehajt se nj\u00eb matrapaz nuk duhet t\u00eb b\u00ebhet kryetar partie.<\/span><\/p>\n<p><span style=\"color: #000000;\">Kjo deklarat\u00eb e tij ka irrituar Shehaj i cili e mori personale pasi kandidoi p\u00ebr PD-n\u00eb dhe vjen nga bota e biznesit.<\/span><\/p>\n<p><span style=\"color: #000000;\">P\u00ebr k\u00ebt\u00eb Shehaj iu kthye dhe i tha q\u00eb ka mendim komunist.<\/span><\/p>\n<p><span style=\"color: #000000;\">M\u00eb tej Mark Marku insistonte se biznesmeni nuk duhet t\u00eb merret me politik\u00eb.<\/span><\/p>\n<p><span style=\"color: #000000;\"><strong>Debati:<\/strong><\/span><\/p>\n<p><span style=\"color: #000000;\"><strong>Shehaj:<\/strong> Un\u00eb mendoj se Berisha nuk do t\u00eb t\u00ebrhiqet do vazhdoj\u00eb n\u00eb rrug\u00ebtimin q\u00eb ka vazhduar, Basha nuk besoj se do t\u00eb t\u00ebrhiqet. Kur d\u00ebgjoj se nuk do mblidhet asnj\u00eb forum. Do p\u00ebrfundoj\u00eb q\u00eb secili do e interpretoj\u00eb n\u00eb interesin e vet, nuk do mendoj\u00eb njeri p\u00ebr PD dhe Shqip\u00ebrin\u00eb. Un\u00eb habitem q\u00eb vihet n\u00eb dyshim mbledhja e Kuvendit, minimalisht t\u00eb thoshin q\u00eb Berisha do i mbledhi firmat, pasi me sa kemi par\u00eb \u00ebsht\u00eb marr\u00ebzi t\u00eb thuash se nuk ka p\u00ebr ti mbledhur, po t\u00eb thoshin q\u00eb firmat jan\u00eb flas t\u00eb gjenin nj\u00eb kle\u00e7k\u00eb.<\/span><\/p>\n<p><span style=\"color: #000000;\"><strong>Marku:<\/strong> Un\u00eb ishe p\u00ebr nj\u00eb Kuvend Komb\u00ebtar p\u00ebr ndryshimin e PD. Tani t\u00eb mbash nj\u00eb Kuvend Komb\u00ebtar p\u00ebr shkak se Berisha ka nj\u00eb problem t\u00eb vetin persona, m\u00eb vjen keq. Ti s\u2019guxove t\u00eb ishe kund\u00ebrshatr i Bash\u00ebs, nuk mbajte nj\u00eb fjalim.<\/span><\/p>\n<p><span style=\"color: #000000;\"><strong>Shehaj:<\/strong> Kur un\u00eb kund\u00ebrshtoja Bash\u00ebn ti b\u00ebje fushat\u00eb.<\/span><\/p>\n<p><span style=\"color: #000000;\"><strong>Marku:<\/strong> Un\u00eb isha p\u00ebr ndryshim p\u00ebr mir\u00eb jo p\u00ebr keq, q\u00eb t\u00eb shkonte nga Basha tek ti. Un\u00eb mendoj q\u00eb nj\u00eb matrapaz nuk mund t\u00eb b\u00ebhet kryetar.<\/span><\/p>\n<p><span style=\"color: #000000;\"><strong>Shehaj:<\/strong> Je mir\u00eb nga m\u00ebndja ti.<\/span><\/p>\n<p><span style=\"color: #000000;\"><strong>Marku:<\/strong> Ti je standard i ul\u00ebt krahasuar me Bash\u00ebn<\/span><\/p>\n<p><span style=\"color: #000000;\"><strong>Shehaj:<\/strong> Standard i ul\u00ebt je ti q\u00eb le mandatin se nuk ta mbajti.<\/span><\/p>\n","protected":false,"gt_translate_keys":[{"key":"rendered","format":"html"}]},"excerpt":{"rendered":"<p>Nj\u00eb debat ka ndodhur mes Mark Markut dhe deputetit Agron Shehaj n\u00eb emisionin \u201cOpinion\u201d teksa flitej p\u00ebr situat\u00ebn brenda PD-s\u00eb. Marku i tha Shehajt se nj\u00eb matrapaz nuk duhet t\u00eb b\u00ebhet kryetar partie. Kjo deklarat\u00eb e tij ka irrituar Shehaj i cili e mori personale pasi kandidoi p\u00ebr PD-n\u00eb dhe vjen nga bota e biznesit. [&hellip;]<\/p>\n","protected":false,"gt_translate_keys":[{"key":"rendered","format":"html"}]},"author":32,"featured_media":474275,"comment_status":"closed","ping_status":"closed","sticky":false,"template":"","format":"standard","meta":{"footnotes":""},"categories":[65,13],"tags":[],"class_list":["post-474272","post","type-post","status-publish","format-standard","has-post-thumbnail","hentry","category-lajme","category-te-fundit"],"gt_translate_keys":[{"key":"link","format":"url"}],"_links":{"self":[{"href":"https:\/\/www.hashtag.al\/index.php\/wp-json\/wp\/v2\/posts\/474272","targetHints":{"allow":["GET"]}}],"collection":[{"href":"https:\/\/www.hashtag.al\/index.php\/wp-json\/wp\/v2\/posts"}],"about":[{"href":"https:\/\/www.hashtag.al\/index.php\/wp-json\/wp\/v2\/types\/post"}],"author":[{"embeddable":true,"href":"https:\/\/www.hashtag.al\/index.php\/wp-json\/wp\/v2\/users\/32"}],"replies":[{"embeddable":true,"href":"https:\/\/www.hashtag.al\/index.php\/wp-json\/wp\/v2\/comments?post=474272"}],"version-history":[{"count":0,"href":"https:\/\/www.hashtag.al\/index.php\/wp-json\/wp\/v2\/posts\/474272\/revisions"}],"wp:featuredmedia":[{"embeddable":true,"href":"https:\/\/www.hashtag.al\/index.php\/wp-json\/wp\/v2\/media\/474275"}],"wp:attachment":[{"href":"https:\/\/www.hashtag.al\/index.php\/wp-json\/wp\/v2\/media?parent=474272"}],"wp:term":[{"taxonomy":"category","embeddable":true,"href":"https:\/\/www.hashtag.al\/index.php\/wp-json\/wp\/v2\/categories?post=474272"},{"taxonomy":"post_tag","embeddable":true,"href":"https:\/\/www.hashtag.al\/index.php\/wp-json\/wp\/v2\/tags?post=474272"}],"curies":[{"name":"wp","href":"https:\/\/api.w.org\/{rel}","templated":true}]}}