{"id":474104,"date":"2021-09-22T22:44:59","date_gmt":"2021-09-22T20:44:59","guid":{"rendered":"https:\/\/www.hashtag.al\/?p=474104"},"modified":"2021-09-22T22:44:59","modified_gmt":"2021-09-22T20:44:59","slug":"milan-fiton-kunder-venecias-dhe-mban-ritmin-ne-krye-ne-seria-a","status":"publish","type":"post","link":"https:\/\/www.hashtag.al\/index.php\/2021\/09\/22\/milan-fiton-kunder-venecias-dhe-mban-ritmin-ne-krye-ne-seria-a\/","title":{"rendered":"Milan fiton kund\u00ebr Venecias dhe mban ritmin ne krye n\u00eb Seria A","gt_translate_keys":[{"key":"rendered","format":"text"}]},"content":{"rendered":"<p><span style=\"color: #000000;\"><img loading=\"lazy\" decoding=\"async\" class=\"aligncenter size-full wp-image-474105\" src=\"https:\/\/www.hashtag.al\/wp-content\/uploads\/2021\/09\/milan.jpg\" alt=\"\" width=\"740\" height=\"416\" srcset=\"https:\/\/www.hashtag.al\/wp-content\/uploads\/2021\/09\/milan.jpg 740w, https:\/\/www.hashtag.al\/wp-content\/uploads\/2021\/09\/milan-300x169.jpg 300w\" sizes=\"auto, (max-width: 740px) 100vw, 740px\" \/><\/span><\/p>\n<p><span style=\"color: #000000;\">Milani ka arritur t\u00eb fitoj\u00eb me rezultatin 2-0 ndaj Venecias n\u00eb jav\u00ebn e 5 t\u00eb Seria A.<\/span><\/p>\n<p><span style=\"color: #000000;\">Me k\u00ebt\u00eb fitore kuq e zinjt\u00eb mbajn\u00eb ritmin e skuadrave t\u00eb kreut.<\/span><\/p>\n<p><span style=\"color: #000000;\">Pjesa e par\u00eb p\u00ebrfundoi n\u00eb barazi pa gola.<\/span><\/p>\n<p><span style=\"color: #000000;\">N\u00eb pjes\u00ebn e dyt\u00eb Diaz hapi sfid\u00ebn n\u00eb minut\u00ebn e 68\u2019 dhe Hernandez n\u00eb minut\u00ebn e 82\u2019 dyfishoi shifrat.<\/span><\/p>\n<p><span style=\"color: #000000;\">Me k\u00ebt\u00eb fitore Milani q\u00ebndron n\u00eb vendin e dyt\u00eb me pik\u00eb t\u00eb barabarta me Interin.<\/span><\/p>\n","protected":false,"gt_translate_keys":[{"key":"rendered","format":"html"}]},"excerpt":{"rendered":"<p>Milani ka arritur t\u00eb fitoj\u00eb me rezultatin 2-0 ndaj Venecias n\u00eb jav\u00ebn e 5 t\u00eb Seria A. Me k\u00ebt\u00eb fitore kuq e zinjt\u00eb mbajn\u00eb ritmin e skuadrave t\u00eb kreut. Pjesa e par\u00eb p\u00ebrfundoi n\u00eb barazi pa gola. N\u00eb pjes\u00ebn e dyt\u00eb Diaz hapi sfid\u00ebn n\u00eb minut\u00ebn e 68\u2019 dhe Hernandez n\u00eb minut\u00ebn e 82\u2019 dyfishoi [&hellip;]<\/p>\n","protected":false,"gt_translate_keys":[{"key":"rendered","format":"html"}]},"author":32,"featured_media":474105,"comment_status":"closed","ping_status":"closed","sticky":false,"template":"","format":"standard","meta":{"footnotes":""},"categories":[134,13],"tags":[],"class_list":["post-474104","post","type-post","status-publish","format-standard","has-post-thumbnail","hentry","category-sport","category-te-fundit"],"gt_translate_keys":[{"key":"link","format":"url"}],"_links":{"self":[{"href":"https:\/\/www.hashtag.al\/index.php\/wp-json\/wp\/v2\/posts\/474104","targetHints":{"allow":["GET"]}}],"collection":[{"href":"https:\/\/www.hashtag.al\/index.php\/wp-json\/wp\/v2\/posts"}],"about":[{"href":"https:\/\/www.hashtag.al\/index.php\/wp-json\/wp\/v2\/types\/post"}],"author":[{"embeddable":true,"href":"https:\/\/www.hashtag.al\/index.php\/wp-json\/wp\/v2\/users\/32"}],"replies":[{"embeddable":true,"href":"https:\/\/www.hashtag.al\/index.php\/wp-json\/wp\/v2\/comments?post=474104"}],"version-history":[{"count":0,"href":"https:\/\/www.hashtag.al\/index.php\/wp-json\/wp\/v2\/posts\/474104\/revisions"}],"wp:featuredmedia":[{"embeddable":true,"href":"https:\/\/www.hashtag.al\/index.php\/wp-json\/wp\/v2\/media\/474105"}],"wp:attachment":[{"href":"https:\/\/www.hashtag.al\/index.php\/wp-json\/wp\/v2\/media?parent=474104"}],"wp:term":[{"taxonomy":"category","embeddable":true,"href":"https:\/\/www.hashtag.al\/index.php\/wp-json\/wp\/v2\/categories?post=474104"},{"taxonomy":"post_tag","embeddable":true,"href":"https:\/\/www.hashtag.al\/index.php\/wp-json\/wp\/v2\/tags?post=474104"}],"curies":[{"name":"wp","href":"https:\/\/api.w.org\/{rel}","templated":true}]}}