{"id":474068,"date":"2021-09-23T07:15:57","date_gmt":"2021-09-23T05:15:57","guid":{"rendered":"https:\/\/www.hashtag.al\/?p=474068"},"modified":"2021-09-22T20:22:30","modified_gmt":"2021-09-22T18:22:30","slug":"kryeministri-i-sudanit-qe-erdhi-ne-pushtet-pas-nje-grushti-ushtarak-i-shpeton-grushtit-ushtarak-video","status":"publish","type":"post","link":"https:\/\/www.hashtag.al\/index.php\/2021\/09\/23\/kryeministri-i-sudanit-qe-erdhi-ne-pushtet-pas-nje-grushti-ushtarak-i-shpeton-grushtit-ushtarak-video\/","title":{"rendered":"Kryeministri i Sudanit q\u00eb erdhi n\u00eb pushtet pas nj\u00eb grushti ushtarak, i shp\u00ebton grushtit ushtarak\u00a0 (Video)","gt_translate_keys":[{"key":"rendered","format":"text"}]},"content":{"rendered":"<p><span style=\"color: #000000;\"><img loading=\"lazy\" decoding=\"async\" class=\"aligncenter size-full wp-image-474069\" src=\"https:\/\/www.hashtag.al\/wp-content\/uploads\/2021\/09\/sudangrusht.png\" alt=\"\" width=\"980\" height=\"551\" srcset=\"https:\/\/www.hashtag.al\/wp-content\/uploads\/2021\/09\/sudangrusht.png 980w, https:\/\/www.hashtag.al\/wp-content\/uploads\/2021\/09\/sudangrusht-300x169.png 300w, https:\/\/www.hashtag.al\/wp-content\/uploads\/2021\/09\/sudangrusht-768x432.png 768w\" sizes=\"auto, (max-width: 980px) 100vw, 980px\" \/><\/span><\/p>\n<p><span style=\"color: #000000;\">Qeveria sudaneze tha se ka penguar nj\u00eb p\u00ebrpjekje p\u00ebr grusht shteti ushtarak. Nj\u00eb grup oficer\u00ebsh thuhet se u p\u00ebrpoq\u00ebn t\u00eb kapnin nj\u00eb seli t\u00eb ushtris\u00eb dhe nj\u00eb nd\u00ebrtes\u00eb t\u00eb radios shtet\u00ebrore pran\u00eb kryeqytetit t\u00eb vendit.<\/span><\/p>\n<p><span style=\"color: #000000;\">Raportet than\u00eb se grushti i d\u00ebshtuar i shtetit p\u00ebrfshinte nj\u00eb p\u00ebrpjekje p\u00ebr t\u00eb marr\u00eb kontrollin e nd\u00ebrtes\u00ebs s\u00eb radios shtet\u00ebrore n\u00eb Omdurman, p\u00ebrtej lumit Nil nga kryeqyteti i Sudanit, Khartoum. Reuters citoi nj\u00eb d\u00ebshmitar q\u00eb tha se tanket u p\u00ebrdor\u00ebn p\u00ebr t\u00eb mbyllur nj\u00eb ur\u00eb q\u00eb lidh Khartoum me Omdurman her\u00ebt n\u00eb m\u00ebngjes t\u00eb mart\u00ebn.<\/span><\/p>\n<p><span style=\"color: #000000;\">Mediat lokale postuan nj\u00eb video t\u00eb asaj q\u00eb thuhej se ishin tanke dhe ushtar\u00eb me uniform\u00eb n\u00eb rrug\u00ebt e Omdurman.<\/span><\/p>\n<p><span style=\"color: #000000;\">Al Arabiya citoi burime duke th\u00ebn\u00eb se m\u00eb shum\u00eb se 20 oficer\u00eb rebel\u00eb kap\u00ebn selin\u00eb e trupave t\u00eb blinduara t\u00eb ushtris\u00eb sudaneze, por u arrestuan m\u00eb von\u00eb, nd\u00ebrsa selia ishte e rrethuar. Kanali televiziv shtoi se udh\u00ebheq\u00ebsit e grushtit t\u00eb shtetit donin t\u00eb arrestonin an\u00ebtar\u00ebt e K\u00ebshillit t\u00eb Sovranitetit dhe K\u00ebshillit Ushtarak t\u00eb vendit.<\/span><\/p>\n<p><span style=\"color: #000000;\">Mediat vendase than\u00eb se 40 oficer\u00eb t\u00eb gradave t\u00eb ndryshme, p\u00ebrfshir\u00eb kreun e grushtit t\u00eb shtetit, u arrestuan.<\/span><\/p>\n<p><span style=\"color: #000000;\">Qeveria aktuale e Sudanit u formua n\u00eb vitin 2019 si nj\u00eb autoritet kalimtar pasi presidenti i vendit p\u00ebr gati tre dekada, Omar al-Bashir, u p\u00ebrmbys n\u00eb nj\u00eb grusht shteti ushtarak.<\/span><\/p>\n<div style=\"width: 240px;\" class=\"wp-video\"><video class=\"wp-video-shortcode\" id=\"video-474068-1\" width=\"240\" height=\"426\" preload=\"metadata\" controls=\"controls\"><source type=\"video\/mp4\" src=\"https:\/\/www.hashtag.al\/wp-content\/uploads\/2021\/09\/sudan.mp4?_=1\" \/><a href=\"https:\/\/www.hashtag.al\/wp-content\/uploads\/2021\/09\/sudan.mp4\">https:\/\/www.hashtag.al\/wp-content\/uploads\/2021\/09\/sudan.mp4<\/a><\/video><\/div>\n","protected":false,"gt_translate_keys":[{"key":"rendered","format":"html"}]},"excerpt":{"rendered":"<p>Qeveria sudaneze tha se ka penguar nj\u00eb p\u00ebrpjekje p\u00ebr grusht shteti ushtarak. Nj\u00eb grup oficer\u00ebsh thuhet se u p\u00ebrpoq\u00ebn t\u00eb kapnin nj\u00eb seli t\u00eb ushtris\u00eb dhe nj\u00eb nd\u00ebrtes\u00eb t\u00eb radios shtet\u00ebrore pran\u00eb kryeqytetit t\u00eb vendit. Raportet than\u00eb se grushti i d\u00ebshtuar i shtetit p\u00ebrfshinte nj\u00eb p\u00ebrpjekje p\u00ebr t\u00eb marr\u00eb kontrollin e nd\u00ebrtes\u00ebs s\u00eb radios shtet\u00ebrore [&hellip;]<\/p>\n","protected":false,"gt_translate_keys":[{"key":"rendered","format":"html"}]},"author":51,"featured_media":474069,"comment_status":"closed","ping_status":"closed","sticky":false,"template":"","format":"standard","meta":{"footnotes":""},"categories":[6],"tags":[],"class_list":["post-474068","post","type-post","status-publish","format-standard","has-post-thumbnail","hentry","category-nderkombetare"],"gt_translate_keys":[{"key":"link","format":"url"}],"_links":{"self":[{"href":"https:\/\/www.hashtag.al\/index.php\/wp-json\/wp\/v2\/posts\/474068","targetHints":{"allow":["GET"]}}],"collection":[{"href":"https:\/\/www.hashtag.al\/index.php\/wp-json\/wp\/v2\/posts"}],"about":[{"href":"https:\/\/www.hashtag.al\/index.php\/wp-json\/wp\/v2\/types\/post"}],"author":[{"embeddable":true,"href":"https:\/\/www.hashtag.al\/index.php\/wp-json\/wp\/v2\/users\/51"}],"replies":[{"embeddable":true,"href":"https:\/\/www.hashtag.al\/index.php\/wp-json\/wp\/v2\/comments?post=474068"}],"version-history":[{"count":0,"href":"https:\/\/www.hashtag.al\/index.php\/wp-json\/wp\/v2\/posts\/474068\/revisions"}],"wp:featuredmedia":[{"embeddable":true,"href":"https:\/\/www.hashtag.al\/index.php\/wp-json\/wp\/v2\/media\/474069"}],"wp:attachment":[{"href":"https:\/\/www.hashtag.al\/index.php\/wp-json\/wp\/v2\/media?parent=474068"}],"wp:term":[{"taxonomy":"category","embeddable":true,"href":"https:\/\/www.hashtag.al\/index.php\/wp-json\/wp\/v2\/categories?post=474068"},{"taxonomy":"post_tag","embeddable":true,"href":"https:\/\/www.hashtag.al\/index.php\/wp-json\/wp\/v2\/tags?post=474068"}],"curies":[{"name":"wp","href":"https:\/\/api.w.org\/{rel}","templated":true}]}}